{"id":42507,"date":"2021-12-27T15:59:13","date_gmt":"2021-12-27T21:20:22","guid":{"rendered":"http:\/\/www.centraldenoticias.com.ar\/?p=42507"},"modified":"2025-02-02T01:51:29","modified_gmt":"2025-02-02T04:51:29","slug":"colecta-de-sangre-para-un-futbolista-accidentado","status":"publish","type":"post","link":"https:\/\/cdnoticias.com\/index.php\/2021\/12\/27\/colecta-de-sangre-para-un-futbolista-accidentado\/","title":{"rendered":"Colecta de sangre para un futbolista accidentado"},"content":{"rendered":"<p class=\"titulonota\">El pasado fin de semana, Bernardo Bevilacqua sufri\u00f3 un accidente vial y este lunes, las redes sociales amanecieron con una solicitada para donar sangre para el futbolista.<!--more--><\/p>\n<hr \/>\n<p class=\"titulonota\">El deportista del Club Embajadores sufri\u00f3 un accidente con su moto el pasado jueves y luego de ser intervenido en el Hospital Municipal \u201cH\u00e9ctor Cura\u201d, desde la entidad organizaron una colecta de sangre.<\/p>\n<p>&nbsp;<\/p>\n<p class=\"titulonota\">\u201cEl Trapo\u201d circulaba en su motocicleta por el barrio Pueblo Nuevo cuando impact\u00f3 con un veh\u00edculo y necesit\u00f3 de una ambulancia para su traslado y en el centro asistencial se constat\u00f3 la fractura de tibia y peron\u00e9 que necesit\u00f3 de su intervenci\u00f3n quir\u00fargica.<\/p>\n<p>&nbsp;<\/p>\n<p><img data-recalc-dims=\"1\" loading=\"lazy\" decoding=\"async\" class=\"aligncenter size-full wp-image-10021\" src=\"https:\/\/i0.wp.com\/centraldeportes.com.ar\/wp-content\/uploads\/2021\/12\/269600828_2406978019435505_983921707017320363_n.png?resize=800%2C800\" alt=\"\" width=\"800\" height=\"800\" \/><\/p>\n<p>&nbsp;<\/p>\n<p class=\"titulonota\">Este lunes, desde la entidad que participa del Torneo Regional Amateur invitaron a la comunidad a acercarse a colaborar donando sangre 0+ al sector de hemoterapia del Hospital Municipal.<\/p>\n","protected":false},"excerpt":{"rendered":"<p>El pasado fin de semana, Bernardo Bevilacqua sufri\u00f3 un accidente vial y este lunes, las redes sociales amanecieron con una<\/p>\n","protected":false},"author":96739694,"featured_media":145804,"comment_status":"closed","ping_status":"closed","sticky":false,"template":"","format":"standard","meta":{"_jetpack_memberships_contains_paid_content":false,"footnotes":""},"categories":[35,1,54],"tags":[],"class_list":["post-42507","post","type-post","status-publish","format-standard","has-post-thumbnail","hentry","category-futbol","category-portada","category-torneo-regional-amateur"],"jetpack_featured_media_url":"https:\/\/i0.wp.com\/cdnoticias.com\/wp-content\/uploads\/2021\/08\/ceocampeon-4.png?fit=1280%2C853&ssl=1","jetpack_sharing_enabled":true,"_links":{"self":[{"href":"https:\/\/cdnoticias.com\/index.php\/wp-json\/wp\/v2\/posts\/42507","targetHints":{"allow":["GET"]}}],"collection":[{"href":"https:\/\/cdnoticias.com\/index.php\/wp-json\/wp\/v2\/posts"}],"about":[{"href":"https:\/\/cdnoticias.com\/index.php\/wp-json\/wp\/v2\/types\/post"}],"author":[{"embeddable":true,"href":"https:\/\/cdnoticias.com\/index.php\/wp-json\/wp\/v2\/users\/96739694"}],"replies":[{"embeddable":true,"href":"https:\/\/cdnoticias.com\/index.php\/wp-json\/wp\/v2\/comments?post=42507"}],"version-history":[{"count":0,"href":"https:\/\/cdnoticias.com\/index.php\/wp-json\/wp\/v2\/posts\/42507\/revisions"}],"wp:featuredmedia":[{"embeddable":true,"href":"https:\/\/cdnoticias.com\/index.php\/wp-json\/wp\/v2\/media\/145804"}],"wp:attachment":[{"href":"https:\/\/cdnoticias.com\/index.php\/wp-json\/wp\/v2\/media?parent=42507"}],"wp:term":[{"taxonomy":"category","embeddable":true,"href":"https:\/\/cdnoticias.com\/index.php\/wp-json\/wp\/v2\/categories?post=42507"},{"taxonomy":"post_tag","embeddable":true,"href":"https:\/\/cdnoticias.com\/index.php\/wp-json\/wp\/v2\/tags?post=42507"}],"curies":[{"name":"wp","href":"https:\/\/api.w.org\/{rel}","templated":true}]}}