{"id":42505,"date":"2021-12-27T15:52:05","date_gmt":"2021-12-27T18:52:05","guid":{"rendered":"http:\/\/www.centraldenoticias.com.ar\/?p=42505"},"modified":"2021-12-27T17:42:08","modified_gmt":"2021-12-27T20:42:08","slug":"este-martes-el-hcd-discutira-en-sesion-la-venta-de-una-calle-a-cementos-avellaneda","status":"publish","type":"post","link":"https:\/\/cdnoticias.com\/index.php\/2021\/12\/27\/este-martes-el-hcd-discutira-en-sesion-la-venta-de-una-calle-a-cementos-avellaneda\/","title":{"rendered":"Este martes el HCD discutir\u00e1 en sesi\u00f3n la venta de una calle a Cementos Avellaneda"},"content":{"rendered":"<p>Se confirm\u00f3 la realizaci\u00f3n de una sesi\u00f3n extraordinaria que se iniciar\u00e1 en horas de la ma\u00f1ana.<!--more--><\/p>\n<hr \/>\n<p>En las \u00faltimas horas se confirm\u00f3 que <strong>este martes se llevar\u00e1 a cabo una sesi\u00f3n extraordinaria del Concejo Deliberante<\/strong>, en la cual se tratar\u00e1 el <a href=\"https:\/\/cdnoticias.com\/index.php\/2021\/10\/25\/cambio-de-traza-para-beneficiar-la-mineria-y-el-turismo-en-sierras-bayas\/\" target=\"_blank\" rel=\"noopener\">expediente 380\/21<\/a>, caratulado como \u201cDesafectaci\u00f3n de fracciones, de inmuebles del dominio p\u00fablico municipal y afectaci\u00f3n al dominio privado a favor de la firma Cementos Avellaneda S.A\u201d.<\/p>\n<p>&nbsp;<\/p>\n<p>Ese proyecto fue objeto de an\u00e1lisis y discusi\u00f3n en la jornada de este lunes, en la que se llev\u00f3<a href=\"https:\/\/cdnoticias.com\/index.php\/2021\/12\/27\/hcd-analizan-el-proyecto-de-venta-de-una-calle-a-cementos-avellaneda\/\" target=\"_blank\" rel=\"noopener\"> una reuni\u00f3n de la comisi\u00f3n de labor parlamentaria<\/a> en la que tomaron parte referentes de los distintos espacios y bloques locales. Fue as\u00ed que pudo verse, adem\u00e1s de la presidenta del cuerpo <strong>Cecilia Krivochen, participaron Mercedes Land\u00edvar (Frente de Todos); Mart\u00edn Endere (Juntos); Celeste Arouxet (Ahora Olavarr\u00eda) y Sebasti\u00e1n Matrella (Juntos-UCR). A estos se sum\u00f3 la Secretaria del HCD, Margarita Arregui.<\/strong><\/p>\n<p>&nbsp;<\/p>\n<p><img data-recalc-dims=\"1\" loading=\"lazy\" decoding=\"async\" class=\"alignnone size-large wp-image-42453\" src=\"https:\/\/i0.wp.com\/cdnoticias.com\/wp-content\/uploads\/2021\/12\/WhatsApp-Image-2021-12-27-at-10.36.30.jpeg?resize=800%2C534&#038;ssl=1\" alt=\"\" width=\"800\" height=\"534\" srcset=\"https:\/\/i0.wp.com\/cdnoticias.com\/wp-content\/uploads\/2021\/12\/WhatsApp-Image-2021-12-27-at-10.36.30.jpeg?resize=1024%2C684&amp;ssl=1 1024w, https:\/\/i0.wp.com\/cdnoticias.com\/wp-content\/uploads\/2021\/12\/WhatsApp-Image-2021-12-27-at-10.36.30.jpeg?resize=300%2C200&amp;ssl=1 300w, https:\/\/i0.wp.com\/cdnoticias.com\/wp-content\/uploads\/2021\/12\/WhatsApp-Image-2021-12-27-at-10.36.30.jpeg?resize=768%2C513&amp;ssl=1 768w, https:\/\/i0.wp.com\/cdnoticias.com\/wp-content\/uploads\/2021\/12\/WhatsApp-Image-2021-12-27-at-10.36.30.jpeg?resize=272%2C182&amp;ssl=1 272w, https:\/\/i0.wp.com\/cdnoticias.com\/wp-content\/uploads\/2021\/12\/WhatsApp-Image-2021-12-27-at-10.36.30.jpeg?w=1280&amp;ssl=1 1280w\" sizes=\"auto, (max-width: 800px) 100vw, 800px\" \/><\/p>\n<p>&nbsp;<\/p>\n<p>De acuerdo con lo que trascendi\u00f3,<strong> hubo varios desacuerdos y contrapuntos en cuanto a los detalles del proyecto,<\/strong> que dieron lugar inclusive a pedidos de informes y hasta la realizaci\u00f3n de un cuarto intermedio que dilat\u00f3 todo hasta el inicio de la tarde.<\/p>\n<p>&nbsp;<\/p>\n<p>Lo concreto es que desde la presidencia del Concejo Deliberante se confirm\u00f3 que la sesi\u00f3n se llevar\u00e1 adelante <strong>este martes desde las 9 en el Sal\u00f3n del Club Espa\u00f1ol, y ser\u00e1 trasmitida en vivo por el Canal de Youtube del HCD.<\/strong><\/p>\n","protected":false},"excerpt":{"rendered":"<p>Se confirm\u00f3 la realizaci\u00f3n de una sesi\u00f3n extraordinaria que se iniciar\u00e1 en horas de la ma\u00f1ana.<\/p>\n","protected":false},"author":3,"featured_media":41348,"comment_status":"closed","ping_status":"closed","sticky":false,"template":"","format":"standard","meta":{"_jetpack_memberships_contains_paid_content":false,"footnotes":""},"categories":[4,1],"tags":[],"class_list":["post-42505","post","type-post","status-publish","format-standard","has-post-thumbnail","hentry","category-politica","category-portada"],"jetpack_featured_media_url":"https:\/\/i0.wp.com\/cdnoticias.com\/wp-content\/uploads\/2021\/12\/HCD07.jpg?fit=800%2C445&ssl=1","jetpack_sharing_enabled":true,"_links":{"self":[{"href":"https:\/\/cdnoticias.com\/index.php\/wp-json\/wp\/v2\/posts\/42505","targetHints":{"allow":["GET"]}}],"collection":[{"href":"https:\/\/cdnoticias.com\/index.php\/wp-json\/wp\/v2\/posts"}],"about":[{"href":"https:\/\/cdnoticias.com\/index.php\/wp-json\/wp\/v2\/types\/post"}],"author":[{"embeddable":true,"href":"https:\/\/cdnoticias.com\/index.php\/wp-json\/wp\/v2\/users\/3"}],"replies":[{"embeddable":true,"href":"https:\/\/cdnoticias.com\/index.php\/wp-json\/wp\/v2\/comments?post=42505"}],"version-history":[{"count":0,"href":"https:\/\/cdnoticias.com\/index.php\/wp-json\/wp\/v2\/posts\/42505\/revisions"}],"wp:featuredmedia":[{"embeddable":true,"href":"https:\/\/cdnoticias.com\/index.php\/wp-json\/wp\/v2\/media\/41348"}],"wp:attachment":[{"href":"https:\/\/cdnoticias.com\/index.php\/wp-json\/wp\/v2\/media?parent=42505"}],"wp:term":[{"taxonomy":"category","embeddable":true,"href":"https:\/\/cdnoticias.com\/index.php\/wp-json\/wp\/v2\/categories?post=42505"},{"taxonomy":"post_tag","embeddable":true,"href":"https:\/\/cdnoticias.com\/index.php\/wp-json\/wp\/v2\/tags?post=42505"}],"curies":[{"name":"wp","href":"https:\/\/api.w.org\/{rel}","templated":true}]}}