{"id":42489,"date":"2021-12-27T21:30:38","date_gmt":"2021-12-28T00:30:38","guid":{"rendered":"http:\/\/www.centraldenoticias.com.ar\/?p=42489"},"modified":"2021-12-27T20:44:12","modified_gmt":"2021-12-27T23:44:12","slug":"en-enero-llega-central-radio-otro-modo-de-contar-las-noticias","status":"publish","type":"post","link":"https:\/\/cdnoticias.com\/index.php\/2021\/12\/27\/en-enero-llega-central-radio-otro-modo-de-contar-las-noticias\/","title":{"rendered":"En enero llega Central Radio, otro modo de contar las noticias"},"content":{"rendered":"<p>La nueva propuesta de Central de Noticias se emitir\u00e1 desde el pr\u00f3ximo lunes 3. Escuchanos de lunes a viernes de 15 a 17 por Radio Sapiens (FM 102.7).<!--more--><\/p>\n<hr \/>\n<p><strong>Central de Noticias es un medio de comunicaci\u00f3n que naci\u00f3 en 2020 durante la pandemia mundial del COVID-19.<\/strong> Nos dijeron que era imposible o que no era el momento para iniciar ning\u00fan emprendimiento, pero estamos convencidos que las crisis pueden propiciar oportunidades.<\/p>\n<p>&nbsp;<\/p>\n<p><strong>Ante la llegada de un nuevo a\u00f1o, renovamos los objetivos y apostamos a un medio que nos enamora: la radio.<\/strong> Es as\u00ed, que pensamos en <strong>Central Radio<\/strong>, un programa period\u00edstico distendido, con informaci\u00f3n, multiplicidad de voces, buena m\u00fasica y la participaci\u00f3n de las y los oyentes.<\/p>\n<p>&nbsp;<\/p>\n<blockquote><p>La propuesta se emitir\u00e1 a partir del 3 de enero de 2022, de lunes a viernes de 15 a 17, por el aire de Radio Sapiens (FM 102.7).<\/p><\/blockquote>\n<p>&nbsp;<\/p>\n<p>Esperamos que nos acompa\u00f1es en este nuevo desaf\u00edo que renueva nuestras ganas de seguir haciendo periodismo y refuerza<strong> el deseo de que la comunidad Central sea cada vez m\u00e1s grande.<\/strong><\/p>\n<p>&nbsp;<\/p>\n<p><strong>\u00a1Nos escuchamos!<\/strong><\/p>\n","protected":false},"excerpt":{"rendered":"<p>La nueva propuesta de Central de Noticias se emitir\u00e1 desde el pr\u00f3ximo lunes 3. Escuchanos de lunes a viernes de<\/p>\n","protected":false},"author":5,"featured_media":42494,"comment_status":"closed","ping_status":"closed","sticky":false,"template":"","format":"standard","meta":{"_jetpack_memberships_contains_paid_content":false,"footnotes":""},"categories":[1],"tags":[],"class_list":["post-42489","post","type-post","status-publish","format-standard","has-post-thumbnail","hentry","category-portada"],"jetpack_featured_media_url":"https:\/\/i0.wp.com\/cdnoticias.com\/wp-content\/uploads\/2021\/12\/portada-central.jpg?fit=800%2C450&ssl=1","jetpack_sharing_enabled":true,"_links":{"self":[{"href":"https:\/\/cdnoticias.com\/index.php\/wp-json\/wp\/v2\/posts\/42489","targetHints":{"allow":["GET"]}}],"collection":[{"href":"https:\/\/cdnoticias.com\/index.php\/wp-json\/wp\/v2\/posts"}],"about":[{"href":"https:\/\/cdnoticias.com\/index.php\/wp-json\/wp\/v2\/types\/post"}],"author":[{"embeddable":true,"href":"https:\/\/cdnoticias.com\/index.php\/wp-json\/wp\/v2\/users\/5"}],"replies":[{"embeddable":true,"href":"https:\/\/cdnoticias.com\/index.php\/wp-json\/wp\/v2\/comments?post=42489"}],"version-history":[{"count":0,"href":"https:\/\/cdnoticias.com\/index.php\/wp-json\/wp\/v2\/posts\/42489\/revisions"}],"wp:featuredmedia":[{"embeddable":true,"href":"https:\/\/cdnoticias.com\/index.php\/wp-json\/wp\/v2\/media\/42494"}],"wp:attachment":[{"href":"https:\/\/cdnoticias.com\/index.php\/wp-json\/wp\/v2\/media?parent=42489"}],"wp:term":[{"taxonomy":"category","embeddable":true,"href":"https:\/\/cdnoticias.com\/index.php\/wp-json\/wp\/v2\/categories?post=42489"},{"taxonomy":"post_tag","embeddable":true,"href":"https:\/\/cdnoticias.com\/index.php\/wp-json\/wp\/v2\/tags?post=42489"}],"curies":[{"name":"wp","href":"https:\/\/api.w.org\/{rel}","templated":true}]}}