{"id":42467,"date":"2021-12-27T12:57:58","date_gmt":"2021-12-27T15:57:58","guid":{"rendered":"http:\/\/www.centraldenoticias.com.ar\/?p=42467"},"modified":"2021-12-27T16:03:55","modified_gmt":"2021-12-27T19:03:55","slug":"se-amplia-la-atencion-del-centro-provincial-de-testeos","status":"publish","type":"post","link":"https:\/\/cdnoticias.com\/index.php\/2021\/12\/27\/se-amplia-la-atencion-del-centro-provincial-de-testeos\/","title":{"rendered":"Se ampl\u00eda la atenci\u00f3n del Centro Provincial de Testeos"},"content":{"rendered":"<p>A partir del martes abrir\u00e1 una hora m\u00e1s temprano: en la sede de El Fort\u00edn atender\u00e1 de 7 a 12. Habr\u00e1 atenci\u00f3n el viernes 31 y el domingo 2 se har\u00e1n testeos en Brown y V\u00e9lez Sarsfield.<!--more--><\/p>\n<hr \/>\n<p>Desde <strong>Regi\u00f3n Sanitaria IX<\/strong> informaron que <strong>a partir de este martes el Centro Provincial de Testeos atender\u00e1 una hora m\u00e1s<\/strong>.<\/p>\n<p>&nbsp;<\/p>\n<blockquote><p>Las actividades preventivas contra el COVID en el Centro que funciona en las instalaciones del Club El Fort\u00edn, Urquiza 2980, se realizar\u00e1n de lunes a viernes de 7 a 12.<\/p><\/blockquote>\n<p>&nbsp;<\/p>\n<p>La medida se dio a conocer <strong>tras las largas colas registradas este lunes en el Centro<\/strong>, as\u00ed como tambi\u00e9n <a href=\"https:\/\/cdnoticias.com\/index.php\/2021\/12\/27\/rta-con-importante-convocatoria-se-realizaron-hisopados-en-el-hospital\/\" target=\"_blank\" rel=\"noopener\">se observaron en el m\u00f3dulo de RTA del Hospital<\/a>. Los <strong>casos de Covid<\/strong> <a href=\"https:\/\/cdnoticias.com\/index.php\/2021\/12\/24\/confirmaron-cerca-de-un-centenar-de-casos-de-covid-en-una-semana\/\" target=\"_blank\" rel=\"noopener\">mantienen la tendencia al crecimiento en Olavarr\u00eda<\/a>, en l\u00ednea con lo que sucede <a href=\"https:\/\/cdnoticias.com\/index.php\/2021\/12\/26\/provincia-preve-impacto-fuerte-de-casos-tras-las-fiestas-y-no-descarta-restricciones\/\" target=\"_blank\" rel=\"noopener\">en la Provincia<\/a> y en el pa\u00eds.<\/p>\n<p>&nbsp;<\/p>\n<p><img data-recalc-dims=\"1\" loading=\"lazy\" decoding=\"async\" class=\"size-large wp-image-42465 aligncenter\" src=\"https:\/\/i0.wp.com\/cdnoticias.com\/wp-content\/uploads\/2021\/12\/testeos-el-fortin1.jpg?resize=800%2C445&#038;ssl=1\" alt=\"\" width=\"800\" height=\"445\" srcset=\"https:\/\/i0.wp.com\/cdnoticias.com\/wp-content\/uploads\/2021\/12\/testeos-el-fortin1.jpg?resize=1024%2C570&amp;ssl=1 1024w, https:\/\/i0.wp.com\/cdnoticias.com\/wp-content\/uploads\/2021\/12\/testeos-el-fortin1.jpg?resize=300%2C167&amp;ssl=1 300w, https:\/\/i0.wp.com\/cdnoticias.com\/wp-content\/uploads\/2021\/12\/testeos-el-fortin1.jpg?resize=768%2C427&amp;ssl=1 768w, https:\/\/i0.wp.com\/cdnoticias.com\/wp-content\/uploads\/2021\/12\/testeos-el-fortin1.jpg?resize=800%2C445&amp;ssl=1 800w, https:\/\/i0.wp.com\/cdnoticias.com\/wp-content\/uploads\/2021\/12\/testeos-el-fortin1.jpg?w=1600&amp;ssl=1 1600w\" sizes=\"auto, (max-width: 800px) 100vw, 800px\" \/><\/p>\n<p>&nbsp;<\/p>\n<p>Adem\u00e1s, la Regi\u00f3n IX anunci\u00f3 que<strong> el viernes 31 tambi\u00e9n abrir\u00e1 sus puertas en el Centro de Testeos de El Fort\u00edn<\/strong>.<\/p>\n<p>&nbsp;<\/p>\n<p>Por otro lado, informaron que <strong>el d\u00eda domingo 2 de enero de 9 a 12 habilitar\u00e1n una posta de testeo itinerante en las inmediaciones del Monumento al General San Mart\u00edn<\/strong> ubicado en el Parque del Bicentenario (Brown y V\u00e9lez Sarsfield), para que todas las personas puedan acercarse a testearse.<\/p>\n","protected":false},"excerpt":{"rendered":"<p>A partir del martes abrir\u00e1 una hora m\u00e1s temprano: en la sede de El Fort\u00edn atender\u00e1 de 7 a 12.<\/p>\n","protected":false},"author":4,"featured_media":42466,"comment_status":"closed","ping_status":"closed","sticky":false,"template":"","format":"standard","meta":{"_jetpack_memberships_contains_paid_content":false,"footnotes":""},"categories":[16,1],"tags":[],"class_list":["post-42467","post","type-post","status-publish","format-standard","has-post-thumbnail","hentry","category-covid-19","category-portada"],"jetpack_featured_media_url":"https:\/\/i0.wp.com\/cdnoticias.com\/wp-content\/uploads\/2021\/12\/testeos-el-fortin2.jpg?fit=1599%2C890&ssl=1","jetpack_sharing_enabled":true,"_links":{"self":[{"href":"https:\/\/cdnoticias.com\/index.php\/wp-json\/wp\/v2\/posts\/42467","targetHints":{"allow":["GET"]}}],"collection":[{"href":"https:\/\/cdnoticias.com\/index.php\/wp-json\/wp\/v2\/posts"}],"about":[{"href":"https:\/\/cdnoticias.com\/index.php\/wp-json\/wp\/v2\/types\/post"}],"author":[{"embeddable":true,"href":"https:\/\/cdnoticias.com\/index.php\/wp-json\/wp\/v2\/users\/4"}],"replies":[{"embeddable":true,"href":"https:\/\/cdnoticias.com\/index.php\/wp-json\/wp\/v2\/comments?post=42467"}],"version-history":[{"count":0,"href":"https:\/\/cdnoticias.com\/index.php\/wp-json\/wp\/v2\/posts\/42467\/revisions"}],"wp:featuredmedia":[{"embeddable":true,"href":"https:\/\/cdnoticias.com\/index.php\/wp-json\/wp\/v2\/media\/42466"}],"wp:attachment":[{"href":"https:\/\/cdnoticias.com\/index.php\/wp-json\/wp\/v2\/media?parent=42467"}],"wp:term":[{"taxonomy":"category","embeddable":true,"href":"https:\/\/cdnoticias.com\/index.php\/wp-json\/wp\/v2\/categories?post=42467"},{"taxonomy":"post_tag","embeddable":true,"href":"https:\/\/cdnoticias.com\/index.php\/wp-json\/wp\/v2\/tags?post=42467"}],"curies":[{"name":"wp","href":"https:\/\/api.w.org\/{rel}","templated":true}]}}