{"id":42449,"date":"2021-12-27T11:45:20","date_gmt":"2021-12-27T14:45:20","guid":{"rendered":"http:\/\/www.centraldenoticias.com.ar\/?p=42449"},"modified":"2021-12-27T15:52:43","modified_gmt":"2021-12-27T18:52:43","slug":"hcd-analizan-el-proyecto-de-venta-de-una-calle-a-cementos-avellaneda","status":"publish","type":"post","link":"https:\/\/cdnoticias.com\/index.php\/2021\/12\/27\/hcd-analizan-el-proyecto-de-venta-de-una-calle-a-cementos-avellaneda\/","title":{"rendered":"HCD: analizan el proyecto de venta de una calle a Cementos Avellaneda"},"content":{"rendered":"<p>Fue una ma\u00f1ana de reuniones y, por ahora, an\u00e1lisis del proyecto. Propusieron un cuarto intermedio hasta el mediod\u00eda.\u00a0<!--more--><\/p>\n<hr \/>\n<p>Este lunes por la ma\u00f1ana,<strong> la comisi\u00f3n de Labor Parlamentaria del Concejo Deliberante <a href=\"https:\/\/cdnoticias.com\/index.php\/2021\/12\/23\/el-hcd-realizara-una-sesion-extraordinaria-por-la-venta-de-una-calle-a-cementos-avellaneda\/\" target=\"_blank\" rel=\"noopener\">se reuni\u00f3<\/a> para definir c\u00f3mo se tratar\u00e1 el proyecto de autorizaci\u00f3n de venta de una calle a la empresa Cementos Avellaneda.<\/strong><\/p>\n<p>&nbsp;<\/p>\n<blockquote><p>Con algunos desacuerdos y con pedidos de informaci\u00f3n y detalles, los concejales de los distintos bloques que conforman el cuerpo a\u00fan no se expidieron para el tratamiento del proyecto en sesi\u00f3n, previsto para este martes.<\/p><\/blockquote>\n<p>&nbsp;<\/p>\n<p>Ante esos desacuerdos, <strong>se solicit\u00f3 un peque\u00f1o cuarto intermedio hasta el mediod\u00eda para avanzar con los puntos en com\u00fan y llegar al recinto este martes con las posturas marcadas.<\/strong><\/p>\n<p>&nbsp;<\/p>\n<p><strong>En la reuni\u00f3n de Labor participaron todos los presidentes de bloques del HCD<\/strong>, encabezados por su presidenta Cecilia Krivochen y la secretaria Margarita Arregui: estuvieron Mart\u00edn Endere (Juntos), Mercedes Land\u00edvar (interbloque de Todos), Celeste Arouxet (Ahora Olavarr\u00eda) y Sebasti\u00e1n Matrella (UCR-Juntos).<\/p>\n","protected":false},"excerpt":{"rendered":"<p>Fue una ma\u00f1ana de reuniones y, por ahora, an\u00e1lisis del proyecto. Propusieron un cuarto intermedio hasta el mediod\u00eda.\u00a0<\/p>\n","protected":false},"author":2,"featured_media":42453,"comment_status":"closed","ping_status":"closed","sticky":false,"template":"","format":"standard","meta":{"_jetpack_memberships_contains_paid_content":false,"footnotes":""},"categories":[4],"tags":[],"class_list":["post-42449","post","type-post","status-publish","format-standard","has-post-thumbnail","hentry","category-politica"],"jetpack_featured_media_url":"https:\/\/i0.wp.com\/cdnoticias.com\/wp-content\/uploads\/2021\/12\/WhatsApp-Image-2021-12-27-at-10.36.30.jpeg?fit=1280%2C855&ssl=1","jetpack_sharing_enabled":true,"_links":{"self":[{"href":"https:\/\/cdnoticias.com\/index.php\/wp-json\/wp\/v2\/posts\/42449","targetHints":{"allow":["GET"]}}],"collection":[{"href":"https:\/\/cdnoticias.com\/index.php\/wp-json\/wp\/v2\/posts"}],"about":[{"href":"https:\/\/cdnoticias.com\/index.php\/wp-json\/wp\/v2\/types\/post"}],"author":[{"embeddable":true,"href":"https:\/\/cdnoticias.com\/index.php\/wp-json\/wp\/v2\/users\/2"}],"replies":[{"embeddable":true,"href":"https:\/\/cdnoticias.com\/index.php\/wp-json\/wp\/v2\/comments?post=42449"}],"version-history":[{"count":0,"href":"https:\/\/cdnoticias.com\/index.php\/wp-json\/wp\/v2\/posts\/42449\/revisions"}],"wp:featuredmedia":[{"embeddable":true,"href":"https:\/\/cdnoticias.com\/index.php\/wp-json\/wp\/v2\/media\/42453"}],"wp:attachment":[{"href":"https:\/\/cdnoticias.com\/index.php\/wp-json\/wp\/v2\/media?parent=42449"}],"wp:term":[{"taxonomy":"category","embeddable":true,"href":"https:\/\/cdnoticias.com\/index.php\/wp-json\/wp\/v2\/categories?post=42449"},{"taxonomy":"post_tag","embeddable":true,"href":"https:\/\/cdnoticias.com\/index.php\/wp-json\/wp\/v2\/tags?post=42449"}],"curies":[{"name":"wp","href":"https:\/\/api.w.org\/{rel}","templated":true}]}}