{"id":42440,"date":"2021-12-27T09:43:18","date_gmt":"2021-12-27T12:43:18","guid":{"rendered":"http:\/\/www.centraldenoticias.com.ar\/?p=42440"},"modified":"2021-12-27T09:43:18","modified_gmt":"2021-12-27T12:43:18","slug":"con-un-896-eduardo-amaya-fue-elegido-como-secretario-general-de-luz-y-fuerza","status":"publish","type":"post","link":"https:\/\/cdnoticias.com\/index.php\/2021\/12\/27\/con-un-896-eduardo-amaya-fue-elegido-como-secretario-general-de-luz-y-fuerza\/","title":{"rendered":"Con un 89,6% Eduardo Amaya fue elegido como secretario general de Luz y Fuerza"},"content":{"rendered":"<p>Encabezar\u00e1 el gremio por cuatro a\u00f1os m\u00e1s luego del desarrollo de las elecciones la semana pasada.<!--more--><\/p>\n<hr \/>\n<p>El pasado mi\u00e9rcoles, en el gimnasio de Maip\u00fa 2150<strong>, se desarrollaron las elecciones del sindicato Luz y Fuerza de Olavarr\u00eda, con la consagraci\u00f3n, por un 89,6% de los votos, del actual secretario general Eduardo Amaya.<\/strong><\/p>\n<p>&nbsp;<\/p>\n<p><strong>Con una participaci\u00f3n del 75% del padr\u00f3n habilitado<\/strong>, el 89,6% de ellos apoy\u00f3 con su voto la actual gesti\u00f3n y<strong><em> \u201cratific\u00f3, una vez m\u00e1s, la plena confianza del proyecto sindical y en este nuevo grupo que conforma la Lista Verde Nro. 2 encabezada por Eduardo Amaya, que conducir\u00e1 los destinos de nuestro querido sindicado por el per\u00edodo 2021\/2025\u201d.<\/em><\/strong><\/p>\n<p>&nbsp;<\/p>\n<p>De esta forma, Amaya continuar\u00e1 al frente del gremio<em> \u201cacompa\u00f1ado por un renovado grupo de j\u00f3venes y algunos dirigentes experimentados en esta nueva etapa sindical, en la que se comparti\u00f3 una jornada de democracia sindical en la que hay que destacar la gran convocatoria y acompa\u00f1amiento de las afiliadas y afiliados, tanto activos como pasivos y pensionados, que se acercaron a dejar plasmada su voluntad que fue ratificar el rumbo que ya ten\u00eda el sindicato\u201d.<\/em><\/p>\n<p>&nbsp;<\/p>\n<p>As\u00ed est\u00e1 integrada la nueva Comisi\u00f3n Directiva del Sindicato Luz y Fuerza para el per\u00edodo 2021\/2025:<\/p>\n<p>&nbsp;<\/p>\n<p>Secretario General: Eduardo Ricardo Amaya. Secretario Adjunto: Federico Zamora. Secretario Gremial: Emmanuel Federico Tambucci. Secretario de Finanzas y Administraci\u00f3n: Edgardo Oscar Eyler. Secretario de Prensa y Propaganda: Iv\u00e1n Ignacio Bar\u00f3n. Secretaria de Servicios Sociales: Natalia Estela Pagano. Subsecretario Gremial: Lucas Alberto D\u00edaz. Subsecretario de Organizaci\u00f3n y Actas: Carlos Manuel Eyler. Secretaria de Turismo y Cultura: Marianela Alejandra S\u00e1nchez. Secretario de Previsi\u00f3n Social: Gustavo Ezequiel Olha. Secretario de Acci\u00f3n Social y Deportes: Jes\u00fas An\u00edbal Ragonese.<\/p>\n<p>&nbsp;<\/p>\n<p>Secretario de Pol\u00edtica Energ\u00e9tica y Asuntos T\u00e9cnicos: Mart\u00edn Nahuel Torres Lugea. Secretario de Vivenda y Obras: Ezequiel Olha. Secretar\u00eda de la Mujer: Graciela Anal\u00eda Filipp\u00edn. Vocales Titulares: Rodrigo Manuel Fern\u00e1ndez, Daiana Mariela Gallo y Guillermo Piccione. Vocales Suplentes: Juan Cruz Sarrautte y Lucrecia Bilbao. Comisi\u00f3n Revisora de Cuentas: Ra\u00fal Enrique Schwab, Carlos Alberto Coscia, Lucas Osvaldo Fern\u00e1ndez, Valeria Alejandra Brisioli, Leticia Zunilda Lemos y Esteban Ignacio Buysnovsky.<\/p>\n<p>&nbsp;<\/p>\n<p>Apoderados de la Lista Nro. 2 Verde: Ismael Orlando Ramos, Marcelo Rub\u00e9n H\u00e9ctor Gandini y Manuel Alberto Montero.<\/p>\n","protected":false},"excerpt":{"rendered":"<p>Encabezar\u00e1 el gremio por cuatro a\u00f1os m\u00e1s luego del desarrollo de las elecciones la semana pasada.<\/p>\n","protected":false},"author":2,"featured_media":42441,"comment_status":"closed","ping_status":"closed","sticky":false,"template":"","format":"standard","meta":{"_jetpack_memberships_contains_paid_content":false,"footnotes":""},"categories":[5,1],"tags":[],"class_list":["post-42440","post","type-post","status-publish","format-standard","has-post-thumbnail","hentry","category-informacion-general","category-portada"],"jetpack_featured_media_url":"https:\/\/i0.wp.com\/cdnoticias.com\/wp-content\/uploads\/2021\/12\/IMG_20211221_112029610.jpg?fit=4032%2C3024&ssl=1","jetpack_sharing_enabled":true,"_links":{"self":[{"href":"https:\/\/cdnoticias.com\/index.php\/wp-json\/wp\/v2\/posts\/42440","targetHints":{"allow":["GET"]}}],"collection":[{"href":"https:\/\/cdnoticias.com\/index.php\/wp-json\/wp\/v2\/posts"}],"about":[{"href":"https:\/\/cdnoticias.com\/index.php\/wp-json\/wp\/v2\/types\/post"}],"author":[{"embeddable":true,"href":"https:\/\/cdnoticias.com\/index.php\/wp-json\/wp\/v2\/users\/2"}],"replies":[{"embeddable":true,"href":"https:\/\/cdnoticias.com\/index.php\/wp-json\/wp\/v2\/comments?post=42440"}],"version-history":[{"count":0,"href":"https:\/\/cdnoticias.com\/index.php\/wp-json\/wp\/v2\/posts\/42440\/revisions"}],"wp:featuredmedia":[{"embeddable":true,"href":"https:\/\/cdnoticias.com\/index.php\/wp-json\/wp\/v2\/media\/42441"}],"wp:attachment":[{"href":"https:\/\/cdnoticias.com\/index.php\/wp-json\/wp\/v2\/media?parent=42440"}],"wp:term":[{"taxonomy":"category","embeddable":true,"href":"https:\/\/cdnoticias.com\/index.php\/wp-json\/wp\/v2\/categories?post=42440"},{"taxonomy":"post_tag","embeddable":true,"href":"https:\/\/cdnoticias.com\/index.php\/wp-json\/wp\/v2\/tags?post=42440"}],"curies":[{"name":"wp","href":"https:\/\/api.w.org\/{rel}","templated":true}]}}