{"id":4244,"date":"2020-10-18T11:51:46","date_gmt":"2020-10-18T14:51:46","guid":{"rendered":"http:\/\/www.centraldenoticias.com.ar\/?p=4244"},"modified":"2020-10-18T15:37:32","modified_gmt":"2020-10-18T18:37:32","slug":"se-superaron-los-seis-mil-contagios-de-covid-en-toda-la-seccion","status":"publish","type":"post","link":"https:\/\/cdnoticias.com\/index.php\/2020\/10\/18\/se-superaron-los-seis-mil-contagios-de-covid-en-toda-la-seccion\/","title":{"rendered":"Se superaron los seis mil contagios de COVID en toda la Secci\u00f3n"},"content":{"rendered":"<p>As\u00ed se logr\u00f3 saber mediante los partes emitidos por el diputado provincial C\u00e9sar Valicenti. Con los casos de ayer, desde el inicio de la pandemia hubo 6.048 casos de coronavirus, con 144 personas fallecidas.<!--more--><\/p>\n<hr \/>\n<p>Este domingo, y luego de 7 meses de pandemia, <strong>la S\u00e9ptima Secci\u00f3n Electoral super\u00f3 los 6 mil casos de COVID-19<\/strong>. As\u00ed lo confirm\u00f3 el diputado provincial C\u00e9sar Valicenti que emiti\u00f3 el parte diario de los casos en los 8 distritos que conforman la regi\u00f3n.<\/p>\n<p>&nbsp;<\/p>\n<blockquote class=\"twitter-tweet\">\n<p dir=\"ltr\" lang=\"es\">Reporte diario <a href=\"https:\/\/twitter.com\/hashtag\/COVID19?src=hash&amp;ref_src=twsrc%5Etfw\">#COVID19<\/a> en los Municipios de la S\u00e9ptima secci\u00f3n. Este s\u00e1bado 17 de octubre, se registraron 120 casos positivos en Olavarr\u00eda, 32 pacientes en Azul, 15 casos en Saladillo, 11 pacientes en Bol\u00edvar, 8 casos en Alvear, 7 pacientes de 25 de Mayo y 5 casos en Tapalqu\u00e9. <a href=\"https:\/\/t.co\/oLAMArnfzM\">pic.twitter.com\/oLAMArnfzM<\/a><\/p>\n<p>\u2014 Cesar Valicenti (@CesarValicenti) <a href=\"https:\/\/twitter.com\/CesarValicenti\/status\/1317660303694438401?ref_src=twsrc%5Etfw\">October 18, 2020<\/a><\/p><\/blockquote>\n<p><script async src=\"https:\/\/platform.twitter.com\/widgets.js\" charset=\"utf-8\"><\/script><\/p>\n<p>&nbsp;<\/p>\n<p><strong>Con la suba de testeos y sumado a que es el Partido con m\u00e1s habitantes, Olavarr\u00eda encabeza la lista con 2411 casos y 58 muertes por contagios.<\/strong> Uno de los distritos m\u00e1s golpeados es <strong>Saladillo, con 1330 casos desde que inici\u00f3 la pandemia y 25 personas fallecidas.<\/strong><\/p>\n<p>&nbsp;<\/p>\n<blockquote><p>Actualmente, hay 1233 casos activos, situaci\u00f3n que contin\u00faa en ascenso desde hace varios meses. El total de fallecidos es de 144.<\/p><\/blockquote>\n<p>&nbsp;<\/p>\n<p><strong>Bol\u00edvar contin\u00faa como \u00fanico distrito que no tuvo fallecimientos por COVID-19.<\/strong> Actualmente, tiene 56 casos activos de un total de 104 que tuvieron desde el inicio de la pandemia,<\/p>\n<p>&nbsp;<\/p>\n<p>Cabe aclarar que, <strong>del total de casos confirmados desde mediados de marzo, hay 4.671 personas que afortunadamente ya fueron dadas de alta.<\/strong><\/p>\n","protected":false},"excerpt":{"rendered":"<p>As\u00ed se logr\u00f3 saber mediante los partes emitidos por el diputado provincial C\u00e9sar Valicenti. Con los casos de ayer, desde<\/p>\n","protected":false},"author":2,"featured_media":76,"comment_status":"closed","ping_status":"closed","sticky":false,"template":"","format":"standard","meta":{"_jetpack_memberships_contains_paid_content":false,"footnotes":""},"categories":[5,1],"tags":[],"class_list":["post-4244","post","type-post","status-publish","format-standard","has-post-thumbnail","hentry","category-informacion-general","category-portada"],"jetpack_featured_media_url":"https:\/\/i0.wp.com\/cdnoticias.com\/wp-content\/uploads\/2020\/08\/olavarria-1.jpg?fit=800%2C600&ssl=1","jetpack_sharing_enabled":true,"_links":{"self":[{"href":"https:\/\/cdnoticias.com\/index.php\/wp-json\/wp\/v2\/posts\/4244","targetHints":{"allow":["GET"]}}],"collection":[{"href":"https:\/\/cdnoticias.com\/index.php\/wp-json\/wp\/v2\/posts"}],"about":[{"href":"https:\/\/cdnoticias.com\/index.php\/wp-json\/wp\/v2\/types\/post"}],"author":[{"embeddable":true,"href":"https:\/\/cdnoticias.com\/index.php\/wp-json\/wp\/v2\/users\/2"}],"replies":[{"embeddable":true,"href":"https:\/\/cdnoticias.com\/index.php\/wp-json\/wp\/v2\/comments?post=4244"}],"version-history":[{"count":0,"href":"https:\/\/cdnoticias.com\/index.php\/wp-json\/wp\/v2\/posts\/4244\/revisions"}],"wp:featuredmedia":[{"embeddable":true,"href":"https:\/\/cdnoticias.com\/index.php\/wp-json\/wp\/v2\/media\/76"}],"wp:attachment":[{"href":"https:\/\/cdnoticias.com\/index.php\/wp-json\/wp\/v2\/media?parent=4244"}],"wp:term":[{"taxonomy":"category","embeddable":true,"href":"https:\/\/cdnoticias.com\/index.php\/wp-json\/wp\/v2\/categories?post=4244"},{"taxonomy":"post_tag","embeddable":true,"href":"https:\/\/cdnoticias.com\/index.php\/wp-json\/wp\/v2\/tags?post=4244"}],"curies":[{"name":"wp","href":"https:\/\/api.w.org\/{rel}","templated":true}]}}