{"id":42436,"date":"2021-12-27T10:10:37","date_gmt":"2021-12-27T13:10:37","guid":{"rendered":"http:\/\/www.centraldenoticias.com.ar\/?p=42436"},"modified":"2021-12-27T10:10:37","modified_gmt":"2021-12-27T13:10:37","slug":"emotivo-egreso-de-estudiantes-secundarios-del-cens-455","status":"publish","type":"post","link":"https:\/\/cdnoticias.com\/index.php\/2021\/12\/27\/emotivo-egreso-de-estudiantes-secundarios-del-cens-455\/","title":{"rendered":"Emotivo egreso de estudiantes secundarios del CENS 455"},"content":{"rendered":"<p>En las Unidades Penitenciarias N\u00ba 2, 27 y 38. Se recibieron 50 internos alumnos.<!--more--><\/p>\n<hr \/>\n<p>D\u00edas atr\u00e1s se realiz\u00f3 el <strong>acto de colaci\u00f3n de grado donde se recibieron 50 internos alumnos del CENS 455 con sede en las Unidades Penitenciarias N\u00ba 2, 27 y 38 de Sierra Chica<\/strong>. Pertenecen al ciclo lectivo 2020\/ 2021 del bachillerato con orientaci\u00f3n en Inform\u00e1tica, Pedag\u00f3gica y en Computaci\u00f3n.<\/p>\n<p>&nbsp;<\/p>\n<p>En cada dependencia, acompa\u00f1aron al <strong>director del CENS 455 Ezequiel Maitini, al Vice Director Pablo Acosta, al equipo docente y los alumnos, los directores, subdirectores y personal<\/strong> del \u00e1rea escuela de cada dependencia. En tanto que <strong>en la Unidad N\u00ba 2<\/strong> la ceremonia cont\u00f3 con la presencia de la <em>Inspectora Regional de Ense\u00f1anza de Adultos M\u00f3nica Wagner y del Inspector Jefe Distrital Julio Ben\u00edtez<\/em>, como as\u00ed tambi\u00e9n del <em>Delegado de Educaci\u00f3n, Cultura y Deportes del Complejo Penitenciario Zona Centro Sur, Alejandro Luj\u00e1n<\/em>.<\/p>\n<p>&nbsp;<\/p>\n<p>En cada Unidad se hizo el <strong>cambio de abanderados<\/strong> que en el ciclo entrante portar\u00e1n las banderas nacional y provincial, docentes y alumnos expresaron palabras de despedida haciendo hincapi\u00e9 en la importancia de la educaci\u00f3n transformadora, entregaron medallas y diplomas a los alumnos.<\/p>\n<p>&nbsp;<\/p>\n<p><img data-recalc-dims=\"1\" loading=\"lazy\" decoding=\"async\" class=\"size-full wp-image-42434 aligncenter\" src=\"https:\/\/i0.wp.com\/cdnoticias.com\/wp-content\/uploads\/2021\/12\/CCZS-Cierre-del-ciclo-lectivo-nivel-secundario-Diciembre-2021-U38-2.jpg?resize=635%2C640&#038;ssl=1\" alt=\"\" width=\"635\" height=\"640\" srcset=\"https:\/\/i0.wp.com\/cdnoticias.com\/wp-content\/uploads\/2021\/12\/CCZS-Cierre-del-ciclo-lectivo-nivel-secundario-Diciembre-2021-U38-2.jpg?w=635&amp;ssl=1 635w, https:\/\/i0.wp.com\/cdnoticias.com\/wp-content\/uploads\/2021\/12\/CCZS-Cierre-del-ciclo-lectivo-nivel-secundario-Diciembre-2021-U38-2.jpg?resize=150%2C150&amp;ssl=1 150w, https:\/\/i0.wp.com\/cdnoticias.com\/wp-content\/uploads\/2021\/12\/CCZS-Cierre-del-ciclo-lectivo-nivel-secundario-Diciembre-2021-U38-2.jpg?resize=298%2C300&amp;ssl=1 298w\" sizes=\"auto, (max-width: 635px) 100vw, 635px\" \/><\/p>\n<p>&nbsp;<\/p>\n<p>En la Unidad N\u00ba 2 la <strong>profesora Mar\u00eda In\u00e9s Banegas<\/strong> fue la locutora del evento y reflexion\u00f3 sobre la etapa que culmina y las metas superadas, \u201cla libertad en t\u00e9rminos ideales no existe, existen<strong> las peque\u00f1as liberaciones, por las cuales luchamos y defendemos todos los d\u00edas<\/strong>: la educaci\u00f3n, la reflexi\u00f3n, la comunicaci\u00f3n, el conocimiento, el autoan\u00e1lisis y los lazos efectivos que operan en nosotros en el d\u00eda a d\u00eda. Estas son las herramientas que nuestros egresados portan hoy\u201d.<\/p>\n<p>&nbsp;<\/p>\n<p>Fueron <strong>27 los egresados en la c\u00e1rcel de m\u00e1xima seguridad<\/strong> donde la inspectora M\u00f3nica Wagner tuvo palabras de agradecimiento para todo el plantel docente, remarcando la colaboraci\u00f3n por parte del personal del SPB y estimul\u00f3 a los estudiantes y egresados destacando la importancia de formarse para desarrollar una vida en libertad a partir de la educaci\u00f3n formal en las diferentes especialidades que promueve la Universidad en la C\u00e1rcel, el Terciario N\u00b0130 y el Centro de Formaci\u00f3n Profesional. Luego compartieron un video institucional que plasm\u00f3 algunos de los recuerdos m\u00e1s significativos de los egresados durante el ciclo lectivo que culmina.<\/p>\n<p>&nbsp;<\/p>\n<p><strong>En la Unidad 27 egresaron 4 alumnos<\/strong> con orientaci\u00f3n en Computaci\u00f3n y 2 del ciclo 2020 tambi\u00e9n egresaron este a\u00f1o. Estuvieron presentes en el acto <strong>la directora de EEPA 701 Mariel Lasso y el subdirector de Administraci\u00f3n Gast\u00f3n Larretape.<\/strong><\/p>\n<p>&nbsp;<\/p>\n<p><img data-recalc-dims=\"1\" loading=\"lazy\" decoding=\"async\" class=\"alignnone wp-image-42432 size-large\" src=\"https:\/\/i0.wp.com\/cdnoticias.com\/wp-content\/uploads\/2021\/12\/CCZS-Cierre-del-ciclo-lectivo-nivel-secundario-Diciembre-2021-U2-3.jpeg?resize=800%2C600&#038;ssl=1\" alt=\"\" width=\"800\" height=\"600\" srcset=\"https:\/\/i0.wp.com\/cdnoticias.com\/wp-content\/uploads\/2021\/12\/CCZS-Cierre-del-ciclo-lectivo-nivel-secundario-Diciembre-2021-U2-3.jpeg?resize=1024%2C768&amp;ssl=1 1024w, https:\/\/i0.wp.com\/cdnoticias.com\/wp-content\/uploads\/2021\/12\/CCZS-Cierre-del-ciclo-lectivo-nivel-secundario-Diciembre-2021-U2-3.jpeg?resize=300%2C225&amp;ssl=1 300w, https:\/\/i0.wp.com\/cdnoticias.com\/wp-content\/uploads\/2021\/12\/CCZS-Cierre-del-ciclo-lectivo-nivel-secundario-Diciembre-2021-U2-3.jpeg?resize=768%2C576&amp;ssl=1 768w, https:\/\/i0.wp.com\/cdnoticias.com\/wp-content\/uploads\/2021\/12\/CCZS-Cierre-del-ciclo-lectivo-nivel-secundario-Diciembre-2021-U2-3.jpeg?w=1040&amp;ssl=1 1040w\" sizes=\"auto, (max-width: 800px) 100vw, 800px\" \/><\/p>\n<p>&nbsp;<\/p>\n<p><strong>En la Unidad 38 fueron 17 los alumnos que finalizaron sus estudios secundarios.<\/strong> El director de la dependencia expres\u00f3 su agradecimiento hacia todo el equipo docente y el personal penitenciario que cumple funciones en el sector colegio por el esfuerzo y el trabajo coordinado que finalmente dio sus frutos.<\/p>\n<p>&nbsp;<\/p>\n<p>\u201cLogramos dar por finalizado este ciclo lectivo de manera presencial, ha sido un trabajo duro en conjunto con el SPB, la comunidad educativa y nuestro equipo de docentes que se hizo<strong> cargo del financiamiento del material de estudio -expres\u00f3 Maitini- para el pr\u00f3ximo a\u00f1o esperamos tener la presencialidad completa<\/strong> para una mejor inclusi\u00f3n del alumnado\u201d, cerr\u00f3 el directivo.<\/p>\n<p>&nbsp;<\/p>\n<p>El <strong>docente y m\u00fasico Gustavo Corvi<\/strong> anim\u00f3 el cierre de los actos con canciones que pudieron disfrutar los presentes con una merienda.<\/p>\n","protected":false},"excerpt":{"rendered":"<p>En las Unidades Penitenciarias N\u00ba 2, 27 y 38. Se recibieron 50 internos alumnos.<\/p>\n","protected":false},"author":4,"featured_media":42433,"comment_status":"closed","ping_status":"closed","sticky":false,"template":"","format":"standard","meta":{"_jetpack_memberships_contains_paid_content":false,"footnotes":""},"categories":[5,1],"tags":[],"class_list":["post-42436","post","type-post","status-publish","format-standard","has-post-thumbnail","hentry","category-informacion-general","category-portada"],"jetpack_featured_media_url":"https:\/\/i0.wp.com\/cdnoticias.com\/wp-content\/uploads\/2021\/12\/CCZS-Cierre-del-ciclo-lectivo-nivel-secundario-Diciembre-2021-U2-6.jpeg?fit=1040%2C780&ssl=1","jetpack_sharing_enabled":true,"_links":{"self":[{"href":"https:\/\/cdnoticias.com\/index.php\/wp-json\/wp\/v2\/posts\/42436","targetHints":{"allow":["GET"]}}],"collection":[{"href":"https:\/\/cdnoticias.com\/index.php\/wp-json\/wp\/v2\/posts"}],"about":[{"href":"https:\/\/cdnoticias.com\/index.php\/wp-json\/wp\/v2\/types\/post"}],"author":[{"embeddable":true,"href":"https:\/\/cdnoticias.com\/index.php\/wp-json\/wp\/v2\/users\/4"}],"replies":[{"embeddable":true,"href":"https:\/\/cdnoticias.com\/index.php\/wp-json\/wp\/v2\/comments?post=42436"}],"version-history":[{"count":0,"href":"https:\/\/cdnoticias.com\/index.php\/wp-json\/wp\/v2\/posts\/42436\/revisions"}],"wp:featuredmedia":[{"embeddable":true,"href":"https:\/\/cdnoticias.com\/index.php\/wp-json\/wp\/v2\/media\/42433"}],"wp:attachment":[{"href":"https:\/\/cdnoticias.com\/index.php\/wp-json\/wp\/v2\/media?parent=42436"}],"wp:term":[{"taxonomy":"category","embeddable":true,"href":"https:\/\/cdnoticias.com\/index.php\/wp-json\/wp\/v2\/categories?post=42436"},{"taxonomy":"post_tag","embeddable":true,"href":"https:\/\/cdnoticias.com\/index.php\/wp-json\/wp\/v2\/tags?post=42436"}],"curies":[{"name":"wp","href":"https:\/\/api.w.org\/{rel}","templated":true}]}}