{"id":42396,"date":"2021-12-26T09:28:38","date_gmt":"2021-12-26T12:28:38","guid":{"rendered":"http:\/\/www.centraldenoticias.com.ar\/?p=42396"},"modified":"2021-12-26T11:01:50","modified_gmt":"2021-12-26T14:01:50","slug":"un-auto-volco-en-ruta-226-y-su-conductor-resulto-herido-de-consideracion","status":"publish","type":"post","link":"https:\/\/cdnoticias.com\/index.php\/2021\/12\/26\/un-auto-volco-en-ruta-226-y-su-conductor-resulto-herido-de-consideracion\/","title":{"rendered":"Un auto volc\u00f3 en ruta 226 y su conductor result\u00f3 herido de consideraci\u00f3n"},"content":{"rendered":"<p>Ocurri\u00f3 a la altura de Colonia Nievas. El hombre, oriundo de Azul, fue trasladado al Hospital Municipal \u201cDr. H\u00e9ctor Cura\u201d.<!--more--><\/p>\n<hr \/>\n<p>Alrededor de las 21:30 del s\u00e1bado y por causas que son materia de investigaci\u00f3n, <strong>un auto Chevrolet Corsa que circulaba en sentido Olavarr\u00eda hacia Azul, volc\u00f3 en el kil\u00f3metro 262 de la ruta nacional 226, en Colonia Nievas.<\/strong><\/p>\n<p>&nbsp;<\/p>\n<p>Seg\u00fan informaci\u00f3n policial, el conductor fue identificado como <strong>H\u00e9ctor Francisco Lemos de 63 a\u00f1os, con domicilio en Azul y result\u00f3 herido de consideraci\u00f3n.<\/strong><\/p>\n<p>&nbsp;<\/p>\n<p>Trabajaron en el lugar, personal del Destacamento de Bomberos de Hinojo quienes fueron convocados para rescatar al hombre que hab\u00eda quedado atrapado en el autom\u00f3vil, y m\u00e9dicos de ambulancia SAME quienes<strong> trasladaron a Lemos al Hospital Municipal de Olavarr\u00eda.<\/strong><\/p>\n<p>&nbsp;<\/p>\n<p><em>Foto:\u00a0 En L\u00ednea Noticias.\u00a0<\/em><\/p>\n<p><em>Fuente: Noticias de Azul.<\/em><\/p>\n","protected":false},"excerpt":{"rendered":"<p>Ocurri\u00f3 a la altura de Colonia Nievas. El hombre, oriundo de Azul, fue trasladado al Hospital Municipal \u201cDr. H\u00e9ctor Cura\u201d.<\/p>\n","protected":false},"author":5,"featured_media":42397,"comment_status":"closed","ping_status":"closed","sticky":false,"template":"","format":"standard","meta":{"_jetpack_memberships_contains_paid_content":false,"footnotes":""},"categories":[14,1],"tags":[],"class_list":["post-42396","post","type-post","status-publish","format-standard","has-post-thumbnail","hentry","category-policiales","category-portada"],"jetpack_featured_media_url":"https:\/\/i0.wp.com\/cdnoticias.com\/wp-content\/uploads\/2021\/12\/vuelco226.jpg?fit=539%2C356&ssl=1","jetpack_sharing_enabled":true,"_links":{"self":[{"href":"https:\/\/cdnoticias.com\/index.php\/wp-json\/wp\/v2\/posts\/42396","targetHints":{"allow":["GET"]}}],"collection":[{"href":"https:\/\/cdnoticias.com\/index.php\/wp-json\/wp\/v2\/posts"}],"about":[{"href":"https:\/\/cdnoticias.com\/index.php\/wp-json\/wp\/v2\/types\/post"}],"author":[{"embeddable":true,"href":"https:\/\/cdnoticias.com\/index.php\/wp-json\/wp\/v2\/users\/5"}],"replies":[{"embeddable":true,"href":"https:\/\/cdnoticias.com\/index.php\/wp-json\/wp\/v2\/comments?post=42396"}],"version-history":[{"count":0,"href":"https:\/\/cdnoticias.com\/index.php\/wp-json\/wp\/v2\/posts\/42396\/revisions"}],"wp:featuredmedia":[{"embeddable":true,"href":"https:\/\/cdnoticias.com\/index.php\/wp-json\/wp\/v2\/media\/42397"}],"wp:attachment":[{"href":"https:\/\/cdnoticias.com\/index.php\/wp-json\/wp\/v2\/media?parent=42396"}],"wp:term":[{"taxonomy":"category","embeddable":true,"href":"https:\/\/cdnoticias.com\/index.php\/wp-json\/wp\/v2\/categories?post=42396"},{"taxonomy":"post_tag","embeddable":true,"href":"https:\/\/cdnoticias.com\/index.php\/wp-json\/wp\/v2\/tags?post=42396"}],"curies":[{"name":"wp","href":"https:\/\/api.w.org\/{rel}","templated":true}]}}