{"id":42381,"date":"2021-12-25T17:27:54","date_gmt":"2021-12-25T20:27:54","guid":{"rendered":"http:\/\/www.centraldenoticias.com.ar\/?p=42381"},"modified":"2021-12-25T20:01:54","modified_gmt":"2021-12-25T23:01:54","slug":"se-estreno-historias-de-una-generacion-con-la-participacion-de-ignacio-montoya-carlotto","status":"publish","type":"post","link":"https:\/\/cdnoticias.com\/index.php\/2021\/12\/25\/se-estreno-historias-de-una-generacion-con-la-participacion-de-ignacio-montoya-carlotto\/","title":{"rendered":"Se estren\u00f3 \u201cHistorias de una generaci\u00f3n\u201d con la participaci\u00f3n de Ignacio Montoya Carlotto"},"content":{"rendered":"<p>Se trata de una serie documental de Netflix protagonizado por el papa Francisco y que re\u00fane las historias de personas mayores de 70 a\u00f1os. En el primer cap\u00edtulo Estela de Carlotto brinda su testimonio e Ignacio Montoya Carlotto aporta su m\u00fasica.\u00a0<!--more--><\/p>\n<hr \/>\n<p><strong><em>\u201cDurante 36 a\u00f1os se me neg\u00f3 la oportunidad de amar a mi nieto y ser amada por \u00e9l. Y un d\u00eda, finalmente, despu\u00e9s de 36 a\u00f1os, me llamaron por tel\u00e9fono y me dijeron que hab\u00edan encontrado a mi nieto\u201d<\/em><\/strong>, cont\u00f3 Estela de Carlotto en el primer cap\u00edtulo de la miniserie <strong>Historias de una generaci\u00f3n con el papa Francisco.<\/strong><\/p>\n<p>&nbsp;<\/p>\n<p>La propuesta ya est\u00e1 <strong>disponible en la plataforma Netflix<\/strong> y est\u00e1 basada en un libro del papa Francisco llamado \u201cLa sabidur\u00eda de los a\u00f1os\u201d. A trav\u00e9s de 4 cap\u00edtulos se puede ver a <strong>cineastas menores de 30 a\u00f1os que durante m\u00e1s de un a\u00f1o entrevistaron y filmaron a personas de m\u00e1s de 70.<\/strong><\/p>\n<p>&nbsp;<\/p>\n<p>En el primer episodio <strong>Martin Scorsese, Jane Goodall y Estela de Carlotto<\/strong> narraron sus historias con la intenci\u00f3n de reflejar que el amor puede impulsarnos y lograr cosas maravillosas.<\/p>\n<p>&nbsp;<\/p>\n<p><img data-recalc-dims=\"1\" loading=\"lazy\" decoding=\"async\" class=\"alignnone size-large wp-image-42383\" src=\"https:\/\/i0.wp.com\/cdnoticias.com\/wp-content\/uploads\/2021\/12\/estela01.png?resize=800%2C373&#038;ssl=1\" alt=\"\" width=\"800\" height=\"373\" srcset=\"https:\/\/i0.wp.com\/cdnoticias.com\/wp-content\/uploads\/2021\/12\/estela01.png?resize=1024%2C478&amp;ssl=1 1024w, https:\/\/i0.wp.com\/cdnoticias.com\/wp-content\/uploads\/2021\/12\/estela01.png?resize=300%2C140&amp;ssl=1 300w, https:\/\/i0.wp.com\/cdnoticias.com\/wp-content\/uploads\/2021\/12\/estela01.png?resize=768%2C359&amp;ssl=1 768w, https:\/\/i0.wp.com\/cdnoticias.com\/wp-content\/uploads\/2021\/12\/estela01.png?w=1349&amp;ssl=1 1349w\" sizes=\"auto, (max-width: 800px) 100vw, 800px\" \/><\/p>\n<p>&nbsp;<\/p>\n<p><strong><em>\u201cFue la alegr\u00eda de algo muy importante para m\u00ed y para mi familia. Con \u00e9l volvi\u00f3 Laura. Con \u00e9l est\u00e1 Laura\u201d<\/em><\/strong>, agreg\u00f3 hacia el final de su relato Estela y dio paso a im\u00e1genes y la participaci\u00f3n musical de Ignacio Montoya Carlotto.<\/p>\n<p>&nbsp;<\/p>\n<p><strong><em>\u201cEs una gran alegr\u00eda pensar que quiz\u00e1s nuestra historia tan atravesada por el dolor pueda ser inspiradora para alguien\u201d<\/em><\/strong>, destac\u00f3 <strong>Ignacio Montoya Carlotto<\/strong> en redes sociales y mostr\u00f3 la satisfacci\u00f3n de que \u201cLa silla vac\u00eda\u201d un tema compuesto por \u00e9l, forma parte del documental.<\/p>\n<p>&nbsp;<\/p>\n<p>El m\u00fasico hab\u00eda comentado a Central de Noticias semanas atr\u00e1s sobre<a href=\"https:\/\/cdnoticias.com\/index.php\/2021\/10\/20\/montoya-carlotto-sobre-la-serie-de-netflix-una-de-las-historias-es-la-de-mi-abuela\/\" target=\"_blank\" rel=\"noopener\"> la experiencia de participar en el proyecto<\/a>: <em>&#8220;escrib\u00ed una pieza que se llama\u00a0\u201cLa silla vac\u00eda\u201d,\u00a0se la mostr\u00e9 les pareci\u00f3 que cuadra perfecto y seguimos avanzando, as\u00ed que esa pieza forma parte de esa banda de sonido&#8221;.<\/em><\/p>\n","protected":false},"excerpt":{"rendered":"<p>Se trata de una serie documental de Netflix protagonizado por el papa Francisco y que re\u00fane las historias de personas<\/p>\n","protected":false},"author":2,"featured_media":42384,"comment_status":"closed","ping_status":"closed","sticky":false,"template":"","format":"standard","meta":{"_jetpack_memberships_contains_paid_content":false,"footnotes":""},"categories":[5,1],"tags":[],"class_list":["post-42381","post","type-post","status-publish","format-standard","has-post-thumbnail","hentry","category-informacion-general","category-portada"],"jetpack_featured_media_url":"https:\/\/i0.wp.com\/cdnoticias.com\/wp-content\/uploads\/2021\/12\/ignacio01.png?fit=1078%2C511&ssl=1","jetpack_sharing_enabled":true,"_links":{"self":[{"href":"https:\/\/cdnoticias.com\/index.php\/wp-json\/wp\/v2\/posts\/42381","targetHints":{"allow":["GET"]}}],"collection":[{"href":"https:\/\/cdnoticias.com\/index.php\/wp-json\/wp\/v2\/posts"}],"about":[{"href":"https:\/\/cdnoticias.com\/index.php\/wp-json\/wp\/v2\/types\/post"}],"author":[{"embeddable":true,"href":"https:\/\/cdnoticias.com\/index.php\/wp-json\/wp\/v2\/users\/2"}],"replies":[{"embeddable":true,"href":"https:\/\/cdnoticias.com\/index.php\/wp-json\/wp\/v2\/comments?post=42381"}],"version-history":[{"count":0,"href":"https:\/\/cdnoticias.com\/index.php\/wp-json\/wp\/v2\/posts\/42381\/revisions"}],"wp:featuredmedia":[{"embeddable":true,"href":"https:\/\/cdnoticias.com\/index.php\/wp-json\/wp\/v2\/media\/42384"}],"wp:attachment":[{"href":"https:\/\/cdnoticias.com\/index.php\/wp-json\/wp\/v2\/media?parent=42381"}],"wp:term":[{"taxonomy":"category","embeddable":true,"href":"https:\/\/cdnoticias.com\/index.php\/wp-json\/wp\/v2\/categories?post=42381"},{"taxonomy":"post_tag","embeddable":true,"href":"https:\/\/cdnoticias.com\/index.php\/wp-json\/wp\/v2\/tags?post=42381"}],"curies":[{"name":"wp","href":"https:\/\/api.w.org\/{rel}","templated":true}]}}