{"id":42367,"date":"2021-12-24T19:48:33","date_gmt":"2021-12-24T22:48:33","guid":{"rendered":"http:\/\/www.centraldenoticias.com.ar\/?p=42367"},"modified":"2021-12-25T09:47:20","modified_gmt":"2021-12-25T12:47:20","slug":"el-equipo-de-central-de-noticias-te-desea-una-muy-feliz-navidad","status":"publish","type":"post","link":"https:\/\/cdnoticias.com\/index.php\/2021\/12\/24\/el-equipo-de-central-de-noticias-te-desea-una-muy-feliz-navidad\/","title":{"rendered":"\u00a1El equipo de Central de Noticias te desea una muy Feliz Navidad!"},"content":{"rendered":"<p>En v\u00edsperas de este 25 de diciembre, levantaremos la copa y brindaremos por vos, tus seres queridos y todos los olavarrienses.\u00a0<!--more--><\/p>\n<hr \/>\n<p>En v\u00edsperas de una nueva Navidad, el equipo de Central de Noticias decidi\u00f3 \u201cparar la pelota\u201d y <strong>desearte, de todo coraz\u00f3n, unas felices fiestas, en un contexto particular, en a\u00f1os particulares.<\/strong><\/p>\n<p>&nbsp;<\/p>\n<p>La pandemia no ces\u00f3 y as\u00ed lo demuestran los \u00faltimos n\u00fameros, tanto nacionales como provinciales y locales. Es dif\u00edcil -despu\u00e9s de tanto tiempo- dejar de juntarse, pero<strong> hay una alternativa mucho m\u00e1s importante que aparece en el horizonte: vacunarse.<\/strong><\/p>\n<p>&nbsp;<\/p>\n<blockquote><p>Charl\u00e1 con ese amigo o amiga que todav\u00eda no se vacun\u00f3; con aquel familiar que a\u00fan tiene miedo o no cuenta con toda la informaci\u00f3n, y charla con ese ser querido que tiene la oportunidad de vacunarse y as\u00ed, evitar contraer el virus y sufrir las consecuencias m\u00e1s agudas.<\/p><\/blockquote>\n<p>&nbsp;<\/p>\n<p>Deseamos que <strong>todo lo que venga sea con mucho amor, con esperanza y en pos de una comunidad cada vez m\u00e1s unida, que tenga prosperidad y crecimiento.<\/strong> Es una frase hecha pero vale la menci\u00f3n: si a Olavarr\u00eda le va bien, a todxs les ir\u00e1 bien.<\/p>\n<p>&nbsp;<\/p>\n<p>Por nuestra parte, <strong>celebramos una nueva fiesta plagada de proyectos, ideas, buenas noticias y un acompa\u00f1amiento que crece d\u00eda a d\u00eda, para hacer de la comunidad de Central de Noticias algo cada vez m\u00e1s grande.<\/strong><\/p>\n<p>&nbsp;<\/p>\n<p>Levantamos la copa por vos, <strong>\u00a1muy Feliz Navidad!<\/strong><\/p>\n","protected":false},"excerpt":{"rendered":"<p>En v\u00edsperas de este 25 de diciembre, levantaremos la copa y brindaremos por vos, tus seres queridos y todos los<\/p>\n","protected":false},"author":2,"featured_media":42368,"comment_status":"closed","ping_status":"closed","sticky":false,"template":"","format":"standard","meta":{"_jetpack_memberships_contains_paid_content":false,"footnotes":""},"categories":[5,1],"tags":[],"class_list":["post-42367","post","type-post","status-publish","format-standard","has-post-thumbnail","hentry","category-informacion-general","category-portada"],"jetpack_featured_media_url":"https:\/\/i0.wp.com\/cdnoticias.com\/wp-content\/uploads\/2021\/12\/navidad-cdn.jpg?fit=991%2C558&ssl=1","jetpack_sharing_enabled":true,"_links":{"self":[{"href":"https:\/\/cdnoticias.com\/index.php\/wp-json\/wp\/v2\/posts\/42367","targetHints":{"allow":["GET"]}}],"collection":[{"href":"https:\/\/cdnoticias.com\/index.php\/wp-json\/wp\/v2\/posts"}],"about":[{"href":"https:\/\/cdnoticias.com\/index.php\/wp-json\/wp\/v2\/types\/post"}],"author":[{"embeddable":true,"href":"https:\/\/cdnoticias.com\/index.php\/wp-json\/wp\/v2\/users\/2"}],"replies":[{"embeddable":true,"href":"https:\/\/cdnoticias.com\/index.php\/wp-json\/wp\/v2\/comments?post=42367"}],"version-history":[{"count":0,"href":"https:\/\/cdnoticias.com\/index.php\/wp-json\/wp\/v2\/posts\/42367\/revisions"}],"wp:featuredmedia":[{"embeddable":true,"href":"https:\/\/cdnoticias.com\/index.php\/wp-json\/wp\/v2\/media\/42368"}],"wp:attachment":[{"href":"https:\/\/cdnoticias.com\/index.php\/wp-json\/wp\/v2\/media?parent=42367"}],"wp:term":[{"taxonomy":"category","embeddable":true,"href":"https:\/\/cdnoticias.com\/index.php\/wp-json\/wp\/v2\/categories?post=42367"},{"taxonomy":"post_tag","embeddable":true,"href":"https:\/\/cdnoticias.com\/index.php\/wp-json\/wp\/v2\/tags?post=42367"}],"curies":[{"name":"wp","href":"https:\/\/api.w.org\/{rel}","templated":true}]}}