{"id":42353,"date":"2021-12-24T17:52:11","date_gmt":"2021-12-24T20:52:11","guid":{"rendered":"http:\/\/www.centraldenoticias.com.ar\/?p=42353"},"modified":"2021-12-24T18:17:46","modified_gmt":"2021-12-24T21:17:46","slug":"celebrar-sin-pirotecnia-sonora-mas-luces-menos-ruido","status":"publish","type":"post","link":"https:\/\/cdnoticias.com\/index.php\/2021\/12\/24\/celebrar-sin-pirotecnia-sonora-mas-luces-menos-ruido\/","title":{"rendered":"Celebrar sin pirotecnia sonora: \u201cM\u00e1s luces, menos ruido\u201d"},"content":{"rendered":"<p>En la previa a la Navidad, se reforz\u00f3 la campa\u00f1a del Municipio que busca evitar este tipo de celebraciones que son nocivas para personas y mascotas. No hay habilitados en la ciudad locales de venta de pirotecnia.<!--more--><\/p>\n<hr \/>\n<p>Las celebraciones navide\u00f1as y el A\u00f1o Nuevo traen consigo ciertas pr\u00e1cticas y tradiciones a la hora de festejar, como<strong> la utilizaci\u00f3n de pirotecnia sonora, que impacta nocivamente en personas que tienen discapacidad intelectual, trastorno de hiperactividad con d\u00e9ficit de atenci\u00f3n, con condiciones del espectro autista, y otras problem\u00e1ticas de salud mental; ni\u00f1os y ni\u00f1as, personas mayores, beb\u00e9s y mascotas.<\/strong><\/p>\n<p>&nbsp;<\/p>\n<p>En este contexto, y bajo el lema<strong> \u201cM\u00e1s luces, menos ruido\u201d, el Municipio impulsa una campa\u00f1a de concientizaci\u00f3n<\/strong>, mediante la cual invita a la sociedad a encontrar otros modos de celebraci\u00f3n en estas fiestas, donde la forma de festejar sea un lugar de encuentro que no cause da\u00f1o a nadie.<\/p>\n<p>&nbsp;<\/p>\n<p><span style=\"text-decoration: underline;\"><strong>Efectos nocivos en la salud de las personas y animales<\/strong><\/span><\/p>\n<p>&nbsp;<\/p>\n<p><strong>La pirotecnia sonora duplica el estruendo que nuestro organismo es capaz de soportar<\/strong>. Lo que durante a\u00f1os aceptamos como forma de festejo, y no cuestionamos, es nocivo para nuestra salud y la de animales de diversas maneras.<strong> Las explosiones provocan lesiones auditivas, y otros efectos desagradables.<\/strong><\/p>\n<p>&nbsp;<\/p>\n<p><strong>Las personas mayores en ciertas circunstancias de salud sufren el impacto causado por la pirotecnia sonora<\/strong> ya que, generalmente, interrumpe sus horas de sue\u00f1o y descanso, provoc\u00e1ndoles tensi\u00f3n y sobresaltos. Quienes tienen Alzheimer, adem\u00e1s, sufren otros padecimientos como desorientaci\u00f3n, nerviosismo e insomnio.<\/p>\n<p>&nbsp;<\/p>\n<p><strong>Las personas con hipersensibilidad auditiva padecen especialmente la contaminaci\u00f3n ac\u00fastica<\/strong> causada por los fuegos artificiales, es el caso de las personas con condiciones del espectro autista, quienes sufren angustia, ansiedad, tensi\u00f3n, conductas estereotipadas y repetitivas, seg\u00fan cada situaci\u00f3n. En ocasiones, su mayor sensibilidad auditiva las lleva a tomar una actitud agresiva como forma de manifestar la molestia y llegan, incluso, a autolesionarse.<\/p>\n<p>&nbsp;<\/p>\n<p><strong>Las y los reci\u00e9n nacidos, beb\u00e9s y las infancias en general sufren la contaminaci\u00f3n ac\u00fastica causada por la pirotecnia sonora<\/strong> ya que, adem\u00e1s de provocarles miedo y estr\u00e9s, interrumpe sus horas de sue\u00f1o y descanso.<\/p>\n<p>&nbsp;<\/p>\n<p><strong>Nuestras mascotas tienen una capacidad auditiva mayor que la nuestra. Por eso sufren mucho los estruendos provocados por los fuegos artificiales<\/strong> ya que afectan sus sentidos, las perturban y atemorizan. Tambi\u00e9n pueden causarles p\u00e9rdida de la audici\u00f3n y ponerlas agresivas. El impacto en ellos es tan fuerte que pueden llegar a morir por paros card\u00edacos o atropellados al escapar a ra\u00edz del miedo generado por las explosiones.<\/p>\n<p>&nbsp;<\/p>\n<p><span style=\"text-decoration: underline;\"><strong>Ordenanza<\/strong><\/span><\/p>\n<p>&nbsp;<\/p>\n<p>Desde el a\u00f1o 2016, <strong>nuestro Municipio cuenta con la Ordenanza N\u00b0 4055 \/16, que declara a Olavarr\u00eda \u201clibre de pirotecnia\u201d, y establece la eliminaci\u00f3n del uso de elementos y dispositivos pirot\u00e9cnicos, en festividades, celebraciones o eventos p\u00fablicos oficiales organizados por el Ejecutivo<\/strong>; adem\u00e1s de la prohibici\u00f3n de productos de pirotecnia cuya sonoridad supere lo establecido en Ordenanza N\u00b0 3978 \/16, en t\u00e9rminos de contaminaci\u00f3n ac\u00fastica.<\/p>\n<p>&nbsp;<\/p>\n<p>La normativa proh\u00edbe:<\/p>\n<p>&nbsp;<\/p>\n<ul>\n<li>Vender elementos pirot\u00e9cnicos que no est\u00e9n debidamente registrados.<\/li>\n<\/ul>\n<p>&nbsp;<\/p>\n<ul>\n<li>La comercializaci\u00f3n de elementos pirot\u00e9cnicos en espacios sin la habilitaci\u00f3n correspondiente.<\/li>\n<\/ul>\n<p>&nbsp;<\/p>\n<ul>\n<li>Fumar en el sector de venta y\/o almacenamiento.<\/li>\n<\/ul>\n<p>&nbsp;<\/p>\n<ul>\n<li>Vender elementos pirot\u00e9cnicos a menores de 16 a\u00f1os.<\/li>\n<\/ul>\n<p>&nbsp;<\/p>\n<ul>\n<li>Almacenar, tener en guarda o dep\u00f3sito, material al alcance de terceros.<\/li>\n<\/ul>\n<p>&nbsp;<\/p>\n<ul>\n<li>Vender elementos y\/o dispositivos pirot\u00e9cnicos no autorizados por la Ordenanza.<\/li>\n<\/ul>\n<p>&nbsp;<\/p>\n<ul>\n<li>Almacenar, tener en guarda y\/o dep\u00f3sito, elementos pirot\u00e9cnicos cerca de materiales inflamables, f\u00f3sforos, encendedores, fuentes de calor, calentadores, estufas, etc.<\/li>\n<\/ul>\n","protected":false},"excerpt":{"rendered":"<p>En la previa a la Navidad, se reforz\u00f3 la campa\u00f1a del Municipio que busca evitar este tipo de celebraciones que<\/p>\n","protected":false},"author":2,"featured_media":42354,"comment_status":"closed","ping_status":"closed","sticky":false,"template":"","format":"standard","meta":{"_jetpack_memberships_contains_paid_content":false,"footnotes":""},"categories":[5,1],"tags":[],"class_list":["post-42353","post","type-post","status-publish","format-standard","has-post-thumbnail","hentry","category-informacion-general","category-portada"],"jetpack_featured_media_url":"https:\/\/i0.wp.com\/cdnoticias.com\/wp-content\/uploads\/2021\/12\/image_content_9232167_20180102152822-2-1.jpg?fit=920%2C517&ssl=1","jetpack_sharing_enabled":true,"_links":{"self":[{"href":"https:\/\/cdnoticias.com\/index.php\/wp-json\/wp\/v2\/posts\/42353","targetHints":{"allow":["GET"]}}],"collection":[{"href":"https:\/\/cdnoticias.com\/index.php\/wp-json\/wp\/v2\/posts"}],"about":[{"href":"https:\/\/cdnoticias.com\/index.php\/wp-json\/wp\/v2\/types\/post"}],"author":[{"embeddable":true,"href":"https:\/\/cdnoticias.com\/index.php\/wp-json\/wp\/v2\/users\/2"}],"replies":[{"embeddable":true,"href":"https:\/\/cdnoticias.com\/index.php\/wp-json\/wp\/v2\/comments?post=42353"}],"version-history":[{"count":0,"href":"https:\/\/cdnoticias.com\/index.php\/wp-json\/wp\/v2\/posts\/42353\/revisions"}],"wp:featuredmedia":[{"embeddable":true,"href":"https:\/\/cdnoticias.com\/index.php\/wp-json\/wp\/v2\/media\/42354"}],"wp:attachment":[{"href":"https:\/\/cdnoticias.com\/index.php\/wp-json\/wp\/v2\/media?parent=42353"}],"wp:term":[{"taxonomy":"category","embeddable":true,"href":"https:\/\/cdnoticias.com\/index.php\/wp-json\/wp\/v2\/categories?post=42353"},{"taxonomy":"post_tag","embeddable":true,"href":"https:\/\/cdnoticias.com\/index.php\/wp-json\/wp\/v2\/tags?post=42353"}],"curies":[{"name":"wp","href":"https:\/\/api.w.org\/{rel}","templated":true}]}}