{"id":42347,"date":"2023-09-22T18:47:50","date_gmt":"2023-09-22T21:47:50","guid":{"rendered":"https:\/\/centraldeportes.com.ar\/?p=42347"},"modified":"2025-02-12T21:52:47","modified_gmt":"2025-02-13T00:52:47","slug":"lucas-janson-el-unico-olavarriense-que-festejo-en-la-fecha-entresemana","status":"publish","type":"post","link":"https:\/\/cdnoticias.com\/index.php\/2023\/09\/22\/lucas-janson-el-unico-olavarriense-que-festejo-en-la-fecha-entresemana\/","title":{"rendered":"Lucas Janson, el \u00fanico olavarriense que festej\u00f3 en la fecha entresemana"},"content":{"rendered":"<p>La Primera Divisi\u00f3n del f\u00fatbol argentino disput\u00f3 la 5\u00b0 fecha de la Copa de la Liga y adem\u00e1s del delantero, que convirti\u00f3 su primer gol con Boca, hubo otras tres presencias locales.<!--more--><\/p>\n<hr \/>\n<p>Este \u00faltimo jueves, la \u00e9lite del f\u00fatbol nacional finaliz\u00f3 la<strong> 5\u00b0 cita del segundo campeonato del a\u00f1o<\/strong> y fue con apariciones de los cuatro futbolistas de nuestra ciudad que militan en la categor\u00eda. La novedad de la jornada lleg\u00f3 desde Santiago del Estero, con el <a href=\"https:\/\/cdnoticias.com\/lucas-janson-tuvo-su-bautismo-de-gol-con-la-camiseta-xeneize\/\">primer gol<\/a> de Lucas Janson con la camiseta de Boca.<\/p>\n<p>&nbsp;<\/p>\n<p>El ex V\u00e9lez volvi\u00f3 al gol frente a Central C\u00f3rdoba, en la goleada 3 a 0 de Boca en el Madre de Ciudades.<strong> Janson fue de la partida, ampli\u00f3 la diferencia \u201cXeneize\u201d a los 16\u2019 del segundo tiempo<\/strong> y m\u00e1s tarde sali\u00f3 reemplazado a los 73\u2019 por Luis Adv\u00edncula.<\/p>\n<p>&nbsp;<\/p>\n<p>Por otro lado, en la apertura de la fecha, Lan\u00fas, que a\u00fan no puede sumar de a tres, igual\u00f3 0 a 0 con Sarmiento de Jun\u00edn en La Fortaleza. <strong>Pedro De la Vega comenz\u00f3 el partido en el once inicial y complet\u00f3 los 90\u2019<\/strong>.<\/p>\n<p>&nbsp;<\/p>\n<figure id=\"attachment_42349\" aria-describedby=\"caption-attachment-42349\" style=\"width: 630px\" class=\"wp-caption aligncenter\"><img data-recalc-dims=\"1\" loading=\"lazy\" decoding=\"async\" class=\"wp-image-42349\" src=\"https:\/\/i0.wp.com\/cdnoticias.com\/wp-content\/uploads\/2023\/09\/Braian-Guille-vs-Instituto-Fecha-5-Copa-de-la-Liga.jpg?resize=630%2C437&#038;ssl=1\" alt=\"\" width=\"630\" height=\"437\" \/><figcaption id=\"caption-attachment-42349\" class=\"wp-caption-text\">Cr\u00e9dito: Colon Oficial<\/figcaption><\/figure>\n<p>&nbsp;<\/p>\n<p>En Alta C\u00f3rdoba, Col\u00f3n de Santa Fe tropez\u00f3 con Instituto. El \u201cSabalero\u201d, que ven\u00eda siendo puntero de la Zona A, perdi\u00f3 3 a 1 ante \u201cLa Gloria\u201d. <strong>Braian Guille arranc\u00f3 de suplente en el elenco santafesino y luego, a los 73\u2019, ingres\u00f3 por el ex River, Tom\u00e1s Galv\u00e1n<\/strong>.<\/p>\n<p>&nbsp;<\/p>\n<p><strong>A la par, quien tambi\u00e9n integr\u00f3 el banco de suplentes, pero sin minutos en cancha fue Braian Salvareschi con Godoy Cruz<\/strong>. El \u201cTomba\u201d fue visitante de Uni\u00f3n y terminaron repartiendo puntos luego de empatar 0 a 0 en el Estadio 15 de Abril.<\/p>\n<p>&nbsp;<\/p>\n<p><em><strong>Foto: Boca Juniors Oficial.<\/strong><\/em><\/p>\n","protected":false},"excerpt":{"rendered":"<p>La Primera Divisi\u00f3n del f\u00fatbol argentino disput\u00f3 la 5\u00b0 fecha de la Copa de la Liga y adem\u00e1s del delantero,<\/p>\n","protected":false},"author":96739694,"featured_media":157639,"comment_status":"closed","ping_status":"closed","sticky":false,"template":"","format":"standard","meta":{"_jetpack_memberships_contains_paid_content":false,"footnotes":""},"categories":[37,1],"tags":[],"class_list":["post-42347","post","type-post","status-publish","format-standard","has-post-thumbnail","hentry","category-futbol-profesional","category-portada"],"jetpack_featured_media_url":"https:\/\/i0.wp.com\/cdnoticias.com\/wp-content\/uploads\/2023\/09\/Lucas-Janson-Boca-vs-Central-Cordoba.jpg?fit=1200%2C841&ssl=1","jetpack_sharing_enabled":true,"_links":{"self":[{"href":"https:\/\/cdnoticias.com\/index.php\/wp-json\/wp\/v2\/posts\/42347","targetHints":{"allow":["GET"]}}],"collection":[{"href":"https:\/\/cdnoticias.com\/index.php\/wp-json\/wp\/v2\/posts"}],"about":[{"href":"https:\/\/cdnoticias.com\/index.php\/wp-json\/wp\/v2\/types\/post"}],"author":[{"embeddable":true,"href":"https:\/\/cdnoticias.com\/index.php\/wp-json\/wp\/v2\/users\/96739694"}],"replies":[{"embeddable":true,"href":"https:\/\/cdnoticias.com\/index.php\/wp-json\/wp\/v2\/comments?post=42347"}],"version-history":[{"count":0,"href":"https:\/\/cdnoticias.com\/index.php\/wp-json\/wp\/v2\/posts\/42347\/revisions"}],"wp:featuredmedia":[{"embeddable":true,"href":"https:\/\/cdnoticias.com\/index.php\/wp-json\/wp\/v2\/media\/157639"}],"wp:attachment":[{"href":"https:\/\/cdnoticias.com\/index.php\/wp-json\/wp\/v2\/media?parent=42347"}],"wp:term":[{"taxonomy":"category","embeddable":true,"href":"https:\/\/cdnoticias.com\/index.php\/wp-json\/wp\/v2\/categories?post=42347"},{"taxonomy":"post_tag","embeddable":true,"href":"https:\/\/cdnoticias.com\/index.php\/wp-json\/wp\/v2\/tags?post=42347"}],"curies":[{"name":"wp","href":"https:\/\/api.w.org\/{rel}","templated":true}]}}