{"id":42337,"date":"2021-12-25T09:47:05","date_gmt":"2021-12-25T12:47:05","guid":{"rendered":"http:\/\/www.centraldenoticias.com.ar\/?p=42337"},"modified":"2021-12-25T10:19:06","modified_gmt":"2021-12-25T13:19:06","slug":"kicillof-oficializo-el-bono-de-20-mil-es-para-todos-lo-estatales-por-igual","status":"publish","type":"post","link":"https:\/\/cdnoticias.com\/index.php\/2021\/12\/25\/kicillof-oficializo-el-bono-de-20-mil-es-para-todos-lo-estatales-por-igual\/","title":{"rendered":"Kicillof oficializ\u00f3 el bono de $20 mil: es para todos lo estatales por igual"},"content":{"rendered":"<p>El gobernador hizo el anuncio formal en una reuni\u00f3n con dirigentes gremiales. Lo cobran todos los trabajadores por igual, sin importar el rango.<!--more--><\/p>\n<hr \/>\n<p>El gobernador Axel Kicillof oficializ\u00f3 el bono de fin de a\u00f1o que cobrar\u00e1n<strong> todos los trabajadores y trabajadoras del Estado bonaerense<\/strong>, incluyendo los de la llamada administraci\u00f3n central y tambi\u00e9n los m\u00e9dicos, judiciales, docentes y polic\u00edas, durante una reuni\u00f3n con los l\u00edderes de los gremios que los nuclean.<\/p>\n<p>&nbsp;<\/p>\n<p>En el encuentro, Kicillof indic\u00f3 que<em><strong> \u201cel objetivo de esta medida es aprovechar la mejora que se observa en la recaudaci\u00f3n para distribuir los resultados del crecimiento econ\u00f3mico con todos los trabajadores\u201d<\/strong>.<\/em> Y agreg\u00f3: <em>\u201cEsto es posible gracias a que al t\u00e9rmino de este a\u00f1o ya estaremos recuperando lo perdido durante la pandemia, que es una situaci\u00f3n excepcional\u201d.<\/em><\/p>\n<p>&nbsp;<\/p>\n<p>La medida coincide con el \u00faltimo<strong> acuerdo paritario que cerr\u00f3 el gobierno provincial con la casi totalidad de los gremios estatales \u2013solo est\u00e1 abierta la negociaci\u00f3n con los m\u00e9dicos de los hospitales p\u00fablicos-<\/strong> que llev\u00f3 el promedio de aumento salarial para este a\u00f1o por encima del 54%, es decir que probablemente supere a la inflaci\u00f3n.<\/p>\n<p>&nbsp;<\/p>\n<p><em>\u201cNuestro programa es ir recuperando en la medida de lo posible todo lo que se deterior\u00f3 el ingreso durante los cuatro a\u00f1os anteriores\u201d<\/em>, dijo Kicillof en referencia al <strong>gobierno de Mar\u00eda Eugenia Vidal.<\/strong><\/p>\n<p>&nbsp;<\/p>\n<p>Seg\u00fan explicaron a DIB fuentes del Ejecutivo y gremiales,<strong> el bono es extraordinario, no remunerativo y \u201cplano\u201d, es decir que todos los trabajadores lo cobran por igual, independientemente de su posici\u00f3n en el escalaf\u00f3n, $20 mil de bolsillo.<\/strong> El pago adem\u00e1s es personal, lo que significa que en el caso de trabajadores que tengan m\u00e1s de un cargo, algo com\u00fan por ejemplo entre los docenes, se cobra una sola vez.<\/p>\n<p>&nbsp;<\/p>\n<p><strong>Respecto de la fecha de pago, Kicillof les adelant\u00f3 a los gremios que la tesorer\u00eda ya tiene el dinero en disponibilidad<\/strong>\u00a0y que el pago se efectuar\u00e1 en funci\u00f3n de la capacidad de realizar la liquidaci\u00f3n que tenga cada jurisdicci\u00f3n. Lo m\u00e1s probable, en funci\u00f3n de los tiempos, es que <strong>la mayor\u00eda lo cobre con los sueldos de diciembre, los primeros d\u00edas de enero, aunque algunos podr\u00edan percibirlo ya la semana que viene.<\/strong><\/p>\n<p>&nbsp;<\/p>\n<p>El <strong>ministro de econom\u00eda, Pablo L\u00f3pez,<\/strong> indic\u00f3 que el bono se acord\u00f3<em> \u201cen el marco del di\u00e1logo permanente que tenemos con los gremios\u201d<\/em> y resalt\u00f3 que <em>\u201cel balance de estos dos a\u00f1os es muy positivo en t\u00e9rminos de los objetivos que planteamos para mejorar las condiciones de trabajo y el poder adquisitivo de los trabajadores\u201d.<\/em><\/p>\n<p>&nbsp;<\/p>\n<p><em>\u201cDespu\u00e9s de una etapa en la que se perdi\u00f3 un 25% de salario real, empezamos un periodo de recuperaci\u00f3n a\u00fan en un contexto muy dif\u00edcil para todos\u201d<\/em>, explic\u00f3 por su parte la<strong> titular de Trabajo, Mara Ruiz Malec.<\/strong><\/p>\n<p>&nbsp;<\/p>\n<p>Fuente: DIB<\/p>\n","protected":false},"excerpt":{"rendered":"<p>El gobernador hizo el anuncio formal en una reuni\u00f3n con dirigentes gremiales. Lo cobran todos los trabajadores por igual, sin<\/p>\n","protected":false},"author":5,"featured_media":42338,"comment_status":"closed","ping_status":"closed","sticky":false,"template":"","format":"standard","meta":{"_jetpack_memberships_contains_paid_content":false,"footnotes":""},"categories":[6,1],"tags":[],"class_list":["post-42337","post","type-post","status-publish","format-standard","has-post-thumbnail","hentry","category-nacionales","category-portada"],"jetpack_featured_media_url":"https:\/\/i0.wp.com\/cdnoticias.com\/wp-content\/uploads\/2021\/12\/Kici-gremios-696x463.jpg?fit=696%2C463&ssl=1","jetpack_sharing_enabled":true,"_links":{"self":[{"href":"https:\/\/cdnoticias.com\/index.php\/wp-json\/wp\/v2\/posts\/42337","targetHints":{"allow":["GET"]}}],"collection":[{"href":"https:\/\/cdnoticias.com\/index.php\/wp-json\/wp\/v2\/posts"}],"about":[{"href":"https:\/\/cdnoticias.com\/index.php\/wp-json\/wp\/v2\/types\/post"}],"author":[{"embeddable":true,"href":"https:\/\/cdnoticias.com\/index.php\/wp-json\/wp\/v2\/users\/5"}],"replies":[{"embeddable":true,"href":"https:\/\/cdnoticias.com\/index.php\/wp-json\/wp\/v2\/comments?post=42337"}],"version-history":[{"count":0,"href":"https:\/\/cdnoticias.com\/index.php\/wp-json\/wp\/v2\/posts\/42337\/revisions"}],"wp:featuredmedia":[{"embeddable":true,"href":"https:\/\/cdnoticias.com\/index.php\/wp-json\/wp\/v2\/media\/42338"}],"wp:attachment":[{"href":"https:\/\/cdnoticias.com\/index.php\/wp-json\/wp\/v2\/media?parent=42337"}],"wp:term":[{"taxonomy":"category","embeddable":true,"href":"https:\/\/cdnoticias.com\/index.php\/wp-json\/wp\/v2\/categories?post=42337"},{"taxonomy":"post_tag","embeddable":true,"href":"https:\/\/cdnoticias.com\/index.php\/wp-json\/wp\/v2\/tags?post=42337"}],"curies":[{"name":"wp","href":"https:\/\/api.w.org\/{rel}","templated":true}]}}