{"id":42335,"date":"2021-12-24T10:50:08","date_gmt":"2021-12-24T13:50:08","guid":{"rendered":"http:\/\/www.centraldenoticias.com.ar\/?p=42335"},"modified":"2021-12-24T15:53:29","modified_gmt":"2021-12-24T18:53:29","slug":"carrara-sobre-la-ley-contra-las-reelecciones-indefinidas-plantear-errores-ahora-me-parece-raro","status":"publish","type":"post","link":"https:\/\/cdnoticias.com\/index.php\/2021\/12\/24\/carrara-sobre-la-ley-contra-las-reelecciones-indefinidas-plantear-errores-ahora-me-parece-raro\/","title":{"rendered":"Carrara sobre la ley contra las reelecciones indefinidas: \u201cPlantear errores ahora me parece raro\u201d"},"content":{"rendered":"<p>El diputado provincial Juan Carrara se\u00f1al\u00f3 a Central de Noticias que \u201cen estas elecciones la ley ya se aplic\u00f3 y no hubo discusiones ni fallos en contra\u201d. Indic\u00f3 que rechazar\u00e1n el proyecto de Walter Abarca y analizar\u00e1n el de Juan Pablo Allan.<!--more--><\/p>\n<hr \/>\n<p>El<strong> diputado provincial de Juntos electo por la S\u00e9ptima secci\u00f3n Juan Carrara<\/strong> habl\u00f3 con <em>Central de Noticias<\/em> sobre el comunicado firmado por la ex gobernadora Mar\u00eda Eugenia Vidal y el diputado Cristian Ritondo que reafirma el <a href=\"https:\/\/cdnoticias.com\/index.php\/2021\/12\/23\/el-vidalismo-expreso-su-oposicion-a-las-reelecciones-indefinidas\/\" target=\"_blank\" rel=\"noopener\">rechazo hacia las reelecciones indefinidas.<\/a><\/p>\n<p>&nbsp;<\/p>\n<p>Carrara quien firm\u00f3 ese comunicado, asegur\u00f3 que se trat\u00f3 de un mensaje con dos destinatarios:<em><strong> \u201cde cara a la sociedad\u201d<\/strong><\/em> y <strong><em>\u201chacia la pol\u00edtica\u201d<\/em>.<\/strong> En ese sentido, indic\u00f3 que<em> \u201cse ven\u00eda hablando mucho del tema de las reelecciones\u201d<\/em> y es por eso que <em>\u201ccomo espacio decidimos dar a conocer nuestra postura\u201d.<\/em><\/p>\n<p>&nbsp;<\/p>\n<p>Sobre<strong> cambiar el inicio de la aplicaci\u00f3n en 2015, de forma retroactiva,<\/strong> asegur\u00f3 que<em> \u201ces una decisi\u00f3n que tiene que determinar la justicia\u201d<\/em>: \u201c<em>la norma se cumpli\u00f3, hubo concejales y legisladores que no pudieron ser reelectos este a\u00f1o, lo cual es bueno\u201d<\/em> y agreg\u00f3: <strong><em>\u201cla ley ya se cumpli\u00f3 una vez y la justicia no emiti\u00f3 ning\u00fan tipo de fallo en contrario. Me parece muy raro plantear una discusi\u00f3n tantos a\u00f1os despu\u00e9s&#8221;.<\/em><\/strong><\/p>\n<p>&nbsp;<\/p>\n<blockquote><p>En estas elecciones la ley ya se aplic\u00f3 y no hubo discusiones ni fallos en contra de la norma. Con lo cual plantear errores en un ley ahora me parece raro.<\/p><\/blockquote>\n<p>&nbsp;<\/p>\n<p><em>\u201cMe parece que 8 a\u00f1os en un cargo es suficiente para tratar de dejar lo mejor de uno\u201d<\/em>, resalt\u00f3 Carrara<em>: \u201cla carrera pol\u00edtica\u00a0no se termina en ese cargo, pueden seguir haciendo pol\u00edtica desde otro lugar\u201d.<\/em><\/p>\n<p>&nbsp;<\/p>\n<p>Tambi\u00e9n se expres\u00f3 respecto a los proyectos presentados por el diputado<strong> Walter Abarca<\/strong>, del FdT, que elimina cualquier l\u00edmite a las reelecciones y el presentado por el senador <strong>Juan Pablo Allan,<\/strong> de Juntos, que plantea <a href=\"https:\/\/cdnoticias.com\/index.php\/2021\/12\/23\/galli-mostro-modificaciones-al-proyecto-contra-las-reelecciones-indefinidas-para-evitar-trampas\/\" target=\"_blank\" rel=\"noopener\">modificaciones para evitar \u201ctrampas\u201d.<\/a><\/p>\n<p>&nbsp;<\/p>\n<p><strong>Adelant\u00f3 que rechazar\u00e1n el proyecto de Abarca y analizar\u00e1n el de Allan.<\/strong> Enfatiz\u00f3 que debe quedar en claro que <em>\u201c<strong>el primer mandato fue en 2015 y el segundo en 2019<\/strong>. Creo que eso es lo m\u00e1s importante, si se puede mejorar alg\u00fan vericueto legal que encontraron los intendentes para buscar la manera de ver si en el 2023 se pueden presentar, lo podemos acompa\u00f1ar\u201d.<\/em><\/p>\n<p>&nbsp;<\/p>\n<blockquote class=\"twitter-tweet\" data-width=\"550\" data-dnt=\"true\">\n<p lang=\"es\" dir=\"ltr\">Nuestro compromiso con los bonaerenses es claro: terminar con las pr\u00e1cticas pol\u00edticas que nos condenan al fracaso. La reelecci\u00f3n indefinida es una demanda de algunos sectores de la pol\u00edtica, que lo \u00fanico que les importa es el poder. La agenda de la gente es otra. <a href=\"https:\/\/twitter.com\/mariuvidal?ref_src=twsrc%5Etfw\">@mariuvidal<\/a> <a href=\"https:\/\/t.co\/GUMoycYgpD\">pic.twitter.com\/GUMoycYgpD<\/a><\/p>\n<p>&mdash; Juan Carrara (@JuanBCarrara) <a href=\"https:\/\/twitter.com\/JuanBCarrara\/status\/1474377915081048084?ref_src=twsrc%5Etfw\">December 24, 2021<\/a><\/p><\/blockquote>\n<p><script async src=\"https:\/\/platform.twitter.com\/widgets.js\" charset=\"utf-8\"><\/script><\/p>\n<p>&nbsp;<\/p>\n<p>Por \u00faltimo, el legislador hizo referencia en redes sociales a las diferentes lecturas que dan cuenta del enojo de un grupo de intendentes del espacio con la ex gobernadora Vidal. Resalt\u00f3 que <em>\u201cnuestro compromiso con los bonaerenses es claro: terminar con las pr\u00e1cticas pol\u00edticas que nos condenan al fracaso. <strong>La reelecci\u00f3n indefinida es una demanda de algunos sectores de la pol\u00edtica, que lo \u00fanico que les importa es el poder.<\/strong> La agenda de la gente es otra\u201d.<\/em><\/p>\n","protected":false},"excerpt":{"rendered":"<p>El diputado provincial Juan Carrara se\u00f1al\u00f3 a Central de Noticias que \u201cen estas elecciones la ley ya se aplic\u00f3 y<\/p>\n","protected":false},"author":5,"featured_media":4373,"comment_status":"closed","ping_status":"closed","sticky":false,"template":"","format":"standard","meta":{"_jetpack_memberships_contains_paid_content":false,"footnotes":""},"categories":[4,1],"tags":[],"class_list":["post-42335","post","type-post","status-publish","format-standard","has-post-thumbnail","hentry","category-politica","category-portada"],"jetpack_featured_media_url":"https:\/\/i0.wp.com\/cdnoticias.com\/wp-content\/uploads\/2020\/10\/Juan-Carrara.jpeg?fit=1280%2C853&ssl=1","jetpack_sharing_enabled":true,"_links":{"self":[{"href":"https:\/\/cdnoticias.com\/index.php\/wp-json\/wp\/v2\/posts\/42335","targetHints":{"allow":["GET"]}}],"collection":[{"href":"https:\/\/cdnoticias.com\/index.php\/wp-json\/wp\/v2\/posts"}],"about":[{"href":"https:\/\/cdnoticias.com\/index.php\/wp-json\/wp\/v2\/types\/post"}],"author":[{"embeddable":true,"href":"https:\/\/cdnoticias.com\/index.php\/wp-json\/wp\/v2\/users\/5"}],"replies":[{"embeddable":true,"href":"https:\/\/cdnoticias.com\/index.php\/wp-json\/wp\/v2\/comments?post=42335"}],"version-history":[{"count":0,"href":"https:\/\/cdnoticias.com\/index.php\/wp-json\/wp\/v2\/posts\/42335\/revisions"}],"wp:featuredmedia":[{"embeddable":true,"href":"https:\/\/cdnoticias.com\/index.php\/wp-json\/wp\/v2\/media\/4373"}],"wp:attachment":[{"href":"https:\/\/cdnoticias.com\/index.php\/wp-json\/wp\/v2\/media?parent=42335"}],"wp:term":[{"taxonomy":"category","embeddable":true,"href":"https:\/\/cdnoticias.com\/index.php\/wp-json\/wp\/v2\/categories?post=42335"},{"taxonomy":"post_tag","embeddable":true,"href":"https:\/\/cdnoticias.com\/index.php\/wp-json\/wp\/v2\/tags?post=42335"}],"curies":[{"name":"wp","href":"https:\/\/api.w.org\/{rel}","templated":true}]}}