{"id":42297,"date":"2021-12-24T16:00:50","date_gmt":"2021-12-24T19:00:50","guid":{"rendered":"http:\/\/www.centraldenoticias.com.ar\/?p=42297"},"modified":"2021-12-24T16:00:50","modified_gmt":"2021-12-24T19:00:50","slug":"reconocimiento-para-autoridades-y-docentes-de-la-facso","status":"publish","type":"post","link":"https:\/\/cdnoticias.com\/index.php\/2021\/12\/24\/reconocimiento-para-autoridades-y-docentes-de-la-facso\/","title":{"rendered":"Reconocimiento para autoridades y docentes de la FACSO"},"content":{"rendered":"<p>Se hizo entrega de medallas al personal que cumple 25 y 50 a\u00f1os y a las autoridades del per\u00edodo 2016-2021<!--more--><\/p>\n<hr \/>\n<p>&nbsp;<\/p>\n<p>El Rectorado de la <strong>Universidad Nacional del Centro de la Provincia de Buenos Aires<\/strong> <strong>entreg\u00f3 medallas recordatorias al personal que cumple 25 y 50 a\u00f1os al servicio de la Instituci\u00f3n<\/strong>, as\u00ed como a las<strong> autoridades de la U.N.C.P.B.A per\u00edodo 2016\u20132021.<\/strong><\/p>\n<p>&nbsp;<\/p>\n<p>De la <strong>Facultad de Ciencias Sociales<\/strong> recibieron las<strong> distinciones por los 25 a\u00f1os en la Universidad<\/strong> el <strong>Mag. Pablo Zamora,<\/strong> el <strong>Mag. Sergio Magallanes<\/strong> y el <strong>Esp. Maximiliano Peret.<\/strong> Tambi\u00e9n cumplieron <strong>25 a\u00f1os de servicio<\/strong> la <strong>Dra. Gabriela Edith Brook<\/strong>, el <strong>Dr. Rodolfo Eduardo Gentile<\/strong> y la<strong> Lic. Patricia P\u00e9rez.<\/strong><\/p>\n<p>&nbsp;<\/p>\n<p><img data-recalc-dims=\"1\" loading=\"lazy\" decoding=\"async\" class=\"aligncenter wp-image-42299 size-full\" src=\"https:\/\/i0.wp.com\/cdnoticias.com\/wp-content\/uploads\/2021\/12\/269853397_3542908792500767_7846485458084292722_n.jpg?resize=800%2C540&#038;ssl=1\" alt=\"\" width=\"800\" height=\"540\" srcset=\"https:\/\/i0.wp.com\/cdnoticias.com\/wp-content\/uploads\/2021\/12\/269853397_3542908792500767_7846485458084292722_n.jpg?w=800&amp;ssl=1 800w, https:\/\/i0.wp.com\/cdnoticias.com\/wp-content\/uploads\/2021\/12\/269853397_3542908792500767_7846485458084292722_n.jpg?resize=300%2C203&amp;ssl=1 300w, https:\/\/i0.wp.com\/cdnoticias.com\/wp-content\/uploads\/2021\/12\/269853397_3542908792500767_7846485458084292722_n.jpg?resize=768%2C518&amp;ssl=1 768w\" sizes=\"auto, (max-width: 800px) 100vw, 800px\" \/><\/p>\n<p>&nbsp;<\/p>\n<p><img data-recalc-dims=\"1\" loading=\"lazy\" decoding=\"async\" class=\"aligncenter wp-image-42300 size-full\" src=\"https:\/\/i0.wp.com\/cdnoticias.com\/wp-content\/uploads\/2021\/12\/269984462_3542908685834111_8496788846283776626_n.jpg?resize=800%2C473&#038;ssl=1\" alt=\"\" width=\"800\" height=\"473\" srcset=\"https:\/\/i0.wp.com\/cdnoticias.com\/wp-content\/uploads\/2021\/12\/269984462_3542908685834111_8496788846283776626_n.jpg?w=800&amp;ssl=1 800w, https:\/\/i0.wp.com\/cdnoticias.com\/wp-content\/uploads\/2021\/12\/269984462_3542908685834111_8496788846283776626_n.jpg?resize=300%2C177&amp;ssl=1 300w, https:\/\/i0.wp.com\/cdnoticias.com\/wp-content\/uploads\/2021\/12\/269984462_3542908685834111_8496788846283776626_n.jpg?resize=768%2C454&amp;ssl=1 768w\" sizes=\"auto, (max-width: 800px) 100vw, 800px\" \/><\/p>\n<p>&nbsp;<\/p>\n<p><img data-recalc-dims=\"1\" loading=\"lazy\" decoding=\"async\" class=\"aligncenter wp-image-42301 size-full\" src=\"https:\/\/i0.wp.com\/cdnoticias.com\/wp-content\/uploads\/2021\/12\/269079407_3542908529167460_7051485020085641390_n.jpg?resize=800%2C561&#038;ssl=1\" alt=\"\" width=\"800\" height=\"561\" srcset=\"https:\/\/i0.wp.com\/cdnoticias.com\/wp-content\/uploads\/2021\/12\/269079407_3542908529167460_7051485020085641390_n.jpg?w=800&amp;ssl=1 800w, https:\/\/i0.wp.com\/cdnoticias.com\/wp-content\/uploads\/2021\/12\/269079407_3542908529167460_7051485020085641390_n.jpg?resize=300%2C210&amp;ssl=1 300w, https:\/\/i0.wp.com\/cdnoticias.com\/wp-content\/uploads\/2021\/12\/269079407_3542908529167460_7051485020085641390_n.jpg?resize=768%2C539&amp;ssl=1 768w, https:\/\/i0.wp.com\/cdnoticias.com\/wp-content\/uploads\/2021\/12\/269079407_3542908529167460_7051485020085641390_n.jpg?resize=130%2C90&amp;ssl=1 130w\" sizes=\"auto, (max-width: 800px) 100vw, 800px\" \/><\/p>\n<p>&nbsp;<\/p>\n<p>&nbsp;<\/p>\n<p>Por otro lado, la <strong>Lic. Gabriela Gamberini y la Dra. Mar\u00eda\u00a0Guti\u00e9rrez<\/strong> fueron <strong>distinguidas por su gesti\u00f3n como\u00a0decana y vicedecana<\/strong>, respectivamente, en el<strong> per\u00edodo 2016-2021.<\/strong> En el acto particip\u00f3 tambi\u00e9n la<strong> vicedecana de la FACSO, Dra. Mar\u00eda Luz Endere.<\/strong><\/p>\n<p>&nbsp;<\/p>\n<p><img data-recalc-dims=\"1\" loading=\"lazy\" decoding=\"async\" class=\"aligncenter wp-image-42302 size-full\" src=\"https:\/\/i0.wp.com\/cdnoticias.com\/wp-content\/uploads\/2021\/12\/269783741_3542908399167473_6079502283998461465_n.jpg?resize=800%2C535&#038;ssl=1\" alt=\"\" width=\"800\" height=\"535\" srcset=\"https:\/\/i0.wp.com\/cdnoticias.com\/wp-content\/uploads\/2021\/12\/269783741_3542908399167473_6079502283998461465_n.jpg?w=800&amp;ssl=1 800w, https:\/\/i0.wp.com\/cdnoticias.com\/wp-content\/uploads\/2021\/12\/269783741_3542908399167473_6079502283998461465_n.jpg?resize=300%2C201&amp;ssl=1 300w, https:\/\/i0.wp.com\/cdnoticias.com\/wp-content\/uploads\/2021\/12\/269783741_3542908399167473_6079502283998461465_n.jpg?resize=768%2C514&amp;ssl=1 768w, https:\/\/i0.wp.com\/cdnoticias.com\/wp-content\/uploads\/2021\/12\/269783741_3542908399167473_6079502283998461465_n.jpg?resize=272%2C182&amp;ssl=1 272w\" sizes=\"auto, (max-width: 800px) 100vw, 800px\" \/><\/p>\n<p>&nbsp;<\/p>\n<p><img data-recalc-dims=\"1\" loading=\"lazy\" decoding=\"async\" class=\"aligncenter wp-image-42303 size-full\" src=\"https:\/\/i0.wp.com\/cdnoticias.com\/wp-content\/uploads\/2021\/12\/269838257_3542908255834154_317652118606439957_n.jpg?resize=800%2C535&#038;ssl=1\" alt=\"\" width=\"800\" height=\"535\" srcset=\"https:\/\/i0.wp.com\/cdnoticias.com\/wp-content\/uploads\/2021\/12\/269838257_3542908255834154_317652118606439957_n.jpg?w=800&amp;ssl=1 800w, https:\/\/i0.wp.com\/cdnoticias.com\/wp-content\/uploads\/2021\/12\/269838257_3542908255834154_317652118606439957_n.jpg?resize=300%2C201&amp;ssl=1 300w, https:\/\/i0.wp.com\/cdnoticias.com\/wp-content\/uploads\/2021\/12\/269838257_3542908255834154_317652118606439957_n.jpg?resize=768%2C514&amp;ssl=1 768w, https:\/\/i0.wp.com\/cdnoticias.com\/wp-content\/uploads\/2021\/12\/269838257_3542908255834154_317652118606439957_n.jpg?resize=272%2C182&amp;ssl=1 272w\" sizes=\"auto, (max-width: 800px) 100vw, 800px\" \/><\/p>\n<p>&nbsp;<\/p>\n<p>&nbsp;<\/p>\n<p>El <strong>acto fue transmitido en vivo<\/strong> y se encuentra disponible\u00a0<a href=\"https:\/\/www.youtube.com\/watch?v=l02AVsMmHB0\" target=\"_blank\" rel=\"noopener\">aqu\u00ed<\/a>.<\/p>\n<p>&nbsp;<\/p>\n<p>&nbsp;<\/p>\n","protected":false},"excerpt":{"rendered":"<p>Se hizo entrega de medallas al personal que cumple 25 y 50 a\u00f1os y a las autoridades del per\u00edodo 2016-2021<\/p>\n","protected":false},"author":6,"featured_media":42298,"comment_status":"closed","ping_status":"closed","sticky":false,"template":"","format":"standard","meta":{"_jetpack_memberships_contains_paid_content":false,"footnotes":""},"categories":[5,1],"tags":[],"class_list":["post-42297","post","type-post","status-publish","format-standard","has-post-thumbnail","hentry","category-informacion-general","category-portada"],"jetpack_featured_media_url":"https:\/\/i0.wp.com\/cdnoticias.com\/wp-content\/uploads\/2021\/12\/269940600_3542908939167419_1789733217954464774_n.jpg?fit=960%2C547&ssl=1","jetpack_sharing_enabled":true,"_links":{"self":[{"href":"https:\/\/cdnoticias.com\/index.php\/wp-json\/wp\/v2\/posts\/42297","targetHints":{"allow":["GET"]}}],"collection":[{"href":"https:\/\/cdnoticias.com\/index.php\/wp-json\/wp\/v2\/posts"}],"about":[{"href":"https:\/\/cdnoticias.com\/index.php\/wp-json\/wp\/v2\/types\/post"}],"author":[{"embeddable":true,"href":"https:\/\/cdnoticias.com\/index.php\/wp-json\/wp\/v2\/users\/6"}],"replies":[{"embeddable":true,"href":"https:\/\/cdnoticias.com\/index.php\/wp-json\/wp\/v2\/comments?post=42297"}],"version-history":[{"count":0,"href":"https:\/\/cdnoticias.com\/index.php\/wp-json\/wp\/v2\/posts\/42297\/revisions"}],"wp:featuredmedia":[{"embeddable":true,"href":"https:\/\/cdnoticias.com\/index.php\/wp-json\/wp\/v2\/media\/42298"}],"wp:attachment":[{"href":"https:\/\/cdnoticias.com\/index.php\/wp-json\/wp\/v2\/media?parent=42297"}],"wp:term":[{"taxonomy":"category","embeddable":true,"href":"https:\/\/cdnoticias.com\/index.php\/wp-json\/wp\/v2\/categories?post=42297"},{"taxonomy":"post_tag","embeddable":true,"href":"https:\/\/cdnoticias.com\/index.php\/wp-json\/wp\/v2\/tags?post=42297"}],"curies":[{"name":"wp","href":"https:\/\/api.w.org\/{rel}","templated":true}]}}