{"id":42292,"date":"2021-12-23T16:45:14","date_gmt":"2021-12-23T19:45:14","guid":{"rendered":"http:\/\/www.centraldenoticias.com.ar\/?p=42292"},"modified":"2021-12-23T16:45:14","modified_gmt":"2021-12-23T19:45:14","slug":"corsos-2022-se-realizo-una-reunion-organizativa","status":"publish","type":"post","link":"https:\/\/cdnoticias.com\/index.php\/2021\/12\/23\/corsos-2022-se-realizo-una-reunion-organizativa\/","title":{"rendered":"Corsos 2022: se realiz\u00f3 una reuni\u00f3n organizativa"},"content":{"rendered":"<p>Los Corsos Oficiales se realizar\u00e1n los d\u00edas\u00a018, 19 y 20 de febrero en el Cors\u00f3dromo Municipal \u201cGabriel Antonio\u201d.<!--more--><\/p>\n<hr \/>\n<p>&nbsp;<\/p>\n<p>Este pasado<strong> mi\u00e9rcoles se realiz\u00f3 en la Casa del Bicentenario una reuni\u00f3n organizativa<\/strong> <strong>encabezada por el subsecretario de Cultura y Educaci\u00f3n Bruno Cenizo<\/strong>, representantes de las <strong>agrupaciones<\/strong> y dem\u00e1s <strong>funcionarios municipales<\/strong> de las \u00e1reas intervinientes.<\/p>\n<p>&nbsp;<\/p>\n<p>Este a\u00f1o, <strong>los Corsos Oficiales se realizar\u00e1n los d\u00edas 18, 19 y 20 de febrero en el Cors\u00f3dromo Municipal \u201cGabriel Antonio\u201d.<\/strong><\/p>\n<p>&nbsp;<\/p>\n<p>&#8220;Durante la misma, se acordaron <strong>diferentes acciones a llevar adelante en los pr\u00f3ximos d\u00edas<\/strong>, a la vez que se dialog\u00f3 sobre algunas <strong>cuestiones e inquietudes planteadas por las agrupaciones&#8221;<\/strong> se indic\u00f3.<\/p>\n<p>&nbsp;<\/p>\n<p>&#8220;Es importante recordar que estos <strong>Corsos Oficiales son los primeros en realizarse tras las restricciones que gener\u00f3 la pandemia<\/strong>, y requiere de un <strong>trabajo conjunto respecto a la organizaci\u00f3n,<\/strong> teniendo en cuenta que ser\u00e1 una <strong>nueva oportunidad <\/strong>para cada agrupaci\u00f3n <strong>de visibilizar el trabajo de todo un a\u00f1o<\/strong>&#8221; se agreg\u00f3.<\/p>\n<p>&nbsp;<\/p>\n<p>&nbsp;<\/p>\n<p>&nbsp;<\/p>\n","protected":false},"excerpt":{"rendered":"<p>Los Corsos Oficiales se realizar\u00e1n los d\u00edas\u00a018, 19 y 20 de febrero en el Cors\u00f3dromo Municipal \u201cGabriel Antonio\u201d.<\/p>\n","protected":false},"author":6,"featured_media":42293,"comment_status":"closed","ping_status":"closed","sticky":false,"template":"","format":"standard","meta":{"_jetpack_memberships_contains_paid_content":false,"footnotes":""},"categories":[9],"tags":[],"class_list":["post-42292","post","type-post","status-publish","format-standard","has-post-thumbnail","hentry","category-cultura"],"jetpack_featured_media_url":"https:\/\/i0.wp.com\/cdnoticias.com\/wp-content\/uploads\/2021\/12\/Cultura-Reunion-Corsos-2022-4.jpg?fit=1280%2C958&ssl=1","jetpack_sharing_enabled":true,"_links":{"self":[{"href":"https:\/\/cdnoticias.com\/index.php\/wp-json\/wp\/v2\/posts\/42292","targetHints":{"allow":["GET"]}}],"collection":[{"href":"https:\/\/cdnoticias.com\/index.php\/wp-json\/wp\/v2\/posts"}],"about":[{"href":"https:\/\/cdnoticias.com\/index.php\/wp-json\/wp\/v2\/types\/post"}],"author":[{"embeddable":true,"href":"https:\/\/cdnoticias.com\/index.php\/wp-json\/wp\/v2\/users\/6"}],"replies":[{"embeddable":true,"href":"https:\/\/cdnoticias.com\/index.php\/wp-json\/wp\/v2\/comments?post=42292"}],"version-history":[{"count":0,"href":"https:\/\/cdnoticias.com\/index.php\/wp-json\/wp\/v2\/posts\/42292\/revisions"}],"wp:featuredmedia":[{"embeddable":true,"href":"https:\/\/cdnoticias.com\/index.php\/wp-json\/wp\/v2\/media\/42293"}],"wp:attachment":[{"href":"https:\/\/cdnoticias.com\/index.php\/wp-json\/wp\/v2\/media?parent=42292"}],"wp:term":[{"taxonomy":"category","embeddable":true,"href":"https:\/\/cdnoticias.com\/index.php\/wp-json\/wp\/v2\/categories?post=42292"},{"taxonomy":"post_tag","embeddable":true,"href":"https:\/\/cdnoticias.com\/index.php\/wp-json\/wp\/v2\/tags?post=42292"}],"curies":[{"name":"wp","href":"https:\/\/api.w.org\/{rel}","templated":true}]}}