{"id":42283,"date":"2021-12-23T16:02:45","date_gmt":"2021-12-23T19:02:45","guid":{"rendered":"http:\/\/www.centraldenoticias.com.ar\/?p=42283"},"modified":"2021-12-23T16:02:45","modified_gmt":"2021-12-23T19:02:45","slug":"giro-como-sera-la-recoleccion-de-residuos-en-las-fiestas","status":"publish","type":"post","link":"https:\/\/cdnoticias.com\/index.php\/2021\/12\/23\/giro-como-sera-la-recoleccion-de-residuos-en-las-fiestas\/","title":{"rendered":"GIRO: c\u00f3mo ser\u00e1 la recolecci\u00f3n de residuos en las fiestas"},"content":{"rendered":"<p>Se realiz\u00f3 una modificaci\u00f3n de recolecci\u00f3n para los hogares participantes de Los Robles, Municipales y San Vicente.\u00a0<!--more--><\/p>\n<hr \/>\n<p>&nbsp;<\/p>\n<p>Con motivo de los <strong>feriados de las fiestas<\/strong> y de acuerdo al <strong>cronograma que se fija<\/strong> todos los a\u00f1os para estas fechas, la<strong> empresa de recolecci\u00f3n Transportes Malvinas SRL<\/strong> comunic\u00f3 que <strong>no habr\u00e1 recolecci\u00f3n nocturna de residuos los d\u00edas 24 y 31<\/strong> de diciembre <strong>ni recolecci\u00f3n diurna los d\u00edas s\u00e1bado 25<\/strong> de diciembre y <strong>1ro de enero de 2022.<\/strong><\/p>\n<p>&nbsp;<\/p>\n<p>Desde <strong>GIRO<\/strong> se decidi\u00f3 <strong>realizar una modificaci\u00f3n de recolecci\u00f3n de basura para los hogares que participan del programa<\/strong>, de modo que <strong>no vean afectado el servicio.<\/strong><\/p>\n<p>&nbsp;<\/p>\n<p>Los residentes que se encuentran en <strong>Los Robles y Municipales<\/strong> tendr\u00e1n <strong>recolecci\u00f3n de basura los d\u00edas viernes 24 y 31 por la ma\u00f1ana<\/strong>, en lugar de reciclables.<\/p>\n<p>&nbsp;<\/p>\n<p>Los residentes de <strong>San Vicente<\/strong> tendr\u00e1n un refuerzo de su servicio de<strong> recolecci\u00f3n <\/strong>de la corriente basura los d\u00edas <strong>jueves 23 y 30 de diciembre<\/strong> y los <strong>domingos 26 de diciembre y 2 de enero de 2022.<\/strong><\/p>\n<p>&nbsp;<\/p>\n<p>De esta forma, el <strong>cronograma de recolecci\u00f3n de GIRO<\/strong> para las pr\u00f3ximas dos semanas es el siguiente:<\/p>\n<p>&nbsp;<\/p>\n<p><strong>San Vicente: Recolecci\u00f3n siempre en horario nocturno<\/strong><\/p>\n<p>Lunes 20: basura<\/p>\n<p>Martes 21: reciclables<\/p>\n<p>Mi\u00e9rcoles\u00a022: compostables<\/p>\n<p>Jueves 23:\u00a0basura<\/p>\n<p>Viernes 24: sin recolecci\u00f3n<\/p>\n<p>S\u00e1bado 25 sin recolecci\u00f3n<\/p>\n<p>Domingo 26: basura<\/p>\n<p>Lunes 27: basura<\/p>\n<p>Martes 28: reciclables<\/p>\n<p>Mi\u00e9rcoles\u00a029: compostables<\/p>\n<p>Jueves 30:\u00a0basura<\/p>\n<p>Viernes 31: sin recolecci\u00f3n<\/p>\n<p>S\u00e1bado 1: sin recolecci\u00f3n<\/p>\n<p>Domingo 2: basura<\/p>\n<p>&nbsp;<\/p>\n<p><img data-recalc-dims=\"1\" loading=\"lazy\" decoding=\"async\" class=\"aligncenter wp-image-42287 size-large\" src=\"https:\/\/i0.wp.com\/cdnoticias.com\/wp-content\/uploads\/2021\/12\/WhatsApp-Image-2021-12-23-at-14.46.25.jpeg?resize=800%2C1000&#038;ssl=1\" alt=\"\" width=\"800\" height=\"1000\" srcset=\"https:\/\/i0.wp.com\/cdnoticias.com\/wp-content\/uploads\/2021\/12\/WhatsApp-Image-2021-12-23-at-14.46.25.jpeg?resize=819%2C1024&amp;ssl=1 819w, https:\/\/i0.wp.com\/cdnoticias.com\/wp-content\/uploads\/2021\/12\/WhatsApp-Image-2021-12-23-at-14.46.25.jpeg?resize=240%2C300&amp;ssl=1 240w, https:\/\/i0.wp.com\/cdnoticias.com\/wp-content\/uploads\/2021\/12\/WhatsApp-Image-2021-12-23-at-14.46.25.jpeg?resize=768%2C960&amp;ssl=1 768w, https:\/\/i0.wp.com\/cdnoticias.com\/wp-content\/uploads\/2021\/12\/WhatsApp-Image-2021-12-23-at-14.46.25.jpeg?w=1024&amp;ssl=1 1024w\" sizes=\"auto, (max-width: 800px) 100vw, 800px\" \/><\/p>\n<p>&nbsp;<\/p>\n<p><strong>Los Robles y Municipales: Recolecci\u00f3n siempre en horario diurno<\/strong><\/p>\n<p>Lunes 20: sin recolecci\u00f3n<\/p>\n<p>Martes 21: basura<\/p>\n<p>Mi\u00e9rcoles 22: sin recolecci\u00f3n<\/p>\n<p>Jueves 23: compostables<\/p>\n<p>Viernes 24: basura<\/p>\n<p>S\u00e1bado 25: sin recolecci\u00f3n<\/p>\n<p>Domingo 26: sin recolecci\u00f3n<\/p>\n<p>Lunes 27: sin recolecci\u00f3n<\/p>\n<p>Martes 28: basura<\/p>\n<p>Mi\u00e9rcoles\u00a029: sin recolecci\u00f3n<\/p>\n<p>Jueves 30: compostables<\/p>\n<p>Viernes 31:\u00a0basura<\/p>\n<p>S\u00e1bado 1: sin recolecci\u00f3n<\/p>\n<p>Domingo 2: sin recolecci\u00f3n<\/p>\n<p>&nbsp;<\/p>\n<p><img data-recalc-dims=\"1\" loading=\"lazy\" decoding=\"async\" class=\"aligncenter wp-image-42288 size-large\" src=\"https:\/\/i0.wp.com\/cdnoticias.com\/wp-content\/uploads\/2021\/12\/WhatsApp-Image-2021-12-23-at-14.46.23.jpeg?resize=800%2C1000&#038;ssl=1\" alt=\"\" width=\"800\" height=\"1000\" srcset=\"https:\/\/i0.wp.com\/cdnoticias.com\/wp-content\/uploads\/2021\/12\/WhatsApp-Image-2021-12-23-at-14.46.23.jpeg?resize=819%2C1024&amp;ssl=1 819w, https:\/\/i0.wp.com\/cdnoticias.com\/wp-content\/uploads\/2021\/12\/WhatsApp-Image-2021-12-23-at-14.46.23.jpeg?resize=240%2C300&amp;ssl=1 240w, https:\/\/i0.wp.com\/cdnoticias.com\/wp-content\/uploads\/2021\/12\/WhatsApp-Image-2021-12-23-at-14.46.23.jpeg?resize=768%2C960&amp;ssl=1 768w, https:\/\/i0.wp.com\/cdnoticias.com\/wp-content\/uploads\/2021\/12\/WhatsApp-Image-2021-12-23-at-14.46.23.jpeg?w=1024&amp;ssl=1 1024w\" sizes=\"auto, (max-width: 800px) 100vw, 800px\" \/><\/p>\n<p>&nbsp;<\/p>\n<p>&nbsp;<\/p>\n<p>&#8220;Con estos refuerzos <strong>se pretende minimizar el impacto de los cambios en los d\u00edas de recolecci\u00f3n debido a las fiestas.<\/strong> Estas modificaciones responden a la capacidad operativa de la empresa Transportes Malvinas SRL y las plantas de GIRO. Este esquema transitorio durante estas dos semanas permite mantener las frecuencias de recolecci\u00f3n de basura para los hogares dentro del programa GIRO de una forma compatible con el funcionamiento de las plantas de GIRO.&#8221; se indic\u00f3.<\/p>\n<p>&nbsp;<\/p>\n<p>A partir del <strong>3 de enero de 2022 se retomar\u00e1 el esquema habitual de GIRO para cada zona.<\/strong><\/p>\n<p>&nbsp;<\/p>\n","protected":false},"excerpt":{"rendered":"<p>Se realiz\u00f3 una modificaci\u00f3n de recolecci\u00f3n para los hogares participantes de Los Robles, Municipales y San Vicente.\u00a0<\/p>\n","protected":false},"author":6,"featured_media":23369,"comment_status":"closed","ping_status":"closed","sticky":false,"template":"","format":"standard","meta":{"_jetpack_memberships_contains_paid_content":false,"footnotes":""},"categories":[5,1],"tags":[],"class_list":["post-42283","post","type-post","status-publish","format-standard","has-post-thumbnail","hentry","category-informacion-general","category-portada"],"jetpack_featured_media_url":"https:\/\/i0.wp.com\/cdnoticias.com\/wp-content\/uploads\/2021\/06\/Desarrollo-Sustentable-GIRO-800x445.jpg?fit=800%2C445&ssl=1","jetpack_sharing_enabled":true,"_links":{"self":[{"href":"https:\/\/cdnoticias.com\/index.php\/wp-json\/wp\/v2\/posts\/42283","targetHints":{"allow":["GET"]}}],"collection":[{"href":"https:\/\/cdnoticias.com\/index.php\/wp-json\/wp\/v2\/posts"}],"about":[{"href":"https:\/\/cdnoticias.com\/index.php\/wp-json\/wp\/v2\/types\/post"}],"author":[{"embeddable":true,"href":"https:\/\/cdnoticias.com\/index.php\/wp-json\/wp\/v2\/users\/6"}],"replies":[{"embeddable":true,"href":"https:\/\/cdnoticias.com\/index.php\/wp-json\/wp\/v2\/comments?post=42283"}],"version-history":[{"count":0,"href":"https:\/\/cdnoticias.com\/index.php\/wp-json\/wp\/v2\/posts\/42283\/revisions"}],"wp:featuredmedia":[{"embeddable":true,"href":"https:\/\/cdnoticias.com\/index.php\/wp-json\/wp\/v2\/media\/23369"}],"wp:attachment":[{"href":"https:\/\/cdnoticias.com\/index.php\/wp-json\/wp\/v2\/media?parent=42283"}],"wp:term":[{"taxonomy":"category","embeddable":true,"href":"https:\/\/cdnoticias.com\/index.php\/wp-json\/wp\/v2\/categories?post=42283"},{"taxonomy":"post_tag","embeddable":true,"href":"https:\/\/cdnoticias.com\/index.php\/wp-json\/wp\/v2\/tags?post=42283"}],"curies":[{"name":"wp","href":"https:\/\/api.w.org\/{rel}","templated":true}]}}