{"id":42257,"date":"2021-12-23T13:21:51","date_gmt":"2021-12-23T16:21:51","guid":{"rendered":"http:\/\/www.centraldenoticias.com.ar\/?p=42257"},"modified":"2021-12-23T13:21:51","modified_gmt":"2021-12-23T16:21:51","slug":"realizaron-trabajos-de-bacheo-en-barrio-san-vicente","status":"publish","type":"post","link":"https:\/\/cdnoticias.com\/index.php\/2021\/12\/23\/realizaron-trabajos-de-bacheo-en-barrio-san-vicente\/","title":{"rendered":"Realizaron trabajos de bacheo en barrio San Vicente"},"content":{"rendered":"<p>Se realiz\u00f3 un fresado y retiro de una capa de pavimento, adem\u00e1s de colocar nuevo material y de esta forma, dejar la traza en \u00f3ptimas condiciones.\u00a0<!--more--><\/p>\n<hr \/>\n<p>Informado por la Secretar\u00eda de Obras P\u00fablicas del Municipio, <strong>se realizaron nuevas tareas de bacheo en el barrio San Vicente.<\/strong><\/p>\n<p>&nbsp;<\/p>\n<p>Las tareas actualmente se realizan en<strong> calle 9 de Julio, entre avenida Pueyrred\u00f3n y Collinet y se encuentran a cargo de personal municipal, con equipamiento vial propio (minicargadora Bobcat S5109), que permite la ejecuci\u00f3n de este tipo de obras.<\/strong><\/p>\n<p>&nbsp;<\/p>\n<blockquote><p>Los trabajos consisten, seg\u00fan se explic\u00f3, en el fresado y retiro de una capa de pavimento, la colocaci\u00f3n de nuevo material de bacheo y posterior compactaci\u00f3n con rodillo, para dejar la traza en \u00f3ptimas condiciones.<\/p><\/blockquote>\n<p>&nbsp;<\/p>\n<p>Dicho plan de mantenimiento \u2013que se ejecuta de manera rutinaria- tiene por finalidad <strong>mejorar el estado de las calles, la transitabilidad y la accesibilidad tanto para los vecinos del sector, que circulan a diario, como para los distintos servicios.<\/strong><\/p>\n<p>&nbsp;<\/p>\n<p><img data-recalc-dims=\"1\" loading=\"lazy\" decoding=\"async\" class=\"alignnone size-large wp-image-42258\" src=\"https:\/\/i0.wp.com\/cdnoticias.com\/wp-content\/uploads\/2021\/12\/Obras-Bacheo-en-San-Vicente-1.jpg?resize=800%2C600&#038;ssl=1\" alt=\"\" width=\"800\" height=\"600\" srcset=\"https:\/\/i0.wp.com\/cdnoticias.com\/wp-content\/uploads\/2021\/12\/Obras-Bacheo-en-San-Vicente-1.jpg?resize=1024%2C768&amp;ssl=1 1024w, https:\/\/i0.wp.com\/cdnoticias.com\/wp-content\/uploads\/2021\/12\/Obras-Bacheo-en-San-Vicente-1.jpg?resize=300%2C225&amp;ssl=1 300w, https:\/\/i0.wp.com\/cdnoticias.com\/wp-content\/uploads\/2021\/12\/Obras-Bacheo-en-San-Vicente-1.jpg?resize=768%2C576&amp;ssl=1 768w, https:\/\/i0.wp.com\/cdnoticias.com\/wp-content\/uploads\/2021\/12\/Obras-Bacheo-en-San-Vicente-1.jpg?w=1600&amp;ssl=1 1600w\" sizes=\"auto, (max-width: 800px) 100vw, 800px\" \/><\/p>\n<p>&nbsp;<\/p>\n<p>Cabe recordar que d\u00edas atr\u00e1s se efectuaron <strong>tareas similares de bacheo en los barrios Villa Mail\u00edn, Sarmiento y Santa Isabel, en el marco del cronograma semanal de trabajos que tiene el \u00e1rea de Mantenimiento Urbano, que cuenta con un relevamiento de los puntos m\u00e1s cr\u00edticos.<\/strong><\/p>\n","protected":false},"excerpt":{"rendered":"<p>Se realiz\u00f3 un fresado y retiro de una capa de pavimento, adem\u00e1s de colocar nuevo material y de esta forma,<\/p>\n","protected":false},"author":2,"featured_media":42259,"comment_status":"closed","ping_status":"closed","sticky":false,"template":"","format":"standard","meta":{"_jetpack_memberships_contains_paid_content":false,"footnotes":""},"categories":[5,1],"tags":[],"class_list":["post-42257","post","type-post","status-publish","format-standard","has-post-thumbnail","hentry","category-informacion-general","category-portada"],"jetpack_featured_media_url":"https:\/\/i0.wp.com\/cdnoticias.com\/wp-content\/uploads\/2021\/12\/Obras-Bacheo-en-San-Vicente-4.jpg?fit=1600%2C1200&ssl=1","jetpack_sharing_enabled":true,"_links":{"self":[{"href":"https:\/\/cdnoticias.com\/index.php\/wp-json\/wp\/v2\/posts\/42257","targetHints":{"allow":["GET"]}}],"collection":[{"href":"https:\/\/cdnoticias.com\/index.php\/wp-json\/wp\/v2\/posts"}],"about":[{"href":"https:\/\/cdnoticias.com\/index.php\/wp-json\/wp\/v2\/types\/post"}],"author":[{"embeddable":true,"href":"https:\/\/cdnoticias.com\/index.php\/wp-json\/wp\/v2\/users\/2"}],"replies":[{"embeddable":true,"href":"https:\/\/cdnoticias.com\/index.php\/wp-json\/wp\/v2\/comments?post=42257"}],"version-history":[{"count":0,"href":"https:\/\/cdnoticias.com\/index.php\/wp-json\/wp\/v2\/posts\/42257\/revisions"}],"wp:featuredmedia":[{"embeddable":true,"href":"https:\/\/cdnoticias.com\/index.php\/wp-json\/wp\/v2\/media\/42259"}],"wp:attachment":[{"href":"https:\/\/cdnoticias.com\/index.php\/wp-json\/wp\/v2\/media?parent=42257"}],"wp:term":[{"taxonomy":"category","embeddable":true,"href":"https:\/\/cdnoticias.com\/index.php\/wp-json\/wp\/v2\/categories?post=42257"},{"taxonomy":"post_tag","embeddable":true,"href":"https:\/\/cdnoticias.com\/index.php\/wp-json\/wp\/v2\/tags?post=42257"}],"curies":[{"name":"wp","href":"https:\/\/api.w.org\/{rel}","templated":true}]}}