{"id":42246,"date":"2021-12-23T10:00:14","date_gmt":"2021-12-23T13:00:14","guid":{"rendered":"http:\/\/www.centraldenoticias.com.ar\/?p=42246"},"modified":"2021-12-23T10:29:36","modified_gmt":"2021-12-23T13:29:36","slug":"el-hcd-realizara-una-sesion-extraordinaria-por-la-venta-de-una-calle-a-cementos-avellaneda","status":"publish","type":"post","link":"https:\/\/cdnoticias.com\/index.php\/2021\/12\/23\/el-hcd-realizara-una-sesion-extraordinaria-por-la-venta-de-una-calle-a-cementos-avellaneda\/","title":{"rendered":"El HCD realizar\u00e1 una sesi\u00f3n extraordinaria por la venta de una calle a Cementos Avellaneda"},"content":{"rendered":"<p>Ser\u00e1 el pr\u00f3ximo martes por la ma\u00f1ana. Es una sesi\u00f3n solicitada por el Intendente Ezequiel Galli, quien formaliz\u00f3 el pedido en el \u00e1mbito deliberativo.\u00a0<!--more--><\/p>\n<hr \/>\n<p>La<strong> presidenta del Concejo Deliberante del HCD, Cecilia Krivochen, formaliz\u00f3 el pedido del Ejecutivo de convocar a sesi\u00f3n extraordinaria el pr\u00f3ximo martes por la ma\u00f1ana para analizar la venta de una calle a la empresa Cementos Avellaneda.<\/strong><\/p>\n<p>&nbsp;<\/p>\n<p>El expediente, 380\/21, buscar\u00e1 <strong><em>\u201csometer a consideraci\u00f3n y aprobaci\u00f3n los proyectos de Ordenanza a trav\u00e9s de los cuales se dispone la desafectaci\u00f3n y posterior habilitaci\u00f3n de la enajenaci\u00f3n de fracciones de inmuebles r\u00fasticos del dominio municipal a favor de la Empresa Cementos Avellaneda S.A\u201d.<\/em><\/strong><\/p>\n<p>&nbsp;<\/p>\n<blockquote><p>El pedido fue realizado por el propio Intendente Galli \u201cseg\u00fan lo establecido por los\u00a0 art\u00edculos los arts. 68\u00b0 inc. 5\u00b0 y 108\u00b0, inc. 6\u00b0 de la Ley Org\u00e1nica de las Municipalidades\u201d<\/p><\/blockquote>\n<p>&nbsp;<\/p>\n<p>Para el Intendente Galli, tal como lo sostiene en la nota elevada al Concejo Deliberante, la aprobaci\u00f3n de esta Ordenanza <em>\u201credunda positivamente en beneficio del empleo y desarrollo local\u201d.<\/em><\/p>\n<p>&nbsp;<\/p>\n<p>Por \u00faltimo, se informa que<strong> la presidente del Honorable Concejo Deliberante convoc\u00f3 a reuni\u00f3n de Labor Parlamentaria para el d\u00eda lunes 27 de diciembre a las 9.30 horas.<\/strong><\/p>\n","protected":false},"excerpt":{"rendered":"<p>Ser\u00e1 el pr\u00f3ximo martes por la ma\u00f1ana. Es una sesi\u00f3n solicitada por el Intendente Ezequiel Galli, quien formaliz\u00f3 el pedido<\/p>\n","protected":false},"author":2,"featured_media":41578,"comment_status":"closed","ping_status":"closed","sticky":false,"template":"","format":"standard","meta":{"_jetpack_memberships_contains_paid_content":false,"footnotes":""},"categories":[4,1],"tags":[],"class_list":["post-42246","post","type-post","status-publish","format-standard","has-post-thumbnail","hentry","category-politica","category-portada"],"jetpack_featured_media_url":"https:\/\/i0.wp.com\/cdnoticias.com\/wp-content\/uploads\/2021\/12\/Labor-Parlamentaria-1.jpg?fit=934%2C540&ssl=1","jetpack_sharing_enabled":true,"_links":{"self":[{"href":"https:\/\/cdnoticias.com\/index.php\/wp-json\/wp\/v2\/posts\/42246","targetHints":{"allow":["GET"]}}],"collection":[{"href":"https:\/\/cdnoticias.com\/index.php\/wp-json\/wp\/v2\/posts"}],"about":[{"href":"https:\/\/cdnoticias.com\/index.php\/wp-json\/wp\/v2\/types\/post"}],"author":[{"embeddable":true,"href":"https:\/\/cdnoticias.com\/index.php\/wp-json\/wp\/v2\/users\/2"}],"replies":[{"embeddable":true,"href":"https:\/\/cdnoticias.com\/index.php\/wp-json\/wp\/v2\/comments?post=42246"}],"version-history":[{"count":0,"href":"https:\/\/cdnoticias.com\/index.php\/wp-json\/wp\/v2\/posts\/42246\/revisions"}],"wp:featuredmedia":[{"embeddable":true,"href":"https:\/\/cdnoticias.com\/index.php\/wp-json\/wp\/v2\/media\/41578"}],"wp:attachment":[{"href":"https:\/\/cdnoticias.com\/index.php\/wp-json\/wp\/v2\/media?parent=42246"}],"wp:term":[{"taxonomy":"category","embeddable":true,"href":"https:\/\/cdnoticias.com\/index.php\/wp-json\/wp\/v2\/categories?post=42246"},{"taxonomy":"post_tag","embeddable":true,"href":"https:\/\/cdnoticias.com\/index.php\/wp-json\/wp\/v2\/tags?post=42246"}],"curies":[{"name":"wp","href":"https:\/\/api.w.org\/{rel}","templated":true}]}}