{"id":4223,"date":"2020-10-18T09:23:42","date_gmt":"2020-10-18T12:23:42","guid":{"rendered":"http:\/\/www.centraldenoticias.com.ar\/?p=4223"},"modified":"2020-10-18T09:23:42","modified_gmt":"2020-10-18T12:23:42","slug":"peronismo-dicese-de","status":"publish","type":"post","link":"https:\/\/cdnoticias.com\/index.php\/2020\/10\/18\/peronismo-dicese-de\/","title":{"rendered":"Peronismo: d\u00edcese de\u2026"},"content":{"rendered":"<p>Por Leandro Lora (*)\u00a0<!--more--><\/p>\n<hr \/>\n<p><img data-recalc-dims=\"1\" loading=\"lazy\" decoding=\"async\" class=\"alignleft size-medium wp-image-4224\" src=\"https:\/\/i0.wp.com\/cdnoticias.com\/wp-content\/uploads\/2020\/10\/Leo-lora.jpg?resize=300%2C300&#038;ssl=1\" alt=\"\" width=\"300\" height=\"300\" srcset=\"https:\/\/i0.wp.com\/cdnoticias.com\/wp-content\/uploads\/2020\/10\/Leo-lora.jpg?resize=300%2C300&amp;ssl=1 300w, https:\/\/i0.wp.com\/cdnoticias.com\/wp-content\/uploads\/2020\/10\/Leo-lora.jpg?resize=150%2C150&amp;ssl=1 150w, https:\/\/i0.wp.com\/cdnoticias.com\/wp-content\/uploads\/2020\/10\/Leo-lora.jpg?w=640&amp;ssl=1 640w\" sizes=\"auto, (max-width: 300px) 100vw, 300px\" \/><\/p>\n<p><em>\u201cEl peronismo no se aprende ni se proclama, se comprende y se siente, por eso es convicci\u00f3n y es fe\u201d<\/em> dec\u00eda y sigue diciendo Evita en cada ocasi\u00f3n que se la recuerda por o\u00eddo, o simplemente por atenta reflexi\u00f3n interna, esa que se hace en silencio pero que es un bullicio poderoso en la mente y en el alma. Recupero esta frase de ella porque <strong>ayuda bastante a responder la pregunta de qu\u00e9 es el peronismo y sobre todo por qu\u00e9 alguien dice \u201csoy peronista\u201d.<\/strong><\/p>\n<p>&nbsp;<\/p>\n<p>Las razones por las que alguien se define parte del movimiento son diversas, pero la m\u00e1s habitual, o la m\u00e1s escuchada, suele ser aquella que dice <em>\u201cen mi casa son todos peronistas<\/em>\u201d algo as\u00ed como un\u2026 <em>\u201cya de beb\u00e9, en mi casa hay una foto de Per\u00f3n en la cocina\u201d<\/em>. Bueno, no es mi caso. Tal vez por eso me sent\u00ed un poco inc\u00f3modo con la invitaci\u00f3n que me hicieron para esbozar unas palabras sobre el peronismo a 75 a\u00f1os del 17 de octubre, pero admito que las contra ofertas me convencieron. <strong>Y adem\u00e1s, porque esa incomodidad es un obst\u00e1culo a desterrar.<\/strong><\/p>\n<p>&nbsp;<\/p>\n<p>Mi viejo es peruano, lleg\u00f3 a la Argentina en el a\u00f1o 75 buscando estudiar ingenier\u00eda y termin\u00f3 siendo m\u00e9dico. Mi vieja, argentina, platense de ley, lo conoci\u00f3 en aquella ciudad y no tuvieron mejor idea que traerme al mundo en abril del 87. Hasta all\u00ed en mi historia no hay peronismo, al menos el expl\u00edcito. En mi casa la pol\u00edtica no era un tema recurrente, y el divorcio de mis viejos, podr\u00edamos decir que no ayud\u00f3. Cuando viv\u00eda con mi vieja no hablaba de pol\u00edtica y cuando viv\u00eda con mi viejo\u2026 tampoco. Sin embargo el peronismo rondaba, daba vueltas, estaba metido en mi vida como un susurro constante e inexplicable.<strong> No s\u00e9 qu\u00e9 habr\u00e1 sido lo primero que escuch\u00e9, si la combativa voz de Evita, la acentuada y contundente palabra de Per\u00f3n, o la marcha\u2026 sospecho fue esta \u00faltima, o tal vez las tres al mismo tiempo, no lo s\u00e9.<\/strong> Pero esos lenguajes llegan, los escuchas en la televisi\u00f3n, en la radio, alguien lo canta a la pasada y ah\u00ed se te fija. Primero es un sonido, luego m\u00fasica, luego letra y termina siendo idea. En definitiva es contenido, doctrina.<\/p>\n<p>&nbsp;<\/p>\n<p>Desde chico siempre me llamaron la atenci\u00f3n <strong>las plazas, las multitudes vitoreando a un l\u00edder.<\/strong> Cuando sos consciente de que hablar de Per\u00f3n es, m\u00ednimo, hablar de un ex presidente, a los ojos de ese adolescente que fui, resultaba inexplicable tanta gente acompa\u00f1ando a un pol\u00edtico \u00bfQu\u00e9 pasaba ah\u00ed? \u00bfPor qu\u00e9? Esa inquietud me persegu\u00eda y me atra\u00eda. Recuerdo que en el secundario, en Historia argentina, esperaba ansioso llegar al peronismo, pensaba que tal vez ah\u00ed lo iba a entender\u2026 pero como dijo Evita <em>\u201cel peronismo no se aprende ni se proclama, se comprende y se siente\u201d.<\/em><\/p>\n<p>&nbsp;<\/p>\n<p>Digamos que hasta la adolescencia para m\u00ed el peronismo era sin\u00f3nimo de orgullo nacional: pleno empleo, voto femenino, derechos laborales, vacaciones pagas, autos nacionales, trenes nacionales, casas, hospitales, lucha y dignidad, pero tambi\u00e9n ve\u00eda que era pasi\u00f3n, y eso me gustaba, pero s\u00f3lo la ve\u00eda, no la conoc\u00eda. <strong>Fue entonces que lleg\u00f3 el 2008, durante el conflicto con las patronales agropecuarias (eso que dieron en llamar \u201cel campo\u201d), lo que provoc\u00f3 mi quiebre hist\u00f3rico, mi flechazo definitivo, mi encuentro cara a cara con la pasi\u00f3n.<\/strong> Como dec\u00eda Evita: se comprende y se siente.<\/p>\n<p>&nbsp;<\/p>\n<p>En el 2008 estudiaba en la Capital Federal y mis inquietudes me hab\u00edan llevado a trabajar en la Villa 21-24 del barrio de Barracas. All\u00ed brindaba apoyo escolar y actividades recreativas todos los s\u00e1bados como voluntario. De alquilar con dos amigos en el coqueto \u201cBarrio Norte\u201d, viajaba al barro de la Villa todas las semanas: un contraste arquitect\u00f3nico de la verg\u00fcenza humana. Sin embargo, por esos d\u00edas sent\u00eda m\u00e1s verg\u00fcenza cuando ve\u00eda protestar con tapados de piel, cacerolas de tefl\u00f3n y manos llenas de anillos de oro, por la renta extraordinaria de la soja. El coraz\u00f3n de Recoleta era un hervidero de bronca y para m\u00ed, alguien que creci\u00f3 en la d\u00e9cada del 90 y m\u00e1s o menos hab\u00eda entendido el 2001, ver protestar a los ricos le result\u00f3 toda una novedad. Y as\u00ed fue que ocurri\u00f3, en esos d\u00edas ocurri\u00f3: Cristina convoc\u00f3 a una plaza. Uno de los pibes que viv\u00eda conmigo iba a ir, era peronista (de familia), me invit\u00f3 pero en mi casa el mensaje era: no vayas, es peligroso. Lo vi por la tele y hasta el d\u00eda de hoy me arrepiento. Pero fue as\u00ed, <strong>ah\u00ed ocurri\u00f3 la magia de la plaza, repleta, invadida de gente y con ella la l\u00edder, hablando, agitando, defendiendo, argumentando y, sobre todo, convenciendo. El arte de la pol\u00edtica peronista en su escena m\u00e1s real. Ya no era una foto de la historia, no era una materia de la escuela. Era la realidad efectiva.<\/strong><\/p>\n<p>&nbsp;<\/p>\n<p>El peronismo as\u00ed, termin\u00f3 de encender mis motores m\u00e1s profundos, me enamor\u00f3 por completo, ya no eran s\u00f3lo los hechos, sino tambi\u00e9n la pasi\u00f3n. Digamos que all\u00ed finalmente comprend\u00ed y sent\u00ed. Todo lo que vino despu\u00e9s es historia m\u00e1s reciente y a m\u00ed me tuvo militando. Primero fue un acto, luego otro, luego amigos, amigas, Compa\u00f1eros y Compa\u00f1eras. A fin de cuentas, <strong>descubr\u00ed que la familia de mi vieja era peronista y que ella tiene cari\u00f1o por sus referentes. Hoy en su habitaci\u00f3n tiene una imagen de Evita que yo le regal\u00e9. Mi viejo, por su parte, se nacionaliz\u00f3, creo que todav\u00eda no se sabe la marcha, pero ya fue a varias plazas, hizo la \u201cV\u201d y hasta pudo votar la representaci\u00f3n pol\u00edtica que desea para el pa\u00eds en el que eligi\u00f3 vivir.<\/strong> De alguna manera tanto mi viejo como mi vieja pueden cantar algo as\u00ed como\u2026 <em>\u201cen mi casa tengo un hijo con Per\u00f3n en la cocina\u201d<\/em>. Capaz estoy exagerando.<\/p>\n<p>&nbsp;<\/p>\n<p>En definitiva, este relato autorreferencial (por el que pido disculpas) creo que es reflejo de miles de historias similares, que ayudan a explicar la eterna vida del peronismo y c\u00f3mo es que logra cumplir 75 a\u00f1os con absoluta y plena vigencia.<strong> El peronismo vive porque es ra\u00edz cultural de la Argentina, se nutre del pueblo, de sus formas y del amor mutuo que se tienen.<\/strong> El peronismo b\u00e1sicamente ama a la Argentina como es, parte de ah\u00ed, viene de ah\u00ed. Y no le impone l\u00edmites ni formulas for\u00e1neas, cree en su pueblo y lo defiende con orgullo. Por eso fue capaz de proponerle al mundo una tercera posici\u00f3n, porque as\u00ed como no se cree m\u00e1s que nadie, tampoco se cree menos que ninguno. Al peronismo lo conforman las generaciones enteras que vienen de familias peronistas del 45 y tambi\u00e9n las generaciones enteras de familias peronistas del nuevo siglo, tarea perfecta que concretaron N\u00e9stor y Cristina al volver a enamorar a su gente. La marcha, los s\u00edmbolos, la esencia, el folclore peronista, revivi\u00f3 luego de a\u00f1os de bastardeo. N\u00e9stor y Cristina convocaron a las nuevas generaciones y les dijeron: miren, esto es el peronismo. En definitiva, <strong>todos necesitan ese que haga las veces del abuelo peronista, te impida hablar mal de Per\u00f3n y te muestre los tesoros guardados en el caj\u00f3n de los recuerdos o expuestos en la vitrina del hogar.<\/strong> Sin embargo, el peronismo tambi\u00e9n es doctrina, esencia misma que es como el alma de un cuerpo y, como se sabe, su doctrina se llama justicialismo. \u00a0Tal vez sea \u00e9sta, la hora de volver a mirar al Partido Justicialista, no como el \u00fanico espacio de encuentro, pero s\u00ed como uno m\u00e1s y no como uno menos. Es all\u00ed donde est\u00e1 su propio folclore, su propia historia, sus propios s\u00edmbolos, elementos todos que merecen ser recuperados y puestos al servicio de la unidad de la gran familia peronista. Los tiempos que corren son complejos, individualistas, virtuales, persuasivos de la vida en soledad y la vida colectiva pide a gritos un refugio. Para muchos y muchas peronistas, el Partido es su casa, por derecho y por pasi\u00f3n. Quieren pintarla, arreglarla y tener nuevos\/as invitados\/as, darle vida, ventilarla, rejuvenecerla y sobre todo adoctrinar. <strong>Es all\u00ed donde el peronismo puede encontrar otra voz, otro im\u00e1n, otro espacio de encuentro y contenci\u00f3n fundado en la noble actividad de la pol\u00edtica con todo su folklore.<\/strong> Y aunque se ha dicho que los partidos pol\u00edticos murieron, yo opino que no mueren por arte magia, los dejan morir \u00bfc\u00f3mo pude morir aquello que fue creado para discutir c\u00f3mo queremos vivir?<\/p>\n<p>&nbsp;<\/p>\n<p>Tal vez sea una utop\u00eda, un resabio de \u201cvejez\u201d que se me apresura con apenas 33 a\u00f1os de vida, pero no quiero dejar de decirlo. <strong>Los tiempos que vienen parecen necesitar de espacios de contenci\u00f3n, de encuentro com\u00fan y colectivo, humanos y directos, no mediatizados ni digitalizados, como ese club de barrio que organiza y construye comunidad.<\/strong> Despu\u00e9s de todo, una Unidad B\u00e1sica es eso, el lugar para la unidad de base. De todos modos, lo sabemos, con Partido o sin Partido, <strong>existir\u00e1 siempre, y con seguridad, una generaci\u00f3n deseosa de vestir con orgullo el escudo de per\u00f3n y la bandera de este pueblo.<\/strong><\/p>\n<p>&nbsp;<\/p>\n<p>(*) Antrop\u00f3logo social (UNICEN), militante peronista.<\/p>\n","protected":false},"excerpt":{"rendered":"<p>Por Leandro Lora (*)\u00a0<\/p>\n","protected":false},"author":2,"featured_media":4225,"comment_status":"closed","ping_status":"closed","sticky":false,"template":"","format":"standard","meta":{"_jetpack_memberships_contains_paid_content":false,"footnotes":""},"categories":[11],"tags":[],"class_list":["post-4223","post","type-post","status-publish","format-standard","has-post-thumbnail","hentry","category-mipalabra"],"jetpack_featured_media_url":"https:\/\/i0.wp.com\/cdnoticias.com\/wp-content\/uploads\/2020\/10\/peronismo.jpg?fit=512%2C320&ssl=1","jetpack_sharing_enabled":true,"_links":{"self":[{"href":"https:\/\/cdnoticias.com\/index.php\/wp-json\/wp\/v2\/posts\/4223","targetHints":{"allow":["GET"]}}],"collection":[{"href":"https:\/\/cdnoticias.com\/index.php\/wp-json\/wp\/v2\/posts"}],"about":[{"href":"https:\/\/cdnoticias.com\/index.php\/wp-json\/wp\/v2\/types\/post"}],"author":[{"embeddable":true,"href":"https:\/\/cdnoticias.com\/index.php\/wp-json\/wp\/v2\/users\/2"}],"replies":[{"embeddable":true,"href":"https:\/\/cdnoticias.com\/index.php\/wp-json\/wp\/v2\/comments?post=4223"}],"version-history":[{"count":0,"href":"https:\/\/cdnoticias.com\/index.php\/wp-json\/wp\/v2\/posts\/4223\/revisions"}],"wp:featuredmedia":[{"embeddable":true,"href":"https:\/\/cdnoticias.com\/index.php\/wp-json\/wp\/v2\/media\/4225"}],"wp:attachment":[{"href":"https:\/\/cdnoticias.com\/index.php\/wp-json\/wp\/v2\/media?parent=4223"}],"wp:term":[{"taxonomy":"category","embeddable":true,"href":"https:\/\/cdnoticias.com\/index.php\/wp-json\/wp\/v2\/categories?post=4223"},{"taxonomy":"post_tag","embeddable":true,"href":"https:\/\/cdnoticias.com\/index.php\/wp-json\/wp\/v2\/tags?post=4223"}],"curies":[{"name":"wp","href":"https:\/\/api.w.org\/{rel}","templated":true}]}}