{"id":42220,"date":"2021-12-22T16:44:19","date_gmt":"2021-12-22T19:44:19","guid":{"rendered":"http:\/\/www.centraldenoticias.com.ar\/?p=42220"},"modified":"2021-12-22T16:49:22","modified_gmt":"2021-12-22T19:49:22","slug":"el-oficialismo-logro-alivio-fiscal-en-bienes-personales","status":"publish","type":"post","link":"https:\/\/cdnoticias.com\/index.php\/2021\/12\/22\/el-oficialismo-logro-alivio-fiscal-en-bienes-personales\/","title":{"rendered":"El oficialismo logr\u00f3 alivio fiscal en Bienes Personales"},"content":{"rendered":"<p>La C\u00e1mara de Diputados aprob\u00f3 con 127 votos a favor modificar la Ley de Impuestos a los Bienes Personales. Ahora volver\u00e1 al Senado para su sanci\u00f3n.<!--more--><\/p>\n<hr \/>\n<p>Con 127 votos afirmativos, la C\u00e1mara de Diputados, presidida por Sergio Massa, aprob\u00f3 el proyecto impulsado por el Frente de Todos para<strong> modificar la Ley de Impuestos a los Bienes Personales<\/strong> subiendo el m\u00ednimo no imponible de $2 millones a $6 millones.<\/p>\n<p>&nbsp;<\/p>\n<p>La medida, que busca llevar mayor<strong> alivio fiscal a una gran cantidad de contribuyentes<\/strong> que hoy se encuentran comprendidos en el pago del tributo, volver\u00e1 al Senado para su sanci\u00f3n.<\/p>\n<p>&nbsp;<\/p>\n<p><img data-recalc-dims=\"1\" loading=\"lazy\" decoding=\"async\" class=\"alignnone size-large wp-image-42221\" src=\"https:\/\/i0.wp.com\/cdnoticias.com\/wp-content\/uploads\/2021\/12\/WhatsApp-Image-2021-12-21-at-19.38.46-1.jpeg?resize=800%2C534&#038;ssl=1\" alt=\"\" width=\"800\" height=\"534\" srcset=\"https:\/\/i0.wp.com\/cdnoticias.com\/wp-content\/uploads\/2021\/12\/WhatsApp-Image-2021-12-21-at-19.38.46-1.jpeg?resize=1024%2C683&amp;ssl=1 1024w, https:\/\/i0.wp.com\/cdnoticias.com\/wp-content\/uploads\/2021\/12\/WhatsApp-Image-2021-12-21-at-19.38.46-1.jpeg?resize=300%2C200&amp;ssl=1 300w, https:\/\/i0.wp.com\/cdnoticias.com\/wp-content\/uploads\/2021\/12\/WhatsApp-Image-2021-12-21-at-19.38.46-1.jpeg?resize=768%2C512&amp;ssl=1 768w, https:\/\/i0.wp.com\/cdnoticias.com\/wp-content\/uploads\/2021\/12\/WhatsApp-Image-2021-12-21-at-19.38.46-1.jpeg?resize=272%2C182&amp;ssl=1 272w, https:\/\/i0.wp.com\/cdnoticias.com\/wp-content\/uploads\/2021\/12\/WhatsApp-Image-2021-12-21-at-19.38.46-1.jpeg?w=1280&amp;ssl=1 1280w\" sizes=\"auto, (max-width: 800px) 100vw, 800px\" \/><\/p>\n<p>&nbsp;<\/p>\n<p>A su vez, la iniciativa del Frente de Todos tambi\u00e9n establece una <strong>actualizaci\u00f3n anual y autom\u00e1tica mediante el \u00cdndice de Precios al Consumidor Nivel General (IPC) del M\u00ednimo No Imponible<\/strong> vigente para el conjunto de los bienes (no para el m\u00ednimo especial para casa habitaci\u00f3n) y para los tramos de la escala de al\u00edcuotas, para evitar que el m\u00ednimo quede desactualizado.<\/p>\n<p>&nbsp;<\/p>\n<p>Por otra parte, propone un aumento de la al\u00edcuota m\u00e1xima, con lo cual<strong> los patrimonios que superen los $100 millones puedan pagar una al\u00edcuota del 1,5%.<\/strong> Actualmente la al\u00edcuota m\u00e1xima es de 1,25% para bienes que superan los $18 millones.<\/p>\n<p>&nbsp;<\/p>\n<p>El proyecto se suma al conjunto de medidas de alivio fiscal impulsadas por el oficialismo con el fin de beneficiar a los trabajadores, jubilados y familias.<\/p>\n","protected":false},"excerpt":{"rendered":"<p>La C\u00e1mara de Diputados aprob\u00f3 con 127 votos a favor modificar la Ley de Impuestos a los Bienes Personales. Ahora<\/p>\n","protected":false},"author":5,"featured_media":42222,"comment_status":"closed","ping_status":"closed","sticky":false,"template":"","format":"standard","meta":{"_jetpack_memberships_contains_paid_content":false,"footnotes":""},"categories":[6,1],"tags":[],"class_list":["post-42220","post","type-post","status-publish","format-standard","has-post-thumbnail","hentry","category-nacionales","category-portada"],"jetpack_featured_media_url":"https:\/\/i0.wp.com\/cdnoticias.com\/wp-content\/uploads\/2021\/12\/WhatsApp-Image-2021-12-21-at-19.38.46.jpeg?fit=1280%2C854&ssl=1","jetpack_sharing_enabled":true,"_links":{"self":[{"href":"https:\/\/cdnoticias.com\/index.php\/wp-json\/wp\/v2\/posts\/42220","targetHints":{"allow":["GET"]}}],"collection":[{"href":"https:\/\/cdnoticias.com\/index.php\/wp-json\/wp\/v2\/posts"}],"about":[{"href":"https:\/\/cdnoticias.com\/index.php\/wp-json\/wp\/v2\/types\/post"}],"author":[{"embeddable":true,"href":"https:\/\/cdnoticias.com\/index.php\/wp-json\/wp\/v2\/users\/5"}],"replies":[{"embeddable":true,"href":"https:\/\/cdnoticias.com\/index.php\/wp-json\/wp\/v2\/comments?post=42220"}],"version-history":[{"count":0,"href":"https:\/\/cdnoticias.com\/index.php\/wp-json\/wp\/v2\/posts\/42220\/revisions"}],"wp:featuredmedia":[{"embeddable":true,"href":"https:\/\/cdnoticias.com\/index.php\/wp-json\/wp\/v2\/media\/42222"}],"wp:attachment":[{"href":"https:\/\/cdnoticias.com\/index.php\/wp-json\/wp\/v2\/media?parent=42220"}],"wp:term":[{"taxonomy":"category","embeddable":true,"href":"https:\/\/cdnoticias.com\/index.php\/wp-json\/wp\/v2\/categories?post=42220"},{"taxonomy":"post_tag","embeddable":true,"href":"https:\/\/cdnoticias.com\/index.php\/wp-json\/wp\/v2\/tags?post=42220"}],"curies":[{"name":"wp","href":"https:\/\/api.w.org\/{rel}","templated":true}]}}