{"id":42200,"date":"2021-12-22T13:26:44","date_gmt":"2021-12-22T16:26:44","guid":{"rendered":"http:\/\/www.centraldenoticias.com.ar\/?p=42200"},"modified":"2021-12-22T13:29:59","modified_gmt":"2021-12-22T16:29:59","slug":"cierre-de-la-paritaria-2021-los-judiciales-aceptaron-la-propuesta-salarial","status":"publish","type":"post","link":"https:\/\/cdnoticias.com\/index.php\/2021\/12\/22\/cierre-de-la-paritaria-2021-los-judiciales-aceptaron-la-propuesta-salarial\/","title":{"rendered":"Cierre de la paritaria 2021: los Judiciales aceptaron la propuesta salarial"},"content":{"rendered":"<p>Las veinte asambleas realizadas los d\u00edas lunes y martes aceptaron la oferta realizada por el gobierno provincial. La AJB reclam\u00f3 el pago del bono extraordinario.<!--more--><\/p>\n<hr \/>\n<p><strong>Las y los trabajadores judiciales aprobaron en asambleas la propuesta que contempla un incremento de bolsillo acumulado del 54% desde el 1 de diciembre<\/strong>. Con esta aceptaci\u00f3n se da por finalizada la paritaria salarial correspondiente al 2021.<\/p>\n<p>&nbsp;<\/p>\n<p>As\u00ed se inform\u00f3 desde la Asociaci\u00f3n de Judiciales Bonaerenses que detall\u00f3 que ese porcentaje<strong> se compone de un aumento del 52,3% al b\u00e1sico y 1,7 puntos a la bonificaci\u00f3n especial o compensaci\u00f3n funcional<\/strong>, acordada y percibida a partir del 1 de septiembre.<\/p>\n<p>&nbsp;<\/p>\n<p>Los funcionarios de la Suprema Corte presentes en la reuni\u00f3n paritaria manifestaron que el aumento de diciembre y el proporcional del aguinaldo <strong>ser\u00e1n liquidados por recibo aparte<\/strong>, para ser percibidos los primeros d\u00edas de enero.<\/p>\n<p>&nbsp;<\/p>\n<blockquote class=\"twitter-tweet\">\n<p dir=\"ltr\" lang=\"es\">\ud83d\udccc <a href=\"https:\/\/twitter.com\/hashtag\/PARITARIA2021?src=hash&amp;ref_src=twsrc%5Etfw\">#PARITARIA2021<\/a> | Se <a href=\"https:\/\/twitter.com\/hashtag\/Acepta?src=hash&amp;ref_src=twsrc%5Etfw\">#Acepta<\/a> la <a href=\"https:\/\/twitter.com\/hashtag\/PropuestaSalarial?src=hash&amp;ref_src=twsrc%5Etfw\">#PropuestaSalarial<\/a><\/p>\n<p>Las veinte asambleas realizadas los d\u00edas lunes y martes aceptaron la oferta realizada por el gobierno provincial.<\/p>\n<p>La AJB reclama el pago del bono extraordinario.<\/p>\n<p>\u2139\ufe0f Toda la info en:<a href=\"https:\/\/t.co\/xho5XcAfs1\">https:\/\/t.co\/xho5XcAfs1<\/a><\/p>\n<p>\u2014 Asociaci\u00f3n Judicial Bonaerense (@AJBOficial) <a href=\"https:\/\/twitter.com\/AJBOficial\/status\/1473641119334416384?ref_src=twsrc%5Etfw\">December 22, 2021<\/a><\/p><\/blockquote>\n<p><script async src=\"https:\/\/platform.twitter.com\/widgets.js\" charset=\"utf-8\"><\/script><\/p>\n<p>&nbsp;<\/p>\n<p>Cabe resaltar que en esta paritaria tambi\u00e9n <strong>se consolid\u00f3 el esquema de recategorizaciones permanente debatido con la Suprema Corte<\/strong> en las negociaciones de principios de abril, cuya regulaci\u00f3n deber\u00e1 dictarse a principios de 2022.<\/p>\n<p>&nbsp;<\/p>\n<blockquote><p>\u201cUn logro importante de esta negociaci\u00f3n es haber revertido el proceso de ca\u00edda salarial de los \u00faltimos tres a\u00f1os, logrando un aumento por encima de la inflaci\u00f3n. Tambi\u00e9n pudimos mejorar la situaci\u00f3n salarial de los tres \u00faltimos niveles del escalaf\u00f3n, con un sistema de recategorizaciones autom\u00e1ticas que a partir de 2022 tendr\u00e1 car\u00e1cter permanente\u201d, se\u00f1al\u00f3 Pablo Abramovich, secretario General de la AJB.<\/p><\/blockquote>\n<p>&nbsp;<\/p>\n<p>Por otra parte, habiendo tomado estado p\u00fablico el otorgamiento de un <strong>bono extraordinario a las y los trabajadores estatales de la provincia de Buenos Aires<\/strong>, la AJB solicit\u00f3 formalmente al gobierno provincial que en dicho beneficio se incluya a las y los judiciales representados por el sindicato \u2013niveles 8 a 19,5-.<\/p>\n<p>&nbsp;<\/p>\n<p>Al respecto, Pablo Abramovich expres\u00f3 que \u201chan sido las y los empleados y funcionarios judiciales quienes han realizado el <strong>mayor esfuerzo para sostener el funcionamiento del Poder Judicial a lo largo de toda la pandemia<\/strong>, a trav\u00e9s de diferentes modalidades de prestaci\u00f3n laboral y en la mayor\u00eda de los casos, en condiciones laborales de extrema precariedad\u201d.<\/p>\n<p>&nbsp;<\/p>\n<p>Las asambleas que definieron el acuerdo hab\u00edan sido convocadas en todos los departamentos judiciales de la provincia y, en ese contexto, <a href=\"https:\/\/cdnoticias.com\/index.php\/2021\/12\/21\/paritarias-judiciales-la-ajb-considero-insuficiente-la-oferta-de-provincia\/\" target=\"_blank\" rel=\"noopener\">desde la AJB se hab\u00eda considerado \u201cinsuficiente\u201d la propuesta<\/a>.<\/p>\n","protected":false},"excerpt":{"rendered":"<p>Las veinte asambleas realizadas los d\u00edas lunes y martes aceptaron la oferta realizada por el gobierno provincial. La AJB reclam\u00f3<\/p>\n","protected":false},"author":4,"featured_media":42201,"comment_status":"closed","ping_status":"closed","sticky":false,"template":"","format":"standard","meta":{"_jetpack_memberships_contains_paid_content":false,"footnotes":""},"categories":[6,1],"tags":[],"class_list":["post-42200","post","type-post","status-publish","format-standard","has-post-thumbnail","hentry","category-nacionales","category-portada"],"jetpack_featured_media_url":"https:\/\/i0.wp.com\/cdnoticias.com\/wp-content\/uploads\/2021\/12\/abramovich-judiciales-de-la-provincia-de-buenos-aires.jpg?fit=1200%2C677&ssl=1","jetpack_sharing_enabled":true,"_links":{"self":[{"href":"https:\/\/cdnoticias.com\/index.php\/wp-json\/wp\/v2\/posts\/42200","targetHints":{"allow":["GET"]}}],"collection":[{"href":"https:\/\/cdnoticias.com\/index.php\/wp-json\/wp\/v2\/posts"}],"about":[{"href":"https:\/\/cdnoticias.com\/index.php\/wp-json\/wp\/v2\/types\/post"}],"author":[{"embeddable":true,"href":"https:\/\/cdnoticias.com\/index.php\/wp-json\/wp\/v2\/users\/4"}],"replies":[{"embeddable":true,"href":"https:\/\/cdnoticias.com\/index.php\/wp-json\/wp\/v2\/comments?post=42200"}],"version-history":[{"count":0,"href":"https:\/\/cdnoticias.com\/index.php\/wp-json\/wp\/v2\/posts\/42200\/revisions"}],"wp:featuredmedia":[{"embeddable":true,"href":"https:\/\/cdnoticias.com\/index.php\/wp-json\/wp\/v2\/media\/42201"}],"wp:attachment":[{"href":"https:\/\/cdnoticias.com\/index.php\/wp-json\/wp\/v2\/media?parent=42200"}],"wp:term":[{"taxonomy":"category","embeddable":true,"href":"https:\/\/cdnoticias.com\/index.php\/wp-json\/wp\/v2\/categories?post=42200"},{"taxonomy":"post_tag","embeddable":true,"href":"https:\/\/cdnoticias.com\/index.php\/wp-json\/wp\/v2\/tags?post=42200"}],"curies":[{"name":"wp","href":"https:\/\/api.w.org\/{rel}","templated":true}]}}