{"id":42198,"date":"2021-12-24T17:25:39","date_gmt":"2021-12-24T20:25:39","guid":{"rendered":"http:\/\/www.centraldenoticias.com.ar\/?p=42198"},"modified":"2021-12-24T17:25:39","modified_gmt":"2021-12-24T20:25:39","slug":"girard-vamos-a-cerrar-el-ano-con-un-aumento-de-la-recaudacion-del-70","status":"publish","type":"post","link":"https:\/\/cdnoticias.com\/index.php\/2021\/12\/24\/girard-vamos-a-cerrar-el-ano-con-un-aumento-de-la-recaudacion-del-70\/","title":{"rendered":"Girard: &#8220;Vamos a cerrar el a\u00f1o con un aumento de la recaudaci\u00f3n del 70%&#8221;"},"content":{"rendered":"<p>El titular de ARBA habl\u00f3 de la proyecci\u00f3n de recaudaci\u00f3n del a\u00f1o. \u201cVamos a tener una recaudaci\u00f3n adicional que no esper\u00e1bamos\u201d afirm\u00f3 sobre el movimiento comercial de finde a\u00f1o.<!--more--><\/p>\n<hr \/>\n<p><strong>El director de la Agencia de Recaudaci\u00f3n bonaerense (ARBA), Cristian Girard<\/strong>, afirm\u00f3 este mi\u00e9rcoles que la provincia cerrar\u00e1 el 2021 &#8220;con un aumento de la recaudaci\u00f3n del 70%&#8221;, y se\u00f1al\u00f3 que ello se traduce en un &#8220;Estado muy presente, que acompa\u00f1a a la gente&#8221;.<\/p>\n<p>&nbsp;<\/p>\n<blockquote><p>&#8220;Vamos a cerrar el a\u00f1o con un aumento de la recaudaci\u00f3n del 70%. Viendo lo que se espera de ventas en shoppings y centros comerciales, vamos a tener una recaudaci\u00f3n adicional que no esper\u00e1bamos y un cierre a todo trapo&#8221;, expuso el funcionario en declaraciones formuladas a Radio 10.<\/p><\/blockquote>\n<p>&nbsp;<\/p>\n<p>Analiz\u00f3 que ello &#8220;es una muy buena noticia&#8221;, y destac\u00f3 que <strong>con el dinero de los contribuyentes el Estado provincial lleva a cabo obras p\u00fablicas<\/strong> que &#8220;movilizan la rueda de la econom\u00eda&#8221;.<\/p>\n<p>&nbsp;<\/p>\n<p>&#8220;Nuestra tarea es mostrar<strong> una gesti\u00f3n eficiente, transparente, que tiene resultados concretos para la gente<\/strong>. Para eso trabajan el gobierno de Axel Kicillof y el gobierno nacional&#8221;, continu\u00f3 Girard, y destac\u00f3 &#8220;la presencia del Estado&#8221; en los dos a\u00f1os de gesti\u00f3n.<\/p>\n<p>&nbsp;<\/p>\n<p>Luego, el titular de ARBA se refiri\u00f3 al bono de $20 mil pesos que anunci\u00f3 ayer la provincia para trabajadores estatales, docentes y de salud, <a href=\"https:\/\/cdnoticias.com\/index.php\/2021\/12\/21\/la-provincia-otorgara-un-refuerzo-de-fin-de-ano-a-sectores-vulnerables\/\">el de $8 mil que se dar\u00e1 a los jubilados<\/a> y el refuerzo para beneficiarios de planes sociales y ni\u00f1os, y sostuvo que &#8220;eso es importante porque es una forma de ver c\u00f3mo vuelven los impuestos&#8221;.<\/p>\n<p>&nbsp;<\/p>\n<p>&#8220;El gobierno de Axel marca un camino para<strong> que la gente vea que sus impuestos vuelven<\/strong>&#8220;, cerr\u00f3.<\/p>\n<p>&nbsp;<\/p>\n<p>Los<strong> ingresos propios de la provincia de Buenos Aires<\/strong> <a href=\"https:\/\/cdnoticias.com\/index.php\/2021\/12\/16\/la-recaudacion-tributaria-de-la-provincia-crecio-604-en-noviembre\/\" target=\"_blank\" rel=\"noopener\">alcanzaron en noviembre los $77.179,6 millones<\/a> creciendo, interanualmente, un 60,4% y, seg\u00fan un informe de ARBA, la recuperaci\u00f3n de la econom\u00eda, la reducci\u00f3n de la presi\u00f3n impositiva en los sectores afectados por la pandemia y el proceso de simplificaci\u00f3n tributaria fueron las claves del buen desempe\u00f1o.<\/p>\n","protected":false},"excerpt":{"rendered":"<p>El titular de ARBA habl\u00f3 de la proyecci\u00f3n de recaudaci\u00f3n del a\u00f1o. \u201cVamos a tener una recaudaci\u00f3n adicional que no<\/p>\n","protected":false},"author":4,"featured_media":28608,"comment_status":"closed","ping_status":"closed","sticky":false,"template":"","format":"standard","meta":{"_jetpack_memberships_contains_paid_content":false,"footnotes":""},"categories":[6,1],"tags":[],"class_list":["post-42198","post","type-post","status-publish","format-standard","has-post-thumbnail","hentry","category-nacionales","category-portada"],"jetpack_featured_media_url":"https:\/\/i0.wp.com\/cdnoticias.com\/wp-content\/uploads\/2021\/08\/Anuncio-monotributo-girard.jpg?fit=800%2C445&ssl=1","jetpack_sharing_enabled":true,"_links":{"self":[{"href":"https:\/\/cdnoticias.com\/index.php\/wp-json\/wp\/v2\/posts\/42198","targetHints":{"allow":["GET"]}}],"collection":[{"href":"https:\/\/cdnoticias.com\/index.php\/wp-json\/wp\/v2\/posts"}],"about":[{"href":"https:\/\/cdnoticias.com\/index.php\/wp-json\/wp\/v2\/types\/post"}],"author":[{"embeddable":true,"href":"https:\/\/cdnoticias.com\/index.php\/wp-json\/wp\/v2\/users\/4"}],"replies":[{"embeddable":true,"href":"https:\/\/cdnoticias.com\/index.php\/wp-json\/wp\/v2\/comments?post=42198"}],"version-history":[{"count":0,"href":"https:\/\/cdnoticias.com\/index.php\/wp-json\/wp\/v2\/posts\/42198\/revisions"}],"wp:featuredmedia":[{"embeddable":true,"href":"https:\/\/cdnoticias.com\/index.php\/wp-json\/wp\/v2\/media\/28608"}],"wp:attachment":[{"href":"https:\/\/cdnoticias.com\/index.php\/wp-json\/wp\/v2\/media?parent=42198"}],"wp:term":[{"taxonomy":"category","embeddable":true,"href":"https:\/\/cdnoticias.com\/index.php\/wp-json\/wp\/v2\/categories?post=42198"},{"taxonomy":"post_tag","embeddable":true,"href":"https:\/\/cdnoticias.com\/index.php\/wp-json\/wp\/v2\/tags?post=42198"}],"curies":[{"name":"wp","href":"https:\/\/api.w.org\/{rel}","templated":true}]}}