{"id":42191,"date":"2021-12-23T08:06:41","date_gmt":"2021-12-23T11:06:41","guid":{"rendered":"http:\/\/www.centraldenoticias.com.ar\/?p=42191"},"modified":"2021-12-23T10:00:37","modified_gmt":"2021-12-23T13:00:37","slug":"este-jueves-papa-noel-en-su-camion-recolector","status":"publish","type":"post","link":"https:\/\/cdnoticias.com\/index.php\/2021\/12\/23\/este-jueves-papa-noel-en-su-camion-recolector\/","title":{"rendered":"Este jueves, Pap\u00e1 Noel en su cami\u00f3n recolector"},"content":{"rendered":"<p>En el Paseo Jes\u00fas Mend\u00eda de 19 a 21, la empresa Transportes Malvinas se suma a los festejos de Navidad.<!--more--><\/p>\n<hr \/>\n<p>Este jueves de 19 a 21 en el Paseo Jes\u00fas Mend\u00eda, frente a la Municipalidad, <strong>Pap\u00e1 Noel estar\u00e1 en su cami\u00f3n recolector<\/strong>.<\/p>\n<p>&nbsp;<\/p>\n<p><img data-recalc-dims=\"1\" loading=\"lazy\" decoding=\"async\" class=\"size-full wp-image-42192 aligncenter\" src=\"https:\/\/i0.wp.com\/cdnoticias.com\/wp-content\/uploads\/2021\/12\/navidad-transportes-malvinas-1.jpg?resize=800%2C445&#038;ssl=1\" alt=\"\" width=\"800\" height=\"445\" srcset=\"https:\/\/i0.wp.com\/cdnoticias.com\/wp-content\/uploads\/2021\/12\/navidad-transportes-malvinas-1.jpg?w=800&amp;ssl=1 800w, https:\/\/i0.wp.com\/cdnoticias.com\/wp-content\/uploads\/2021\/12\/navidad-transportes-malvinas-1.jpg?resize=300%2C167&amp;ssl=1 300w, https:\/\/i0.wp.com\/cdnoticias.com\/wp-content\/uploads\/2021\/12\/navidad-transportes-malvinas-1.jpg?resize=768%2C427&amp;ssl=1 768w\" sizes=\"auto, (max-width: 800px) 100vw, 800px\" \/><\/p>\n<p>&nbsp;<\/p>\n<p>La iniciativa de la empresa Transportes Malvinas est\u00e1 dirigida a las familias y se adelant\u00f3 que en esta ocasi\u00f3n <strong>\u201cPap\u00e1 Noel espera a todos los ni\u00f1os con una dulce sorpresa\u201d.<\/strong><\/p>\n<p>&nbsp;<\/p>\n<p>Se pidi\u00f3 a los asistentes <strong>usar tapaboca y respetar el distanciamiento social<\/strong> que estar\u00e1 demarcado en la vereda.<\/p>\n","protected":false},"excerpt":{"rendered":"<p>En el Paseo Jes\u00fas Mend\u00eda de 19 a 21, la empresa Transportes Malvinas se suma a los festejos de Navidad.<\/p>\n","protected":false},"author":4,"featured_media":42193,"comment_status":"closed","ping_status":"closed","sticky":false,"template":"","format":"standard","meta":{"_jetpack_memberships_contains_paid_content":false,"footnotes":""},"categories":[5,1],"tags":[],"class_list":["post-42191","post","type-post","status-publish","format-standard","has-post-thumbnail","hentry","category-informacion-general","category-portada"],"jetpack_featured_media_url":"https:\/\/i0.wp.com\/cdnoticias.com\/wp-content\/uploads\/2021\/12\/malvinas-papa-noel-navidad.jpg?fit=800%2C445&ssl=1","jetpack_sharing_enabled":true,"_links":{"self":[{"href":"https:\/\/cdnoticias.com\/index.php\/wp-json\/wp\/v2\/posts\/42191","targetHints":{"allow":["GET"]}}],"collection":[{"href":"https:\/\/cdnoticias.com\/index.php\/wp-json\/wp\/v2\/posts"}],"about":[{"href":"https:\/\/cdnoticias.com\/index.php\/wp-json\/wp\/v2\/types\/post"}],"author":[{"embeddable":true,"href":"https:\/\/cdnoticias.com\/index.php\/wp-json\/wp\/v2\/users\/4"}],"replies":[{"embeddable":true,"href":"https:\/\/cdnoticias.com\/index.php\/wp-json\/wp\/v2\/comments?post=42191"}],"version-history":[{"count":0,"href":"https:\/\/cdnoticias.com\/index.php\/wp-json\/wp\/v2\/posts\/42191\/revisions"}],"wp:featuredmedia":[{"embeddable":true,"href":"https:\/\/cdnoticias.com\/index.php\/wp-json\/wp\/v2\/media\/42193"}],"wp:attachment":[{"href":"https:\/\/cdnoticias.com\/index.php\/wp-json\/wp\/v2\/media?parent=42191"}],"wp:term":[{"taxonomy":"category","embeddable":true,"href":"https:\/\/cdnoticias.com\/index.php\/wp-json\/wp\/v2\/categories?post=42191"},{"taxonomy":"post_tag","embeddable":true,"href":"https:\/\/cdnoticias.com\/index.php\/wp-json\/wp\/v2\/tags?post=42191"}],"curies":[{"name":"wp","href":"https:\/\/api.w.org\/{rel}","templated":true}]}}