{"id":4219,"date":"2020-10-18T09:11:16","date_gmt":"2020-10-18T12:11:16","guid":{"rendered":"http:\/\/www.centraldenoticias.com.ar\/?p=4219"},"modified":"2020-10-18T10:30:56","modified_gmt":"2020-10-18T13:30:56","slug":"legislar-para-la-gente","status":"publish","type":"post","link":"https:\/\/cdnoticias.com\/index.php\/2020\/10\/18\/legislar-para-la-gente\/","title":{"rendered":"Legislar para la gente"},"content":{"rendered":"<p>\u00a1Bienvenidos y bienvenidas nuevamente a este humilde espacio donde hablamos de Seguridad Vial!<\/p>\n<p><em>Por Marcos Pascua (*)<\/em><\/p>\n<hr \/>\n<p><!--more--><\/p>\n<p>Si es la primera vez que lleg\u00e1s hasta ac\u00e1, te cuento que est\u00e1s leyendo la tercera entrega de la columna. En las dos anteriores, a modo introducci\u00f3n hablamos de la <a href=\"https:\/\/cdnoticias.com\/index.php\/2020\/09\/20\/situacion-actual-de-la-accidentologia-vial-el-contexto-global-y-local\/\" target=\"_blank\" rel=\"noopener\">cantidad de v\u00edctimas fatales que dejan los accidentes de tr\u00e1nsito en nuestro pa\u00eds<\/a>, mientras que en <a href=\"https:\/\/cdnoticias.com\/index.php\/2020\/10\/04\/por-que-nos-accidentamos\/?fbclid=IwAR1jaiDaKfTudMHj_qc30gUnY7b96v5zcGmTVkJ3U3ne14mZfECfEkrHIYE\" target=\"_blank\" rel=\"noopener\">la segunda hablamos de las causas de esos accidentes<\/a>. Es decir, hasta aqu\u00ed hemos realizado un an\u00e1lisis de situaci\u00f3n.<\/p>\n<p>&nbsp;<\/p>\n<p>Como te cont\u00e9 hace 15 d\u00edas, este es un desaf\u00edo que debe ser abordado por la pol\u00edtica, la comunidad y los profesionales en conjunto.<\/p>\n<p>&nbsp;<\/p>\n<p>\u00bfQu\u00e9 podemos o qu\u00e9 debemos hacer para encarar este desaf\u00edo con altura? De esta pregunta derivar\u00e1n muchas respuestas, que le dar\u00e1n un hilo conductor a las siguientes columnas, algo as\u00ed como varios cap\u00edtulos de una serie \u00bfno?, como GOT, pero de seguridad vial, bueno, no s\u00e9 si tanto.<\/p>\n<p>&nbsp;<\/p>\n<p>Esta temporada se compondr\u00e1 de 6 cap\u00edtulos que pretenden darle a la accidentolog\u00eda vial una mirada integral, donde a partir de esfuerzos en conjunto y coordinados, contrariamente a como viene siendo hasta aqu\u00ed, para empezar a analizar la problem\u00e1tica desde otro punto de vista.<\/p>\n<p>&nbsp;<\/p>\n<p>\u00bfArrancamos?<\/p>\n<p>&nbsp;<\/p>\n<p>En el primer cap\u00edtulo vamos a hablar de <strong>legislaci\u00f3n<\/strong> y de cu\u00e1les pueden ser las medidas que comiencen a cambiar nuestra realidad en el corto plazo.<\/p>\n<p>&nbsp;<\/p>\n<p>Si record\u00e1s las causas de los accidentes de tr\u00e1nsito, uno de los mayores problemas es el <strong>exceso de velocidad<\/strong> y es por eso que es necesario tomar medidas en este sentido, por ejemplo, la <strong>disminuci\u00f3n de las velocidades m\u00e1ximas de circulaci\u00f3n<\/strong>, tanto en \u00e1reas urbanas como rurales. A mayor velocidad, mayor es el riesgo de que se produzca un accidente, eso es algo que seguramente ya sab\u00e9s, pero \u00bfcu\u00e1nto es ese riesgo?<\/p>\n<p>&nbsp;<\/p>\n<p>La <strong>reducci\u00f3n de 5 km\/h<\/strong> en la velocidad m\u00e1xima de circulaci\u00f3n, <strong>implic\u00f3 la reducci\u00f3n de un 28% de los accidentes fatales<\/strong>, dato que surge del an\u00e1lisis de la Organizaci\u00f3n para la Cooperaci\u00f3n y Desarrollo (OCDE), dependencia espa\u00f1ola que analiz\u00f3 las consecuencias de reducir los l\u00edmites de velocidad y de fiscalizar con radares en diferentes pa\u00edses europeos.<\/p>\n<p>&nbsp;<\/p>\n<p>En el a\u00f1o <strong>1987<\/strong>, <strong>Estados Unidos<\/strong> cambi\u00f3 el l\u00edmite m\u00e1ximo de velocidad, de <strong>90 km\/h a 105 km\/h<\/strong> en rutas, lo que deriv\u00f3 en un <strong>aumento de los accidentes fatales de entre un 19% a un 34%<\/strong>. <strong>Suecia<\/strong>, dos a\u00f1os m\u00e1s tarde, <strong>redujo los l\u00edmites de velocidad en autopistas de 110 km\/h a 90 km\/h<\/strong> y adivin\u00e1 que pas\u00f3, <strong>los accidentes fatales se redujeron en un 21%.<\/strong><\/p>\n<p>&nbsp;<\/p>\n<p>\u00bfM\u00e1s evidencia?<\/p>\n<p>&nbsp;<\/p>\n<p>Un <strong>choque frontal a 30 km\/h<\/strong> produce un impacto sobre los pasajeros del veh\u00edculo equivalente a la <strong>ca\u00edda desde un 2\u00b0 piso<\/strong>, mientras que un accidente similar a <strong>70 Km\/h<\/strong>, es tan violento como caer desde un <strong>7\u00b0 piso.<\/strong><\/p>\n<p>&nbsp;<\/p>\n<p><strong>\u00bfQu\u00e9 onda en las ciudades?<\/strong><\/p>\n<p>&nbsp;<\/p>\n<p>Los centros urbanos no est\u00e1n dise\u00f1ados para brindar seguridad a peatones, ni a ciclistas. Vamos con un ejemplo: <strong>un peat\u00f3n embestido a 30 km\/h tiene 10% de probabilidades de convertirse en una v\u00edctima fatal<\/strong>, pero si la colisi\u00f3n se produce <strong>a 50 km\/h, las probabilidades aumentan al 85%<\/strong>, seg\u00fan un informe realizado por la Organizaci\u00f3n Mundial de la Salud (OMS).<\/p>\n<p>&nbsp;<\/p>\n<p><img data-recalc-dims=\"1\" loading=\"lazy\" decoding=\"async\" class=\"alignnone size-full wp-image-4220\" src=\"https:\/\/i0.wp.com\/cdnoticias.com\/wp-content\/uploads\/2020\/10\/columna-seguridad-vial.jpg?resize=608%2C336&#038;ssl=1\" alt=\"\" width=\"608\" height=\"336\" srcset=\"https:\/\/i0.wp.com\/cdnoticias.com\/wp-content\/uploads\/2020\/10\/columna-seguridad-vial.jpg?w=608&amp;ssl=1 608w, https:\/\/i0.wp.com\/cdnoticias.com\/wp-content\/uploads\/2020\/10\/columna-seguridad-vial.jpg?resize=300%2C166&amp;ssl=1 300w\" sizes=\"auto, (max-width: 608px) 100vw, 608px\" \/><\/p>\n<p>&nbsp;<\/p>\n<p>A <strong>50 km\/h<\/strong> es la velocidad a la que se circula por cualquier <strong>avenida<\/strong> y a veces en<strong> zonas residenciales<\/strong>, porque las velocidades no es algo que se controle, menos en las ciudades.<\/p>\n<p>&nbsp;<\/p>\n<p><strong>Una facultad a delegar<\/strong><\/p>\n<p>&nbsp;<\/p>\n<p>El tr\u00e1nsito no es una facultad que las provincias hayan delegado a la Naci\u00f3n, por lo tanto, <strong>las provincias pueden adherir (total o parcialmente) o no, a la Ley Nacional de Tr\u00e1nsito<\/strong> (N\u00b0 24449 y N\u00b0 26363). Esta autonom\u00eda de las provincias no hace m\u00e1s que generar caos ya que ante un tema tan sensible <strong>las reglas no son claras<\/strong>. La ley nacional es el marco normativo para rutas nacionales, mientras que en rutas provinciales el marco normativo es provincial, por ejemplo, la provincia de Buenos Aires adhiere a la ley nacional, mientras que C\u00f3rdoba no. Te lo cuento mejor con un ejemplo.<\/p>\n<p>&nbsp;<\/p>\n<p>Uno de los problemas en aumento en materia vial es la presencia de alcohol al volante, en nuestro pa\u00eds existen diferentes tolerancias seg\u00fan la provincia por la que se circule, para C\u00f3rdoba, Neuqu\u00e9n, Salta, Tucum\u00e1n, La Rioja y Entre R\u00edos aplica la tolerancia 0, pero para el resto de las provincias el l\u00edmite de alcohol en sangre es 0,5 g\/l, como lo indica la ley nacional.\u00a0<strong>\u00bfNo merecemos una unificaci\u00f3n de criterios en un tema tan sensible?<\/strong><\/p>\n<h2><strong>\u00a0<\/strong><\/h2>\n<p><strong>Penalizar s\u00ed, premiar tambi\u00e9n<\/strong><\/p>\n<p>&nbsp;<\/p>\n<p>En materia vial se penaliza a quien hace las cosas mal, pero no se premia a quien las hace bien. Se deber\u00eda pensar en un programa de beneficios a quienes no cometan infracciones en el per\u00edodo de tiempo de validez de la licencia conducir, por ejemplo, una reducci\u00f3n en el pago del tr\u00e1mite de renovaci\u00f3n o en la patente.<\/p>\n<p>&nbsp;<\/p>\n<p><strong>La gente por sobre el transporte<\/strong><\/p>\n<p>&nbsp;<\/p>\n<p>Las anteriores, \u00bfson las \u00fanicas medidas para tomar? No. \u00bfSon la soluci\u00f3n de la accidentolog\u00eda vial? Tampoco.<\/p>\n<p>&nbsp;<\/p>\n<p>Son algunas de las medidas que deben ser parte de un <strong>plan integral<\/strong> que contemple a las personas por sobre los veh\u00edculos, la vida por sobre las v\u00edctimas fatales, por eso es necesario comenzar a pensar en ciudades dise\u00f1adas donde la prioridad sea la <strong>circulaci\u00f3n segura<\/strong>, donde se beneficie adem\u00e1s a quienes eligen movilizarse en <strong>veh\u00edculos m\u00e1s seguros<\/strong> como la <strong>bicicleta<\/strong> o a quienes eligen trasladarse a <strong>pie<\/strong>. Esto tambi\u00e9n implica medidas que apunten al desaliento de la circulaci\u00f3n en veh\u00edculos privados, que incentiven el uso del transporte p\u00fablico, en definitiva, debemos empezar a pensar las ciudades y al transporte terrestre de otra manera.<\/p>\n<p>&nbsp;<\/p>\n<p>A diferencia de lo que pasa en las plataformas, aqu\u00ed no vendr\u00e1 un cap\u00edtulo inmediatamente despu\u00e9s que termines de leer, pero s\u00ed vendr\u00e1 un nuevo episodio en 15 d\u00edas, donde hablaremos de controles, porque, aunque logremos contar con una legislaci\u00f3n de primera, es fundamental lograr su aplicaci\u00f3n y para eso es necesario controles efectivos, que tengan como objetivo minimizar las causas de la accidentolog\u00eda vial.<\/p>\n<p>&nbsp;<\/p>\n<p>Gracias por leer. Nos vemos en quince.<\/p>\n<p>&nbsp;<\/p>\n<p><em>(*) Ingenierio Civil, Tesista en Seguridad Vial.\u00a0<\/em><\/p>\n","protected":false},"excerpt":{"rendered":"<p>\u00a1Bienvenidos y bienvenidas nuevamente a este humilde espacio donde hablamos de Seguridad Vial! Por Marcos Pascua (*)<\/p>\n","protected":false},"author":2,"featured_media":4221,"comment_status":"closed","ping_status":"closed","sticky":false,"template":"","format":"standard","meta":{"_jetpack_memberships_contains_paid_content":false,"footnotes":""},"categories":[5,1],"tags":[],"class_list":["post-4219","post","type-post","status-publish","format-standard","has-post-thumbnail","hentry","category-informacion-general","category-portada"],"jetpack_featured_media_url":"https:\/\/i0.wp.com\/cdnoticias.com\/wp-content\/uploads\/2020\/10\/Seguridad-Vial.jpg?fit=843%2C497&ssl=1","jetpack_sharing_enabled":true,"_links":{"self":[{"href":"https:\/\/cdnoticias.com\/index.php\/wp-json\/wp\/v2\/posts\/4219","targetHints":{"allow":["GET"]}}],"collection":[{"href":"https:\/\/cdnoticias.com\/index.php\/wp-json\/wp\/v2\/posts"}],"about":[{"href":"https:\/\/cdnoticias.com\/index.php\/wp-json\/wp\/v2\/types\/post"}],"author":[{"embeddable":true,"href":"https:\/\/cdnoticias.com\/index.php\/wp-json\/wp\/v2\/users\/2"}],"replies":[{"embeddable":true,"href":"https:\/\/cdnoticias.com\/index.php\/wp-json\/wp\/v2\/comments?post=4219"}],"version-history":[{"count":0,"href":"https:\/\/cdnoticias.com\/index.php\/wp-json\/wp\/v2\/posts\/4219\/revisions"}],"wp:featuredmedia":[{"embeddable":true,"href":"https:\/\/cdnoticias.com\/index.php\/wp-json\/wp\/v2\/media\/4221"}],"wp:attachment":[{"href":"https:\/\/cdnoticias.com\/index.php\/wp-json\/wp\/v2\/media?parent=4219"}],"wp:term":[{"taxonomy":"category","embeddable":true,"href":"https:\/\/cdnoticias.com\/index.php\/wp-json\/wp\/v2\/categories?post=4219"},{"taxonomy":"post_tag","embeddable":true,"href":"https:\/\/cdnoticias.com\/index.php\/wp-json\/wp\/v2\/tags?post=4219"}],"curies":[{"name":"wp","href":"https:\/\/api.w.org\/{rel}","templated":true}]}}