{"id":42187,"date":"2021-12-22T18:45:09","date_gmt":"2021-12-22T21:45:09","guid":{"rendered":"http:\/\/www.centraldenoticias.com.ar\/?p=42187"},"modified":"2021-12-22T19:15:15","modified_gmt":"2021-12-22T22:15:15","slug":"como-funcionara-el-programa-rta-en-navidad-y-ano-nuevo","status":"publish","type":"post","link":"https:\/\/cdnoticias.com\/index.php\/2021\/12\/22\/como-funcionara-el-programa-rta-en-navidad-y-ano-nuevo\/","title":{"rendered":"C\u00f3mo funcionar\u00e1 el programa RTA en Navidad y A\u00f1o Nuevo"},"content":{"rendered":"<p>Se har\u00e1n testeos el 24 y 31 de diciembre. Deben hisoparse aquellas personas que presenten s\u00edntomas compatibles con Covid-19.<!--more--><\/p>\n<hr \/>\n<p>La Secretar\u00eda de Salud record\u00f3 el<strong> cronograma de funcionamiento del programa RTA durante las Fiestas de Navidad y A\u00f1o Nuevo<\/strong>.<\/p>\n<p>&nbsp;<\/p>\n<blockquote><p>Los d\u00edas 24 y 31 del corriente mes, se efectuar\u00e1n hisopados en el horario de 7 a 8 horas. En tanto los d\u00edas 25 y 26 de diciembre y 1 y 2 de enero no se realizar\u00e1n hisopados.<\/p><\/blockquote>\n<p>&nbsp;<\/p>\n<p><img data-recalc-dims=\"1\" loading=\"lazy\" decoding=\"async\" class=\"alignnone size-full wp-image-41906\" src=\"https:\/\/i0.wp.com\/cdnoticias.com\/wp-content\/uploads\/2021\/12\/testeos-covid-rta-00.jpg?resize=800%2C445&#038;ssl=1\" alt=\"\" width=\"800\" height=\"445\" srcset=\"https:\/\/i0.wp.com\/cdnoticias.com\/wp-content\/uploads\/2021\/12\/testeos-covid-rta-00.jpg?w=800&amp;ssl=1 800w, https:\/\/i0.wp.com\/cdnoticias.com\/wp-content\/uploads\/2021\/12\/testeos-covid-rta-00.jpg?resize=300%2C167&amp;ssl=1 300w, https:\/\/i0.wp.com\/cdnoticias.com\/wp-content\/uploads\/2021\/12\/testeos-covid-rta-00.jpg?resize=768%2C427&amp;ssl=1 768w\" sizes=\"auto, (max-width: 800px) 100vw, 800px\" \/><\/p>\n<p>&nbsp;<\/p>\n<p>Se reiter\u00f3 que<strong> los testeos se efect\u00faan en el m\u00f3dulo RTA del Hospital Municipal \u201cDr. H\u00e9ctor M. Cura\u201d<\/strong>, sobre avenida Sarmiento. En caso de lluvia se realizan dentro del centro de salud.<\/p>\n<p>&nbsp;<\/p>\n<p>Deben hisoparse <strong>aquellas personas que presenten s\u00edntomas compatibles con Covid-19<\/strong>: tos, dolor de garganta, falta de olfato, falta de gusto, mialgias, cefalea, fiebre mayor a 37.5\u00b0, falta de aire y m\u00e1s de 48 horas de diarrea.<\/p>\n","protected":false},"excerpt":{"rendered":"<p>Se har\u00e1n testeos el 24 y 31 de diciembre. Deben hisoparse aquellas personas que presenten s\u00edntomas compatibles con Covid-19.<\/p>\n","protected":false},"author":4,"featured_media":41908,"comment_status":"closed","ping_status":"closed","sticky":false,"template":"","format":"standard","meta":{"_jetpack_memberships_contains_paid_content":false,"footnotes":""},"categories":[16,1],"tags":[],"class_list":["post-42187","post","type-post","status-publish","format-standard","has-post-thumbnail","hentry","category-covid-19","category-portada"],"jetpack_featured_media_url":"https:\/\/i0.wp.com\/cdnoticias.com\/wp-content\/uploads\/2021\/12\/testeos-covid-rta-02.jpg?fit=766%2C426&ssl=1","jetpack_sharing_enabled":true,"_links":{"self":[{"href":"https:\/\/cdnoticias.com\/index.php\/wp-json\/wp\/v2\/posts\/42187","targetHints":{"allow":["GET"]}}],"collection":[{"href":"https:\/\/cdnoticias.com\/index.php\/wp-json\/wp\/v2\/posts"}],"about":[{"href":"https:\/\/cdnoticias.com\/index.php\/wp-json\/wp\/v2\/types\/post"}],"author":[{"embeddable":true,"href":"https:\/\/cdnoticias.com\/index.php\/wp-json\/wp\/v2\/users\/4"}],"replies":[{"embeddable":true,"href":"https:\/\/cdnoticias.com\/index.php\/wp-json\/wp\/v2\/comments?post=42187"}],"version-history":[{"count":0,"href":"https:\/\/cdnoticias.com\/index.php\/wp-json\/wp\/v2\/posts\/42187\/revisions"}],"wp:featuredmedia":[{"embeddable":true,"href":"https:\/\/cdnoticias.com\/index.php\/wp-json\/wp\/v2\/media\/41908"}],"wp:attachment":[{"href":"https:\/\/cdnoticias.com\/index.php\/wp-json\/wp\/v2\/media?parent=42187"}],"wp:term":[{"taxonomy":"category","embeddable":true,"href":"https:\/\/cdnoticias.com\/index.php\/wp-json\/wp\/v2\/categories?post=42187"},{"taxonomy":"post_tag","embeddable":true,"href":"https:\/\/cdnoticias.com\/index.php\/wp-json\/wp\/v2\/tags?post=42187"}],"curies":[{"name":"wp","href":"https:\/\/api.w.org\/{rel}","templated":true}]}}