{"id":42161,"date":"2021-12-21T21:42:36","date_gmt":"2021-12-22T00:42:36","guid":{"rendered":"http:\/\/www.centraldenoticias.com.ar\/?p=42161"},"modified":"2021-12-21T21:42:36","modified_gmt":"2021-12-22T00:42:36","slug":"el-municipio-e-instituciones-locales-plasmaron-en-el-arbol-navideno-sus-deseos-para-estas-fiestas","status":"publish","type":"post","link":"https:\/\/cdnoticias.com\/index.php\/2021\/12\/21\/el-municipio-e-instituciones-locales-plasmaron-en-el-arbol-navideno-sus-deseos-para-estas-fiestas\/","title":{"rendered":"El Municipio e instituciones locales plasmaron en el \u00e1rbol navide\u00f1o sus deseos para estas Fiestas"},"content":{"rendered":"<p>Lo hicieron en el \u00e1rbol navide\u00f1o que se encuentra emplazado en el Paseo Jes\u00fas Mend\u00eda. La actividad se enmarc\u00f3 en la campa\u00f1a \u201cM\u00e1s luces, menos ruido\u201d. <strong>Galer\u00eda de fotos<\/strong>.<!--more--><\/p>\n<hr \/>\n<p>El Paseos Jes\u00fas Mend\u00eda fue sede en la noche de este martes de un sentido acto que convoc\u00f3 a numerosas instituciones y entidades locales. Si bien todo se enmarc\u00f3 en la<strong> campa\u00f1a \u201cM\u00e1s luces, menos ruido\u201d, \u00a0sirvi\u00f3 para que tambi\u00e9n se plasmen en el \u00e1rbol navide\u00f1o los deseos para estas fiestas.<\/strong><\/p>\n<p>&nbsp;<\/p>\n<p>Se trata de la campa\u00f1a que busca concientizar sobre los efectos desagradables del uso de la pirotecnia en la salud de ciertos grupos poblacionales y animales, que tambi\u00e9n sufren diversas consecuencias negativas a ra\u00edz de las detonaciones. Es por ello que<strong> se incentiva a la comunidad a no utilizar este tipo de artefactos explosivos y de pirotecnia en las fiestas de fin de a\u00f1o.<\/strong><\/p>\n<p>&nbsp;<\/p>\n<p><img data-recalc-dims=\"1\" loading=\"lazy\" decoding=\"async\" class=\"alignnone size-full wp-image-42148\" src=\"https:\/\/i0.wp.com\/cdnoticias.com\/wp-content\/uploads\/2021\/12\/arbolito05.jpg?resize=800%2C445&#038;ssl=1\" alt=\"\" width=\"800\" height=\"445\" srcset=\"https:\/\/i0.wp.com\/cdnoticias.com\/wp-content\/uploads\/2021\/12\/arbolito05.jpg?w=800&amp;ssl=1 800w, https:\/\/i0.wp.com\/cdnoticias.com\/wp-content\/uploads\/2021\/12\/arbolito05.jpg?resize=300%2C167&amp;ssl=1 300w, https:\/\/i0.wp.com\/cdnoticias.com\/wp-content\/uploads\/2021\/12\/arbolito05.jpg?resize=768%2C427&amp;ssl=1 768w\" sizes=\"auto, (max-width: 800px) 100vw, 800px\" \/><\/p>\n<p>&nbsp;<\/p>\n<p>Seg\u00fan se enfatiz\u00f3, la <strong>utilizaci\u00f3n de pirotecnia sonora, que impacta nocivamente en personas que tienen discapacidad intelectual, trastorno de hiperactividad con d\u00e9ficit de atenci\u00f3n, con condiciones del espectro autista, y otras problem\u00e1ticas de salud mental; ni\u00f1os y ni\u00f1as, personas mayores, beb\u00e9s y mascotas<\/strong>.<\/p>\n<p>&nbsp;<\/p>\n<p>Asimismo,<strong> la ocasi\u00f3n sirvi\u00f3 tambi\u00e9n para enviar y plasmar otro tipo de deseos, que fueron colocados en el \u00e1rbol navide\u00f1o. \u201cDignidad\u201d, \u201cempat\u00eda\u201d, \u201cigualdad de oportunidades\u201d, \u201cinclusi\u00f3n\u201d, \u201cni\u00f1eces felices\u201d, \u201camor\u201d, \u201clibertad\u201d, \u201cmascotas felices\u201d, \u201cinclusi\u00f3n\u201d, \u201cparticipaci\u00f3n\u201d, \u201cvejeces felices\u201d, \u201crespeto por la diversidad\u201d, fueron algunas de las frases que pudieron leerse en los carteles con forma de adornos navide\u00f1os<\/strong> que fueron colocados por referentes y representantes de diversas entidades locales. Inclusive, ni\u00f1os, ni\u00f1as y representantes de protectoras locales tambi\u00e9n colocaron huellas de mascotas.<\/p>\n<p>&nbsp;<\/p>\n<p>El acto termin\u00f3 con la colocaci\u00f3n de luces, que fueron ubicadas en la base del \u00e1rbol navide\u00f1o y luego entregadas a modo de recuerdo a cada una de las entidades participantes. A continuaci\u00f3n una galer\u00eda con distintos momentos del acto.<\/p>\n<p>&nbsp;<\/p>\n<p>[soliloquy id=&#8221;42160&#8243;]<\/p>\n","protected":false},"excerpt":{"rendered":"<p>Lo hicieron en el \u00e1rbol navide\u00f1o que se encuentra emplazado en el Paseo Jes\u00fas Mend\u00eda. La actividad se enmarc\u00f3 en<\/p>\n","protected":false},"author":3,"featured_media":42146,"comment_status":"closed","ping_status":"closed","sticky":false,"template":"","format":"standard","meta":{"_jetpack_memberships_contains_paid_content":false,"footnotes":""},"categories":[5,1],"tags":[],"class_list":["post-42161","post","type-post","status-publish","format-standard","has-post-thumbnail","hentry","category-informacion-general","category-portada"],"jetpack_featured_media_url":"https:\/\/i0.wp.com\/cdnoticias.com\/wp-content\/uploads\/2021\/12\/arbolito03.jpg?fit=800%2C445&ssl=1","jetpack_sharing_enabled":true,"_links":{"self":[{"href":"https:\/\/cdnoticias.com\/index.php\/wp-json\/wp\/v2\/posts\/42161","targetHints":{"allow":["GET"]}}],"collection":[{"href":"https:\/\/cdnoticias.com\/index.php\/wp-json\/wp\/v2\/posts"}],"about":[{"href":"https:\/\/cdnoticias.com\/index.php\/wp-json\/wp\/v2\/types\/post"}],"author":[{"embeddable":true,"href":"https:\/\/cdnoticias.com\/index.php\/wp-json\/wp\/v2\/users\/3"}],"replies":[{"embeddable":true,"href":"https:\/\/cdnoticias.com\/index.php\/wp-json\/wp\/v2\/comments?post=42161"}],"version-history":[{"count":0,"href":"https:\/\/cdnoticias.com\/index.php\/wp-json\/wp\/v2\/posts\/42161\/revisions"}],"wp:featuredmedia":[{"embeddable":true,"href":"https:\/\/cdnoticias.com\/index.php\/wp-json\/wp\/v2\/media\/42146"}],"wp:attachment":[{"href":"https:\/\/cdnoticias.com\/index.php\/wp-json\/wp\/v2\/media?parent=42161"}],"wp:term":[{"taxonomy":"category","embeddable":true,"href":"https:\/\/cdnoticias.com\/index.php\/wp-json\/wp\/v2\/categories?post=42161"},{"taxonomy":"post_tag","embeddable":true,"href":"https:\/\/cdnoticias.com\/index.php\/wp-json\/wp\/v2\/tags?post=42161"}],"curies":[{"name":"wp","href":"https:\/\/api.w.org\/{rel}","templated":true}]}}