{"id":42138,"date":"2021-12-21T20:47:07","date_gmt":"2021-12-21T23:47:07","guid":{"rendered":"http:\/\/www.centraldenoticias.com.ar\/?p=42138"},"modified":"2021-12-21T21:18:42","modified_gmt":"2021-12-22T00:18:42","slug":"liliana-schwindt-coopelectric-no-puede-cobrar-una-cuota-para-hacer-compensacion-tarifaria","status":"publish","type":"post","link":"https:\/\/cdnoticias.com\/index.php\/2021\/12\/21\/liliana-schwindt-coopelectric-no-puede-cobrar-una-cuota-para-hacer-compensacion-tarifaria\/","title":{"rendered":"Liliana Schwindt: \u201cCoopelectric no puede cobrar una cuota para hacer compensaci\u00f3n tarifaria\u201d"},"content":{"rendered":"<p>La dirigente del Frente de Todos asegur\u00f3 que la cooperativa no pude aplicar la cuota capital con el consecuente aumento en la tarifa de luz. Denunci\u00f3 complicidad con el Municipio.<!--more--><\/p>\n<hr \/>\n<p>La<strong> dirigente del Frente de Todos y ex diputada nacional, Liliana Schwindt<\/strong>, sali\u00f3 al cruce del anuncio realizado por Coopelectric sobre la<a href=\"https:\/\/cdnoticias.com\/index.php\/2021\/12\/21\/coopelectric-anuncio-que-desde-enero-aplicara-la-cuota-capital-en-las-facturas-de-luz\/\" target=\"_blank\" rel=\"noopener\"> aplicaci\u00f3n de la cuota capital en el servicio el\u00e9ctrico con la consecuente suba de 20% a 30% en la tarifa.<\/a><\/p>\n<p>&nbsp;<\/p>\n<p>Desde la cooperativa se explic\u00f3 este martes que la medida se defini\u00f3<strong><em> \u201cante el congelamiento tarifario\u201d<\/em><\/strong> y que con estos fondos podr\u00e1<em> \u201catender necesidades financieras impostergables\u201d.<\/em><\/p>\n<p>&nbsp;<\/p>\n<p>En un duro comunicado, Schwindt indic\u00f3 que <strong><em>\u201csi hay congelamiento tarifario, no pueden cobrar una cuota para hacer compensaci\u00f3n tarifaria\u201d<\/em><\/strong> y agreg\u00f3: <em>\u201ctienen que arreglarlo de otro modo porque el congelamiento tarifario es para protecci\u00f3n del usuario, algo que con esta medida no estar\u00eda cumpli\u00e9ndose\u201d.<\/em><\/p>\n<p>&nbsp;<\/p>\n<p>Adem\u00e1s, asegur\u00f3 que para poder cobrar la cuota capital <strong><em>\u201cla Cooperativa tiene que ser autorizada por el Organismo de Control, en este caso OCEBA\u201d<\/em><\/strong> y<em> \u201cpor supuesto que no los autoriz\u00f3 y lo hicieron como siempre por obra y cuenta de ellos\u201d.<\/em><\/p>\n<p>&nbsp;<\/p>\n<p>En ese sentido, se pregunt\u00f3: <em>\u201c<strong>vamos a ver qu\u00e9 contestan cuando OCEBA les pida la explicaci\u00f3n de este cobro<\/strong>\u00a0ya que existe una resoluci\u00f3n por la cual nos declara que no somos accionistas sino usuarios y que cualquier cobro por fuera del servicio debe ser informado y justificado\u201d.<\/em><\/p>\n<p>&nbsp;<\/p>\n<p>Por otra parte, puso la mirada en la<strong> relaci\u00f3n entre el Municipio y la prestadora del servicio<\/strong> y habl\u00f3 de <em>\u201ccomplicidad\u201d<\/em> y falta de control. Resalt\u00f3 que<em> \u201cahora la Cooperativa tiene 2 concejales y el Delegado Municipal ante la Cooperativa -vendr\u00eda a ser nuestro representante- pas\u00f3 a ser concejal (Coscia) y el que era concejal (Ferreira) pas\u00f3 a ser delegado de Coopelectric\u201d.<\/em><\/p>\n<p>&nbsp;<\/p>\n<p><em>\u201cM\u00e1s all\u00e1 de que no tengo nada personal contra ning\u00fan directivo ni empleado\u201d<\/em> afirm\u00f3 que <em>\u201clo que no es, no es, gente. <strong>Y en este caso ustedes se extralimitan<\/strong>\u201d.<\/em><\/p>\n","protected":false},"excerpt":{"rendered":"<p>La dirigente del Frente de Todos asegur\u00f3 que la cooperativa no pude aplicar la cuota capital con el consecuente aumento<\/p>\n","protected":false},"author":5,"featured_media":24557,"comment_status":"closed","ping_status":"closed","sticky":false,"template":"","format":"standard","meta":{"_jetpack_memberships_contains_paid_content":false,"footnotes":""},"categories":[4,1],"tags":[],"class_list":["post-42138","post","type-post","status-publish","format-standard","has-post-thumbnail","hentry","category-politica","category-portada"],"jetpack_featured_media_url":"https:\/\/i0.wp.com\/cdnoticias.com\/wp-content\/uploads\/2021\/06\/Liliana-Schwindt-01.jpg?fit=1200%2C667&ssl=1","jetpack_sharing_enabled":true,"_links":{"self":[{"href":"https:\/\/cdnoticias.com\/index.php\/wp-json\/wp\/v2\/posts\/42138","targetHints":{"allow":["GET"]}}],"collection":[{"href":"https:\/\/cdnoticias.com\/index.php\/wp-json\/wp\/v2\/posts"}],"about":[{"href":"https:\/\/cdnoticias.com\/index.php\/wp-json\/wp\/v2\/types\/post"}],"author":[{"embeddable":true,"href":"https:\/\/cdnoticias.com\/index.php\/wp-json\/wp\/v2\/users\/5"}],"replies":[{"embeddable":true,"href":"https:\/\/cdnoticias.com\/index.php\/wp-json\/wp\/v2\/comments?post=42138"}],"version-history":[{"count":0,"href":"https:\/\/cdnoticias.com\/index.php\/wp-json\/wp\/v2\/posts\/42138\/revisions"}],"wp:featuredmedia":[{"embeddable":true,"href":"https:\/\/cdnoticias.com\/index.php\/wp-json\/wp\/v2\/media\/24557"}],"wp:attachment":[{"href":"https:\/\/cdnoticias.com\/index.php\/wp-json\/wp\/v2\/media?parent=42138"}],"wp:term":[{"taxonomy":"category","embeddable":true,"href":"https:\/\/cdnoticias.com\/index.php\/wp-json\/wp\/v2\/categories?post=42138"},{"taxonomy":"post_tag","embeddable":true,"href":"https:\/\/cdnoticias.com\/index.php\/wp-json\/wp\/v2\/tags?post=42138"}],"curies":[{"name":"wp","href":"https:\/\/api.w.org\/{rel}","templated":true}]}}