{"id":42023,"date":"2021-12-21T09:28:03","date_gmt":"2021-12-21T12:28:03","guid":{"rendered":"http:\/\/www.centraldenoticias.com.ar\/?p=42023"},"modified":"2021-12-21T09:28:03","modified_gmt":"2021-12-21T12:28:03","slug":"martin-hache-despide-el-ano-en-la-usina","status":"publish","type":"post","link":"https:\/\/cdnoticias.com\/index.php\/2021\/12\/21\/martin-hache-despide-el-ano-en-la-usina\/","title":{"rendered":"Mart\u00edn Hache despide el a\u00f1o en La Usina"},"content":{"rendered":"<p>Ser\u00e1 este jueves por la noche en el bar ubicado en Alsina 2570. Presentar\u00e1 canciones de su tercer disco \u201cAlmas de destrucci\u00f3n pasiva\u201d.\u00a0<!--more--><\/p>\n<hr \/>\n<p>El artista local <strong>Mart\u00edn Hache despedir\u00e1 el a\u00f1o este jueves a las 21:30 horas en el bar La Usina, ubicado en Alsina 2570. Presentar\u00e1, en dicha ocasi\u00f3n, las canciones de su tercer disco<em>, \u201cAlmas de destrucci\u00f3n pasiva\u201d.<\/em><\/strong><\/p>\n<p>&nbsp;<\/p>\n<p>Junto a su banda conformada por Agust\u00edn Ramos en bater\u00eda, Tati Freites en bajo y Marcos Gainza en guitarra y teclados, <strong>repasar\u00e1n canciones que abarcan 6 discos y 20 a\u00f1os de carrera, incluyendo las de su \u00faltimo \u00e1lbum, que present\u00f3 el pasado septiembre en el Teatro Municipal.<\/strong><\/p>\n<p>&nbsp;<\/p>\n<p>Desde la organizaci\u00f3n se inform\u00f3 que<strong> las entradas en mesa tienen un valor de $400 y pueden reservarse a trav\u00e9s de WhatsApp al 2284-523050.<\/strong><\/p>\n","protected":false},"excerpt":{"rendered":"<p>Ser\u00e1 este jueves por la noche en el bar ubicado en Alsina 2570. Presentar\u00e1 canciones de su tercer disco \u201cAlmas<\/p>\n","protected":false},"author":2,"featured_media":42024,"comment_status":"closed","ping_status":"closed","sticky":false,"template":"","format":"standard","meta":{"_jetpack_memberships_contains_paid_content":false,"footnotes":""},"categories":[9,1],"tags":[],"class_list":["post-42023","post","type-post","status-publish","format-standard","has-post-thumbnail","hentry","category-cultura","category-portada"],"jetpack_featured_media_url":"https:\/\/i0.wp.com\/cdnoticias.com\/wp-content\/uploads\/2021\/12\/MG_3117.jpg?fit=4641%2C3094&ssl=1","jetpack_sharing_enabled":true,"_links":{"self":[{"href":"https:\/\/cdnoticias.com\/index.php\/wp-json\/wp\/v2\/posts\/42023","targetHints":{"allow":["GET"]}}],"collection":[{"href":"https:\/\/cdnoticias.com\/index.php\/wp-json\/wp\/v2\/posts"}],"about":[{"href":"https:\/\/cdnoticias.com\/index.php\/wp-json\/wp\/v2\/types\/post"}],"author":[{"embeddable":true,"href":"https:\/\/cdnoticias.com\/index.php\/wp-json\/wp\/v2\/users\/2"}],"replies":[{"embeddable":true,"href":"https:\/\/cdnoticias.com\/index.php\/wp-json\/wp\/v2\/comments?post=42023"}],"version-history":[{"count":0,"href":"https:\/\/cdnoticias.com\/index.php\/wp-json\/wp\/v2\/posts\/42023\/revisions"}],"wp:featuredmedia":[{"embeddable":true,"href":"https:\/\/cdnoticias.com\/index.php\/wp-json\/wp\/v2\/media\/42024"}],"wp:attachment":[{"href":"https:\/\/cdnoticias.com\/index.php\/wp-json\/wp\/v2\/media?parent=42023"}],"wp:term":[{"taxonomy":"category","embeddable":true,"href":"https:\/\/cdnoticias.com\/index.php\/wp-json\/wp\/v2\/categories?post=42023"},{"taxonomy":"post_tag","embeddable":true,"href":"https:\/\/cdnoticias.com\/index.php\/wp-json\/wp\/v2\/tags?post=42023"}],"curies":[{"name":"wp","href":"https:\/\/api.w.org\/{rel}","templated":true}]}}