{"id":42016,"date":"2021-12-21T08:59:21","date_gmt":"2021-12-21T11:59:21","guid":{"rendered":"http:\/\/www.centraldenoticias.com.ar\/?p=42016"},"modified":"2021-12-21T11:37:40","modified_gmt":"2021-12-21T14:37:40","slug":"la-provincia-otorgara-un-refuerzo-de-fin-de-ano-a-sectores-vulnerables","status":"publish","type":"post","link":"https:\/\/cdnoticias.com\/index.php\/2021\/12\/21\/la-provincia-otorgara-un-refuerzo-de-fin-de-ano-a-sectores-vulnerables\/","title":{"rendered":"La Provincia otorgar\u00e1 un \u201crefuerzo de fin de a\u00f1o\u201d a sectores vulnerables"},"content":{"rendered":"<p>El beneficio alcanzar\u00e1 a jubilados, pensionados, destinatarios de programas sociales, a ciertas instituciones que trabajan con ni\u00f1os y adolescentes, y a centros que aportan al fortalecimiento de la comunidad.<!--more--><\/p>\n<hr \/>\n<p><strong>La Provincia otorgar\u00e1 un \u201crefuerzo de fin de a\u00f1o\u201d a los sectores m\u00e1s vulnerables<\/strong>. El Gobierno de la provincia de Buenos Aires otorgar\u00e1 un<strong> bono de $8.000 a las y los jubilados<\/strong> que perciben el haber m\u00ednimo; a quienes reciben <strong>pensiones sociales<\/strong> no contributivas; y a las y los<strong> destinatarios de programas sociales.<\/strong><\/p>\n<p>&nbsp;<\/p>\n<p>A su vez, asistir\u00e1 con un<strong> refuerzo de $3.000 por ni\u00f1a\/o o adolescente a instituciones sociales<\/strong> que trabajan con el Ministerio de Desarrollo de la Comunidad y el Organismo Provincial de la Ni\u00f1ez y Adolescencia.<\/p>\n<p>&nbsp;<\/p>\n<blockquote><p>Esta medida beneficiar\u00e1 a un universo de 176.144 personas, entre los que se encuentran ni\u00f1os, ni\u00f1as y j\u00f3venes, personas mayores, madres solas y personas con discapacidad.<\/p><\/blockquote>\n<p>&nbsp;<\/p>\n<p><img data-recalc-dims=\"1\" loading=\"lazy\" decoding=\"async\" class=\"size-full wp-image-42020 aligncenter\" src=\"https:\/\/i0.wp.com\/cdnoticias.com\/wp-content\/uploads\/2021\/12\/kicillof-vacunate-provincia.jpg?resize=800%2C445&#038;ssl=1\" alt=\"\" width=\"800\" height=\"445\" srcset=\"https:\/\/i0.wp.com\/cdnoticias.com\/wp-content\/uploads\/2021\/12\/kicillof-vacunate-provincia.jpg?w=800&amp;ssl=1 800w, https:\/\/i0.wp.com\/cdnoticias.com\/wp-content\/uploads\/2021\/12\/kicillof-vacunate-provincia.jpg?resize=300%2C167&amp;ssl=1 300w, https:\/\/i0.wp.com\/cdnoticias.com\/wp-content\/uploads\/2021\/12\/kicillof-vacunate-provincia.jpg?resize=768%2C427&amp;ssl=1 768w\" sizes=\"auto, (max-width: 800px) 100vw, 800px\" \/><\/p>\n<p>&nbsp;<\/p>\n<p>Tambi\u00e9n alcanza a <strong>m\u00e1s de 4.000 instituciones y centros que llevan adelante un rol social<\/strong>.<\/p>\n<p>&nbsp;<\/p>\n<blockquote><p>Las\/los titulares de derecho no deber\u00e1n hacer ning\u00fan tr\u00e1mite adicional para acceder al beneficio ya que se depositar\u00e1 en la misma cuenta donde reciben su prestaci\u00f3n.<\/p><\/blockquote>\n<p>&nbsp;<\/p>\n<p>&#8220;Esta ayuda extra<strong> permite fortalecer los ingresos de los y las destinatarios\/as de estos programas, y reforzar las prestaciones que se otorgan<\/strong> en las instituciones sociales para destinar a gastos relacionados con material recreativo, did\u00e1ctico, vestimenta, alimentos, entre otros&#8221; se explic\u00f3 al dar a conocer la medida.<\/p>\n<p>&nbsp;<\/p>\n<p>Entre los programas sociales que abarca la medida se encuentran <em>M\u00e1s Vida, Envi\u00f3n, Barrios Bonaerenses, Autonom\u00eda Joven, Peculios de talleres Protegidos de producci\u00f3n, Programa de Asistencia Alimentaria al Paciente Cel\u00edaco (PAAC) y Programa de Asistencia Alimentaria a Pacientes Inmunodeprimidos (PAAI)<\/em>.<\/p>\n<p>&nbsp;<\/p>\n<p><img data-recalc-dims=\"1\" loading=\"lazy\" decoding=\"async\" class=\"size-full wp-image-40454 aligncenter\" src=\"https:\/\/i0.wp.com\/cdnoticias.com\/wp-content\/uploads\/2021\/12\/Kicillof.jpg?resize=800%2C445&#038;ssl=1\" alt=\"\" width=\"800\" height=\"445\" srcset=\"https:\/\/i0.wp.com\/cdnoticias.com\/wp-content\/uploads\/2021\/12\/Kicillof.jpg?w=800&amp;ssl=1 800w, https:\/\/i0.wp.com\/cdnoticias.com\/wp-content\/uploads\/2021\/12\/Kicillof.jpg?resize=300%2C167&amp;ssl=1 300w, https:\/\/i0.wp.com\/cdnoticias.com\/wp-content\/uploads\/2021\/12\/Kicillof.jpg?resize=768%2C427&amp;ssl=1 768w\" sizes=\"auto, (max-width: 800px) 100vw, 800px\" \/><\/p>\n<p>&nbsp;<\/p>\n<p>A su vez, <strong>se pagar\u00e1 un refuerzo a m\u00e1s de 4.000 instituciones y centros que llevan adelante un rol social, solidario y articulador y el fortalecimiento de la comunidad<\/strong>, entre los que se encuentran centros juveniles, casas de encuentros comunitarios, Unidades de Desarrollo Infantil (UDIs), hogares para personas con discapacidad, CASA \u2013 actividades ecuestres, centros de d\u00eda, hogares, casas de abrigo, centros de alojamiento transitorios, Familias Solidarias, Hogar Convivencial y comedores y merenderos enmarcados en Programa de Fortalecimiento Alimentario a Espacios Comunitarios. Estos programas de inclusi\u00f3n social tienden en conjunto a <strong>garantizar la salud integral de diversos grupos, su integraci\u00f3n social comunitaria, la terminalidad educativa, la asistencia inmediata ante diversas situaciones de emergencia, las pol\u00edticas inclusivas, de soberan\u00eda y de protecci\u00f3n social<\/strong>.<\/p>\n<p>&nbsp;<\/p>\n<p>Esta medida forma parte de las <strong>iniciativas que viene realizando la provincia para acompa\u00f1ar a la poblaci\u00f3n<\/strong> que se encuentra en situaci\u00f3n de mayor vulnerabilidad.<\/p>\n<p>&nbsp;<\/p>\n<p><img data-recalc-dims=\"1\" loading=\"lazy\" decoding=\"async\" class=\"size-full wp-image-42021 aligncenter\" src=\"https:\/\/i0.wp.com\/cdnoticias.com\/wp-content\/uploads\/2021\/12\/programa-Envi%C3%B3n.jpg?resize=800%2C445&#038;ssl=1\" alt=\"\" width=\"800\" height=\"445\" srcset=\"https:\/\/i0.wp.com\/cdnoticias.com\/wp-content\/uploads\/2021\/12\/programa-Envi%C3%B3n.jpg?w=800&amp;ssl=1 800w, https:\/\/i0.wp.com\/cdnoticias.com\/wp-content\/uploads\/2021\/12\/programa-Envi%C3%B3n.jpg?resize=300%2C167&amp;ssl=1 300w, https:\/\/i0.wp.com\/cdnoticias.com\/wp-content\/uploads\/2021\/12\/programa-Envi%C3%B3n.jpg?resize=768%2C427&amp;ssl=1 768w\" sizes=\"auto, (max-width: 800px) 100vw, 800px\" \/><\/p>\n<p>&nbsp;<\/p>\n<p>La Gobernaci\u00f3n record\u00f3 <strong>medidas que ya se implementaron este a\u00f1o en beneficio de los mismos sectores<\/strong>. En ese sentido se mencion\u00f3 que se incrementaron la jubilaci\u00f3n m\u00ednima, las pensiones no contributivas y tambi\u00e9n se ampliaron las prestaciones de los programas sociales, con subas de entre 60% y 132%, que permiten tender a la recomposici\u00f3n del valor que hab\u00edan perdido durante la gesti\u00f3n anterior. Tambi\u00e9n se ampli\u00f3 el cupo de destinatarios de varios programas, como es el caso de ENVI\u00d3N, que pas\u00f3 de 35.000 a 50.000; se ampli\u00f3 en m\u00e1s de 10.000 el n\u00famero de becas UDIs, que incluye Jardines Maternales, Casas del Ni\u00f1o y Centros de Atenci\u00f3n Integral; tambi\u00e9n los Centros Juveniles, pasando a m\u00e1s de 8.000, entre otros.<\/p>\n<p>&nbsp;<\/p>\n<blockquote><p>\u201cContinuamos trabajando para hacer de Buenos Aires una provincia inclusiva y con m\u00e1s oportunidades para todas y todos\u201d se destac\u00f3 desde la Gobernaci\u00f3n al dar a conocer los beneficios.<\/p><\/blockquote>\n","protected":false},"excerpt":{"rendered":"<p>El beneficio alcanzar\u00e1 a jubilados, pensionados, destinatarios de programas sociales, a ciertas instituciones que trabajan con ni\u00f1os y adolescentes, y<\/p>\n","protected":false},"author":4,"featured_media":42019,"comment_status":"closed","ping_status":"closed","sticky":false,"template":"","format":"standard","meta":{"_jetpack_memberships_contains_paid_content":false,"footnotes":""},"categories":[6,1],"tags":[],"class_list":["post-42016","post","type-post","status-publish","format-standard","has-post-thumbnail","hentry","category-nacionales","category-portada"],"jetpack_featured_media_url":"https:\/\/i0.wp.com\/cdnoticias.com\/wp-content\/uploads\/2021\/12\/kicillof-jubilados.jpg?fit=800%2C445&ssl=1","jetpack_sharing_enabled":true,"_links":{"self":[{"href":"https:\/\/cdnoticias.com\/index.php\/wp-json\/wp\/v2\/posts\/42016","targetHints":{"allow":["GET"]}}],"collection":[{"href":"https:\/\/cdnoticias.com\/index.php\/wp-json\/wp\/v2\/posts"}],"about":[{"href":"https:\/\/cdnoticias.com\/index.php\/wp-json\/wp\/v2\/types\/post"}],"author":[{"embeddable":true,"href":"https:\/\/cdnoticias.com\/index.php\/wp-json\/wp\/v2\/users\/4"}],"replies":[{"embeddable":true,"href":"https:\/\/cdnoticias.com\/index.php\/wp-json\/wp\/v2\/comments?post=42016"}],"version-history":[{"count":0,"href":"https:\/\/cdnoticias.com\/index.php\/wp-json\/wp\/v2\/posts\/42016\/revisions"}],"wp:featuredmedia":[{"embeddable":true,"href":"https:\/\/cdnoticias.com\/index.php\/wp-json\/wp\/v2\/media\/42019"}],"wp:attachment":[{"href":"https:\/\/cdnoticias.com\/index.php\/wp-json\/wp\/v2\/media?parent=42016"}],"wp:term":[{"taxonomy":"category","embeddable":true,"href":"https:\/\/cdnoticias.com\/index.php\/wp-json\/wp\/v2\/categories?post=42016"},{"taxonomy":"post_tag","embeddable":true,"href":"https:\/\/cdnoticias.com\/index.php\/wp-json\/wp\/v2\/tags?post=42016"}],"curies":[{"name":"wp","href":"https:\/\/api.w.org\/{rel}","templated":true}]}}