{"id":41988,"date":"2021-12-20T19:02:43","date_gmt":"2021-12-20T22:02:43","guid":{"rendered":"http:\/\/www.centraldenoticias.com.ar\/?p=41988"},"modified":"2021-12-21T09:00:51","modified_gmt":"2021-12-21T12:00:51","slug":"aviso-a-muy-corto-plazo-por-tormentas-para-olavarria-y-la-region","status":"publish","type":"post","link":"https:\/\/cdnoticias.com\/index.php\/2021\/12\/20\/aviso-a-muy-corto-plazo-por-tormentas-para-olavarria-y-la-region\/","title":{"rendered":"\u201cAviso a muy corto plazo\u201d por tormentas para Olavarr\u00eda y la regi\u00f3n"},"content":{"rendered":"<p>As\u00ed fue la advertencia emitida esta tarde desde el Servicio Meteorol\u00f3gico Nacional. Los detalles.<!--more--><\/p>\n<hr \/>\n<p>Adem\u00e1s del <a href=\"https:\/\/cdnoticias.com\/index.php\/2021\/12\/20\/emiten-un-alerta-por-tormentas-para-la-tarde-y-noche-de-este-lunes\/\" target=\"_blank\" rel=\"noopener\">alerta \u201camarillo\u201d emitido al inicio de la jornada<\/a>, en la tarde de este lunes desde el Servicio Meteorol\u00f3gico Nacional se emiti\u00f3 un<strong> \u201caviso a muy corto plazo\u201d por tormentas que incluye a Olavarr\u00eda y varios distritos bonaerenses<\/strong>.<\/p>\n<p>&nbsp;<\/p>\n<blockquote class=\"twitter-tweet\" data-width=\"550\" data-dnt=\"true\">\n<p lang=\"es\" dir=\"ltr\">ACP \u26a0 | Aviso a muy corto plazo<br \/>TORMENTAS FUERTES CON LLUVIAS INTENSAS, RAFAGAS Y CAIDA DE GRANIZO. <br \/>\u23f1\ufe0f Hora: 12\/20\/2021 18:50h<br \/>V\u00e1lido por 2 horas.<br \/>+ info <a href=\"https:\/\/t.co\/VzMLfM3HY3\">https:\/\/t.co\/VzMLfM3HY3<\/a> <a href=\"https:\/\/t.co\/3xKKxWtc30\">pic.twitter.com\/3xKKxWtc30<\/a><\/p>\n<p>&mdash; SMN Alertas (@SMN_Alertas) <a href=\"https:\/\/twitter.com\/SMN_Alertas\/status\/1473049183217229830?ref_src=twsrc%5Etfw\">December 20, 2021<\/a><\/p><\/blockquote>\n<p><script async src=\"https:\/\/platform.twitter.com\/widgets.js\" charset=\"utf-8\"><\/script><\/p>\n<p>&nbsp;<\/p>\n<p>El comunicado fue emitido desde las 17, con una validez de unas dos horas e incluye, <strong>adem\u00e1s de nuestra ciudad, a Adolfo Alsina, Bol\u00edvar, Coronel Suarez, Daireaux ,General La Madrid, Hip\u00f3lito Yrigoyen y Guamini.<\/strong><\/p>\n<p>&nbsp;<\/p>\n<p><img data-recalc-dims=\"1\" loading=\"lazy\" decoding=\"async\" class=\"alignnone size-full wp-image-41990\" src=\"https:\/\/i0.wp.com\/cdnoticias.com\/wp-content\/uploads\/2021\/12\/aviso.jpg?resize=800%2C445&#038;ssl=1\" alt=\"\" width=\"800\" height=\"445\" srcset=\"https:\/\/i0.wp.com\/cdnoticias.com\/wp-content\/uploads\/2021\/12\/aviso.jpg?w=800&amp;ssl=1 800w, https:\/\/i0.wp.com\/cdnoticias.com\/wp-content\/uploads\/2021\/12\/aviso.jpg?resize=300%2C167&amp;ssl=1 300w, https:\/\/i0.wp.com\/cdnoticias.com\/wp-content\/uploads\/2021\/12\/aviso.jpg?resize=768%2C427&amp;ssl=1 768w\" sizes=\"auto, (max-width: 800px) 100vw, 800px\" \/><\/p>\n<p>&nbsp;<\/p>\n<p>&nbsp;<\/p>\n<p>Las consecuencias de las tormentas ya se sienten en la regi\u00f3n, como lo han retratado por usuarios y medios de comunicaci\u00f3n bonaerenses.<\/p>\n<p>&nbsp;<\/p>\n<blockquote class=\"twitter-tweet\" data-width=\"550\" data-dnt=\"true\">\n<p lang=\"es\" dir=\"ltr\">Tremenda tormenta de viento, tierra y ahora lluvia, pasando por Bol\u00edvar.<a href=\"https:\/\/twitter.com\/SMN_Alertas?ref_src=twsrc%5Etfw\">@SMN_Alertas<\/a> <a href=\"https:\/\/twitter.com\/SMN_Argentina?ref_src=twsrc%5Etfw\">@SMN_Argentina<\/a> <a href=\"https:\/\/twitter.com\/leodebenedictis?ref_src=twsrc%5Etfw\">@leodebenedictis<\/a> <a href=\"https:\/\/twitter.com\/llueveargentina?ref_src=twsrc%5Etfw\">@llueveargentina<\/a> <a href=\"https:\/\/twitter.com\/infoclimaweb?ref_src=twsrc%5Etfw\">@infoclimaweb<\/a> <a href=\"https:\/\/twitter.com\/SignosRadiosFM?ref_src=twsrc%5Etfw\">@SignosRadiosFM<\/a> <a href=\"https:\/\/twitter.com\/bolivar_tv2?ref_src=twsrc%5Etfw\">@bolivar_tv2<\/a> <a href=\"https:\/\/twitter.com\/InfodeBolivar?ref_src=twsrc%5Etfw\">@InfodeBolivar<\/a> <a href=\"https:\/\/t.co\/zPBdQ7pnuQ\">pic.twitter.com\/zPBdQ7pnuQ<\/a><\/p>\n<p>&mdash; Santiago Elizondo (@santiurd) <a href=\"https:\/\/twitter.com\/santiurd\/status\/1473046093063544832?ref_src=twsrc%5Etfw\">December 20, 2021<\/a><\/p><\/blockquote>\n<p><script async src=\"https:\/\/platform.twitter.com\/widgets.js\" charset=\"utf-8\"><\/script><\/p>\n","protected":false},"excerpt":{"rendered":"<p>As\u00ed fue la advertencia emitida esta tarde desde el Servicio Meteorol\u00f3gico Nacional. Los detalles.<\/p>\n","protected":false},"author":3,"featured_media":41989,"comment_status":"closed","ping_status":"closed","sticky":false,"template":"","format":"standard","meta":{"_jetpack_memberships_contains_paid_content":false,"footnotes":""},"categories":[5],"tags":[],"class_list":["post-41988","post","type-post","status-publish","format-standard","has-post-thumbnail","hentry","category-informacion-general"],"jetpack_featured_media_url":"https:\/\/i0.wp.com\/cdnoticias.com\/wp-content\/uploads\/2021\/12\/aviso01.jpg?fit=800%2C445&ssl=1","jetpack_sharing_enabled":true,"_links":{"self":[{"href":"https:\/\/cdnoticias.com\/index.php\/wp-json\/wp\/v2\/posts\/41988","targetHints":{"allow":["GET"]}}],"collection":[{"href":"https:\/\/cdnoticias.com\/index.php\/wp-json\/wp\/v2\/posts"}],"about":[{"href":"https:\/\/cdnoticias.com\/index.php\/wp-json\/wp\/v2\/types\/post"}],"author":[{"embeddable":true,"href":"https:\/\/cdnoticias.com\/index.php\/wp-json\/wp\/v2\/users\/3"}],"replies":[{"embeddable":true,"href":"https:\/\/cdnoticias.com\/index.php\/wp-json\/wp\/v2\/comments?post=41988"}],"version-history":[{"count":0,"href":"https:\/\/cdnoticias.com\/index.php\/wp-json\/wp\/v2\/posts\/41988\/revisions"}],"wp:featuredmedia":[{"embeddable":true,"href":"https:\/\/cdnoticias.com\/index.php\/wp-json\/wp\/v2\/media\/41989"}],"wp:attachment":[{"href":"https:\/\/cdnoticias.com\/index.php\/wp-json\/wp\/v2\/media?parent=41988"}],"wp:term":[{"taxonomy":"category","embeddable":true,"href":"https:\/\/cdnoticias.com\/index.php\/wp-json\/wp\/v2\/categories?post=41988"},{"taxonomy":"post_tag","embeddable":true,"href":"https:\/\/cdnoticias.com\/index.php\/wp-json\/wp\/v2\/tags?post=41988"}],"curies":[{"name":"wp","href":"https:\/\/api.w.org\/{rel}","templated":true}]}}