{"id":41976,"date":"2021-12-22T14:08:17","date_gmt":"2021-12-22T17:08:17","guid":{"rendered":"http:\/\/www.centraldenoticias.com.ar\/?p=41976"},"modified":"2021-12-22T13:30:37","modified_gmt":"2021-12-22T16:30:37","slug":"habra-vacunacion-libre-gratuita-y-federal-para-todos-los-turistas-que-visiten-la-provincia","status":"publish","type":"post","link":"https:\/\/cdnoticias.com\/index.php\/2021\/12\/22\/habra-vacunacion-libre-gratuita-y-federal-para-todos-los-turistas-que-visiten-la-provincia\/","title":{"rendered":"\u201cHabr\u00e1 vacunaci\u00f3n libre, gratuita y federal para todos los turistas que visiten la Provincia\u201d"},"content":{"rendered":"<p>As\u00ed lo enfatiz\u00f3 Axel Kicillof en el lanzamiento del operativo de seguridad y salud en los destinos tur\u00edsticos bonaerenses.<!--more--><\/p>\n<hr \/>\n<p><strong>\u201cA partir de ma\u00f1ana habr\u00e1 vacunaci\u00f3n libre, gratuita y federal: se podr\u00e1n vacunar todos los argentinos y los extranjeros que visiten los destinos tur\u00edsticos de la provincia de Buenos Aires\u201d<\/strong>, anunci\u00f3 el gobernador Axel Kicillof, al encabezar este lunes el acto de lanzamiento de los operativos destinados a garantizar la seguridad vial, el cuidado de la salud y la prevenci\u00f3n del delito durante la temporada de verano 2021\/2022. Fue en la ciudad de Mar del Plata, junto a los ministros de Salud, Nicol\u00e1s Kreplak; y de Seguridad, Sergio Berni; y el presidente de Autopistas de Buenos Aires SA (AUBASA), Ricardo Lissalde.<\/p>\n<p>&nbsp;<\/p>\n<p><strong>\u201cMa\u00f1ana comienza a regir el Pase Libre con Vacunas como requerimiento para acceder a determinadas actividades, porque necesitamos tomar conciencia de que con las vacunas nos cuidamos y cuidamos a los dem\u00e1s\u201d<\/strong>, asegur\u00f3 Kicillof y agreg\u00f3: \u201cComo contrapartida, nuestros vacunatorios estar\u00e1n abiertos para todos los turistas que deseen vacacionar en la provincia, garantizando el acceso libre, gratuito y federal\u201d.<\/p>\n<p>&nbsp;<\/p>\n<p><img data-recalc-dims=\"1\" loading=\"lazy\" decoding=\"async\" class=\"alignnone size-large wp-image-41978\" src=\"https:\/\/i0.wp.com\/cdnoticias.com\/wp-content\/uploads\/2021\/12\/2021_12_20-AK-Opertivo-Sol_DON_6459.jpg?resize=800%2C506&#038;ssl=1\" alt=\"\" width=\"800\" height=\"506\" srcset=\"https:\/\/i0.wp.com\/cdnoticias.com\/wp-content\/uploads\/2021\/12\/2021_12_20-AK-Opertivo-Sol_DON_6459.jpg?resize=1024%2C648&amp;ssl=1 1024w, https:\/\/i0.wp.com\/cdnoticias.com\/wp-content\/uploads\/2021\/12\/2021_12_20-AK-Opertivo-Sol_DON_6459.jpg?resize=300%2C190&amp;ssl=1 300w, https:\/\/i0.wp.com\/cdnoticias.com\/wp-content\/uploads\/2021\/12\/2021_12_20-AK-Opertivo-Sol_DON_6459.jpg?resize=768%2C486&amp;ssl=1 768w, https:\/\/i0.wp.com\/cdnoticias.com\/wp-content\/uploads\/2021\/12\/2021_12_20-AK-Opertivo-Sol_DON_6459.jpg?w=1600&amp;ssl=1 1600w, https:\/\/i0.wp.com\/cdnoticias.com\/wp-content\/uploads\/2021\/12\/2021_12_20-AK-Opertivo-Sol_DON_6459.jpg?w=2400&amp;ssl=1 2400w\" sizes=\"auto, (max-width: 800px) 100vw, 800px\" \/><\/p>\n<p>&nbsp;<\/p>\n<p>Adem\u00e1s, el Gobernador destac\u00f3 que <strong>\u201clos 17 mil efectivos de la Polic\u00eda, los agentes de seguridad vial y los efectores de la salud trabajar\u00e1n de forma integrada para que podamos llevar adelante el mejor verano de la historia de la Provincia\u201d<\/strong>. \u201cDespu\u00e9s de cuatro a\u00f1os de pol\u00edticas que redujeron los salarios y dos a\u00f1os de pandemia, con esta temporada empieza el final de la crisis e inician seis a\u00f1os de recuperaci\u00f3n y transformaci\u00f3n\u201d, a\u00f1adi\u00f3.<\/p>\n<p>&nbsp;<\/p>\n<p><strong>El Operativo Sol contar\u00e1 con el despliegue de 17.200 efectivos policiales, 374 camionetas, m\u00e1s de 130 autom\u00f3viles, m\u00e1s de 500 motos y cuatriciclo<\/strong>s, a los que se suman helic\u00f3pteros y torres de monitoreo para prevenir y conjurar el delito en \u00e1reas costeras, urbanas y corredores que atraviesan las zonas tur\u00edsticas. En el marco del dispositivo, se reforzar\u00e1 la seguridad en horarios nocturnos, se realizar\u00e1n controles de alcoholemia y se brindar\u00e1 asistencia a los turistas.<\/p>\n<p>&nbsp;<\/p>\n<blockquote><p>Estuvieron presentes intendentes de la costa atl\u00e1ntica, integrantes del gabinete provincial y autoridades policiales<\/p><\/blockquote>\n<p>&nbsp;<\/p>\n<p>Por su parte, Berni resalt\u00f3: \u201cHoy es un d\u00eda de alegr\u00eda, en el que las y los bonaerenses podemos estar orgullosos porque nuestras costas han sido elegidas por millones de turistas\u201d. <strong>\u201cEstamos aqu\u00ed para garantizar su tranquilidad, en el marco de un gobierno que piensa, planifica y trabaja en la integralidad de los cuidados\u201d<\/strong>, dijo.<\/p>\n<p>&nbsp;<\/p>\n<p><strong>Asimismo, se emplazar\u00e1n 60 postas sanitarias en 22 distritos con 300 promotores de salud que reforzar\u00e1n las tareas de atenci\u00f3n primaria<\/strong>, prevenci\u00f3n ante consumos problem\u00e1ticos y cuidado de la salud mental. Se fortalecer\u00e1n los testeos y los an\u00e1lisis de seguimiento epidemiol\u00f3gico, en tanto que se instalar\u00e1n vacunatorios y cinco Unidades de Refuerzo Sanitario (URS) para situaciones de Covid-19 en General Pueyrredon, Villa Gesell, La Costa, Necochea y Monte Hermoso.<\/p>\n<p>&nbsp;<\/p>\n<p><img data-recalc-dims=\"1\" loading=\"lazy\" decoding=\"async\" class=\"alignnone size-large wp-image-41979\" src=\"https:\/\/i0.wp.com\/cdnoticias.com\/wp-content\/uploads\/2021\/12\/2021_12_20-AK-Opertivo-Sol_DON_5236.jpg?resize=800%2C533&#038;ssl=1\" alt=\"\" width=\"800\" height=\"533\" srcset=\"https:\/\/i0.wp.com\/cdnoticias.com\/wp-content\/uploads\/2021\/12\/2021_12_20-AK-Opertivo-Sol_DON_5236.jpg?resize=1024%2C682&amp;ssl=1 1024w, https:\/\/i0.wp.com\/cdnoticias.com\/wp-content\/uploads\/2021\/12\/2021_12_20-AK-Opertivo-Sol_DON_5236.jpg?resize=300%2C200&amp;ssl=1 300w, https:\/\/i0.wp.com\/cdnoticias.com\/wp-content\/uploads\/2021\/12\/2021_12_20-AK-Opertivo-Sol_DON_5236.jpg?resize=768%2C511&amp;ssl=1 768w, https:\/\/i0.wp.com\/cdnoticias.com\/wp-content\/uploads\/2021\/12\/2021_12_20-AK-Opertivo-Sol_DON_5236.jpg?resize=272%2C182&amp;ssl=1 272w, https:\/\/i0.wp.com\/cdnoticias.com\/wp-content\/uploads\/2021\/12\/2021_12_20-AK-Opertivo-Sol_DON_5236.jpg?w=1600&amp;ssl=1 1600w, https:\/\/i0.wp.com\/cdnoticias.com\/wp-content\/uploads\/2021\/12\/2021_12_20-AK-Opertivo-Sol_DON_5236.jpg?w=2400&amp;ssl=1 2400w\" sizes=\"auto, (max-width: 800px) 100vw, 800px\" \/><\/p>\n<p>&nbsp;<\/p>\n<p>\u201cVamos a realizar un trabajo centrado en la prevenci\u00f3n y la promoci\u00f3n de los cuidados en materia de salud mental, el uso de sustancias y nocturnidad\u201d, remarc\u00f3 Kreplak y se\u00f1al\u00f3: \u201cAl mismo tiempo, montaremos dispositivos de testeo y postas de vacunaci\u00f3n contra el Covid en los balnearios, haciendo hincapi\u00e9 en que necesitamos sostener los cuidados, el distanciamiento y el uso de barbijos\u201d.<strong> \u201cVamos a garantizar la vacuna para todos para que podamos tener el verano que estamos buscando: con mucha actividad y con mucho cuidado, prevenci\u00f3n y promoci\u00f3n de la salud\u201d, sostuvo.<\/strong><\/p>\n<p>&nbsp;<\/p>\n<p>Para garantizar la seguridad vial y la asistencia en todo el corredor atl\u00e1ntico, AUBASA realiz\u00f3 la demarcaci\u00f3n de toda la ruta 2 en ambos sentidos. Adem\u00e1s, adquiri\u00f3 camionetas, gr\u00faas y ambulancias para optimizar la atenci\u00f3n de la l\u00ednea 140 para emergencias, que opera las 24 horas todos los d\u00edas del a\u00f1o. Asimismo,<strong> se instalar\u00e1n 18 operativos de seguridad vial de manera simult\u00e1nea en distintos puntos de la Provincia.<\/strong><\/p>\n<p>&nbsp;<\/p>\n<p><img data-recalc-dims=\"1\" loading=\"lazy\" decoding=\"async\" class=\"alignnone size-large wp-image-41980\" src=\"https:\/\/i0.wp.com\/cdnoticias.com\/wp-content\/uploads\/2021\/12\/JPF_1218.jpg?resize=800%2C450&#038;ssl=1\" alt=\"\" width=\"800\" height=\"450\" srcset=\"https:\/\/i0.wp.com\/cdnoticias.com\/wp-content\/uploads\/2021\/12\/JPF_1218.jpg?resize=1024%2C576&amp;ssl=1 1024w, https:\/\/i0.wp.com\/cdnoticias.com\/wp-content\/uploads\/2021\/12\/JPF_1218.jpg?resize=300%2C169&amp;ssl=1 300w, https:\/\/i0.wp.com\/cdnoticias.com\/wp-content\/uploads\/2021\/12\/JPF_1218.jpg?resize=768%2C432&amp;ssl=1 768w, https:\/\/i0.wp.com\/cdnoticias.com\/wp-content\/uploads\/2021\/12\/JPF_1218.jpg?w=1920&amp;ssl=1 1920w, https:\/\/i0.wp.com\/cdnoticias.com\/wp-content\/uploads\/2021\/12\/JPF_1218.jpg?w=1600&amp;ssl=1 1600w\" sizes=\"auto, (max-width: 800px) 100vw, 800px\" \/><\/p>\n<p>&nbsp;<\/p>\n<p><strong>\u201cNos preparamos para la temporada m\u00e1s importante de la historia de la Provincia de Buenos Aires<\/strong>, para la cual ya inauguramos m\u00e1s de 150 km de autov\u00eda, preparamos la ruta 2 y actualizamos todos los patrulleros de seguridad vial\u201d, indic\u00f3 Lissalde, al tiempo que asegur\u00f3 que \u201cestamos preparados para recibir a millones de turistas de manera segura, con toda la infraestructura sanitaria y vial que necesitan para poder disfrutar de la temporada\u201d.<\/p>\n<p>&nbsp;<\/p>\n<p>Por \u00faltimo, Kicillof subray\u00f3 que \u201cla Provincia hizo una inversi\u00f3n muy grande para que millones de personas puedan disfrutar de nuestros atractivos tur\u00edsticos y, al mismo tiempo, se empiece a recuperar la prosperidad y el ingreso que se perdieron mediante la creaci\u00f3n de puestos de trabajo\u201d. <strong>\u201cLos esperamos a todos y todas con los brazos abiertos para empezar a escribir la historia de la recuperaci\u00f3n y la transformaci\u00f3n de la provincia de Buenos Aires\u201d<\/strong>, concluy\u00f3.<\/p>\n","protected":false},"excerpt":{"rendered":"<p>As\u00ed lo enfatiz\u00f3 Axel Kicillof en el lanzamiento del operativo de seguridad y salud en los destinos tur\u00edsticos bonaerenses.<\/p>\n","protected":false},"author":3,"featured_media":41977,"comment_status":"closed","ping_status":"closed","sticky":false,"template":"","format":"standard","meta":{"_jetpack_memberships_contains_paid_content":false,"footnotes":""},"categories":[6],"tags":[],"class_list":["post-41976","post","type-post","status-publish","format-standard","has-post-thumbnail","hentry","category-nacionales"],"jetpack_featured_media_url":"https:\/\/i0.wp.com\/cdnoticias.com\/wp-content\/uploads\/2021\/12\/2021_12_20-AK-Opertivo-Sol_DON_6237.jpg?fit=3000%2C1997&ssl=1","jetpack_sharing_enabled":true,"_links":{"self":[{"href":"https:\/\/cdnoticias.com\/index.php\/wp-json\/wp\/v2\/posts\/41976","targetHints":{"allow":["GET"]}}],"collection":[{"href":"https:\/\/cdnoticias.com\/index.php\/wp-json\/wp\/v2\/posts"}],"about":[{"href":"https:\/\/cdnoticias.com\/index.php\/wp-json\/wp\/v2\/types\/post"}],"author":[{"embeddable":true,"href":"https:\/\/cdnoticias.com\/index.php\/wp-json\/wp\/v2\/users\/3"}],"replies":[{"embeddable":true,"href":"https:\/\/cdnoticias.com\/index.php\/wp-json\/wp\/v2\/comments?post=41976"}],"version-history":[{"count":0,"href":"https:\/\/cdnoticias.com\/index.php\/wp-json\/wp\/v2\/posts\/41976\/revisions"}],"wp:featuredmedia":[{"embeddable":true,"href":"https:\/\/cdnoticias.com\/index.php\/wp-json\/wp\/v2\/media\/41977"}],"wp:attachment":[{"href":"https:\/\/cdnoticias.com\/index.php\/wp-json\/wp\/v2\/media?parent=41976"}],"wp:term":[{"taxonomy":"category","embeddable":true,"href":"https:\/\/cdnoticias.com\/index.php\/wp-json\/wp\/v2\/categories?post=41976"},{"taxonomy":"post_tag","embeddable":true,"href":"https:\/\/cdnoticias.com\/index.php\/wp-json\/wp\/v2\/tags?post=41976"}],"curies":[{"name":"wp","href":"https:\/\/api.w.org\/{rel}","templated":true}]}}