{"id":4197,"date":"2020-10-17T17:59:58","date_gmt":"2020-10-17T20:59:58","guid":{"rendered":"http:\/\/www.centraldenoticias.com.ar\/?p=4197"},"modified":"2020-10-18T09:11:32","modified_gmt":"2020-10-18T12:11:32","slug":"se-registraron-120-nuevos-casos-de-coronavirus-en-olavarria","status":"publish","type":"post","link":"https:\/\/cdnoticias.com\/index.php\/2020\/10\/17\/se-registraron-120-nuevos-casos-de-coronavirus-en-olavarria\/","title":{"rendered":"Se registraron 120 nuevos casos de coronavirus en Olavarr\u00eda"},"content":{"rendered":"<p>&nbsp;<\/p>\n<p>De ese total, 57 corresponden al Programa de Detecci\u00f3n Masiva que se realiz\u00f3 durante este s\u00e1bado en la Casa del Bicentenario. Hay 10 pacientes en Terapia Intensiva y 14 internados en Cuidados Generales.<!--more--><\/p>\n<p>La Secretar\u00eda de salud del Gobierno Municipal inform\u00f3 que <strong>este s\u00e1bado se registraron 120 nuevos casos de Covid-19 en el Partido de Olavarr\u00eda.<\/strong> Asimismo, hubo 62 pacientes que recibieron el alta m\u00e9dica y se descartaron 93 casos sospechosos.<\/p>\n<p>&nbsp;<\/p>\n<p>De los datos aportados se desprende que <strong>el total de pacientes activos es de 523.<\/strong> En el d\u00eda de la fecha se realizaron 213 testeos y m\u00e1s de 6.400 desde el comienzo de la pandemia.<\/p>\n<p>&nbsp;<\/p>\n<blockquote><p>De los 120 casos de hoy, 57 corresponden al Programa de Detecci\u00f3n Masiva que se realiz\u00f3 en la Casa del Bicentenario.<\/p><\/blockquote>\n<p>&nbsp;<\/p>\n<p>Los positivos de la jornada est\u00e1n relacionados a <strong>personal de seguridad, reuniones sociales, dependencias municipales, a nexos con positivos anteriores y se estudia el nexo epidemiol\u00f3gico del 30% de los casos de este s\u00e1bado.<\/strong><\/p>\n<p>&nbsp;<\/p>\n<p><img data-recalc-dims=\"1\" loading=\"lazy\" decoding=\"async\" class=\"alignnone size-full wp-image-4198\" src=\"https:\/\/i0.wp.com\/cdnoticias.com\/wp-content\/uploads\/2020\/10\/WhatsApp-Image-2020-10-17-at-17.50.29.jpeg?resize=800%2C799&#038;ssl=1\" alt=\"\" width=\"800\" height=\"799\" srcset=\"https:\/\/i0.wp.com\/cdnoticias.com\/wp-content\/uploads\/2020\/10\/WhatsApp-Image-2020-10-17-at-17.50.29.jpeg?w=1280&amp;ssl=1 1280w, https:\/\/i0.wp.com\/cdnoticias.com\/wp-content\/uploads\/2020\/10\/WhatsApp-Image-2020-10-17-at-17.50.29.jpeg?resize=150%2C150&amp;ssl=1 150w, https:\/\/i0.wp.com\/cdnoticias.com\/wp-content\/uploads\/2020\/10\/WhatsApp-Image-2020-10-17-at-17.50.29.jpeg?resize=300%2C300&amp;ssl=1 300w, https:\/\/i0.wp.com\/cdnoticias.com\/wp-content\/uploads\/2020\/10\/WhatsApp-Image-2020-10-17-at-17.50.29.jpeg?resize=768%2C767&amp;ssl=1 768w, https:\/\/i0.wp.com\/cdnoticias.com\/wp-content\/uploads\/2020\/10\/WhatsApp-Image-2020-10-17-at-17.50.29.jpeg?resize=1024%2C1024&amp;ssl=1 1024w\" sizes=\"auto, (max-width: 800px) 100vw, 800px\" \/><\/p>\n<p>&nbsp;<\/p>\n<p>Sobre el estado actual del Hospital, se indic\u00f3 que hay <strong>10 pacientes en Unidad de Terapia Intensiva y 14 en Cuidados Generales.<\/strong> Por otra parte, las autoridades sanitarias indicaron que no hay internados en el sector de Pediatr\u00eda, y no hubo casos positivos en residencias de Adultos Mayores.<\/p>\n<p>&nbsp;<\/p>\n<p>En este sentido, aseguraron que <strong>el 88% de los casos positivos corresponden a personas con menos de 60 a\u00f1os y el 12% a mayores de 60 a\u00f1os.<\/strong><\/p>\n<p>&nbsp;<\/p>\n<p>Por \u00faltimo, se\u00f1alaron que <strong>durante la jornada del domingo no se realizar\u00e1n test de hisopados y el lunes continuar\u00e1n con el programa de detecci\u00f3n.<\/strong><\/p>\n","protected":false},"excerpt":{"rendered":"<p>&nbsp; De ese total, 57 corresponden al Programa de Detecci\u00f3n Masiva que se realiz\u00f3 durante este s\u00e1bado en la Casa<\/p>\n","protected":false},"author":2,"featured_media":4178,"comment_status":"closed","ping_status":"closed","sticky":false,"template":"","format":"standard","meta":{"_jetpack_memberships_contains_paid_content":false,"footnotes":""},"categories":[5,1],"tags":[],"class_list":["post-4197","post","type-post","status-publish","format-standard","has-post-thumbnail","hentry","category-informacion-general","category-portada"],"jetpack_featured_media_url":"https:\/\/i0.wp.com\/cdnoticias.com\/wp-content\/uploads\/2020\/10\/Salud-Testeos-Intensivos-1.jpg?fit=1968%2C1312&ssl=1","jetpack_sharing_enabled":true,"_links":{"self":[{"href":"https:\/\/cdnoticias.com\/index.php\/wp-json\/wp\/v2\/posts\/4197","targetHints":{"allow":["GET"]}}],"collection":[{"href":"https:\/\/cdnoticias.com\/index.php\/wp-json\/wp\/v2\/posts"}],"about":[{"href":"https:\/\/cdnoticias.com\/index.php\/wp-json\/wp\/v2\/types\/post"}],"author":[{"embeddable":true,"href":"https:\/\/cdnoticias.com\/index.php\/wp-json\/wp\/v2\/users\/2"}],"replies":[{"embeddable":true,"href":"https:\/\/cdnoticias.com\/index.php\/wp-json\/wp\/v2\/comments?post=4197"}],"version-history":[{"count":0,"href":"https:\/\/cdnoticias.com\/index.php\/wp-json\/wp\/v2\/posts\/4197\/revisions"}],"wp:featuredmedia":[{"embeddable":true,"href":"https:\/\/cdnoticias.com\/index.php\/wp-json\/wp\/v2\/media\/4178"}],"wp:attachment":[{"href":"https:\/\/cdnoticias.com\/index.php\/wp-json\/wp\/v2\/media?parent=4197"}],"wp:term":[{"taxonomy":"category","embeddable":true,"href":"https:\/\/cdnoticias.com\/index.php\/wp-json\/wp\/v2\/categories?post=4197"},{"taxonomy":"post_tag","embeddable":true,"href":"https:\/\/cdnoticias.com\/index.php\/wp-json\/wp\/v2\/tags?post=4197"}],"curies":[{"name":"wp","href":"https:\/\/api.w.org\/{rel}","templated":true}]}}