{"id":41909,"date":"2021-12-20T11:06:38","date_gmt":"2021-12-20T14:06:38","guid":{"rendered":"http:\/\/www.centraldenoticias.com.ar\/?p=41909"},"modified":"2021-12-20T11:06:38","modified_gmt":"2021-12-20T14:06:38","slug":"con-importante-convocatoria-se-realizo-la-fiesta-del-granito-rojo","status":"publish","type":"post","link":"https:\/\/cdnoticias.com\/index.php\/2021\/12\/20\/con-importante-convocatoria-se-realizo-la-fiesta-del-granito-rojo\/","title":{"rendered":"Con importante convocatoria, se realiz\u00f3 la Fiesta del Granito Rojo"},"content":{"rendered":"<p>Se desarroll\u00f3 en el Parque \u201cLa Hormiga\u201d de Sierra Chica. Hubo un acto protocolar y una jornada art\u00edstica.\u00a0<!--more--><\/p>\n<hr \/>\n<p>Este domingo,<strong> en el Parque \u201cLa Hormiga\u201d de Sierra Chica, se llev\u00f3 a cabo la decimotercera edici\u00f3n de la Fiesta del Granito Rojo, una fiesta que congrega a toda la comunidad para celebrar la historia y la identidad del pueblo de tradici\u00f3n picapedrera.<\/strong><\/p>\n<p>&nbsp;<\/p>\n<p>Participaron del acto protocolar el subsecretario de Cultura y Educaci\u00f3n Bruno Cenizo, la presidenta del HCD Cecilia Krivochen, el delegado de Sierra Chica Emanuel Capurro, el director de Delegaciones C\u00e9sar Bournot, el concejal Nicol\u00e1s Marinangeli y dem\u00e1s autoridades presentes.<\/p>\n<p>&nbsp;<\/p>\n<p>En la oportunidad, <strong>se hizo entrega de la Resoluci\u00f3n de Declaraci\u00f3n de Inter\u00e9s Legislativo del HCD<\/strong>, que pone en valor esta fiesta popular, que tiene un profundo significado para la comunidad sierrachiquense.<\/p>\n<p>&nbsp;<\/p>\n<p>Posteriormente se hizo entrega de los certificados a: Jard\u00edn de Infantes N\u00b0 906, Escuela Primaria N\u00b0 2, Escuela Primaria N\u00b0 13, CEC N\u00b0 803, Escuela Secundaria N\u00b0 17, CEF N\u00b0 100, Centro de Jubilados, Pensionados y Retirados de Sierra Chica, Club Atl\u00e9tico Sierra Chica, Club Atlanta, Junta Vecinal Sierra Chica y Escuela de Danzas Folkl\u00f3ricas Herencia Serrana.<\/p>\n<p>&nbsp;<\/p>\n<blockquote><p>Tras ello, se iniciaron las presentaciones art\u00edsticas con zumba, a cargo de la instructora Marilina Ramos, con alumnos de Callejeada Hinojo y Museo Municipal \u201cEmma Occhi\u201d Sierra Chica.<\/p><\/blockquote>\n<p>&nbsp;<\/p>\n<p>Luego, fue el turno del grupo de cumbia \u201cLa Recumbia\u201d y de Nancy Luz de Luna con Mart\u00edn Dol\u00f3n, que le pusieron todo el ritmo a la noche del domingo, con el escenario ideal del Parque \u201cLa Hormiga\u201d.<\/p>\n<p>&nbsp;<\/p>\n<p>El programa continu\u00f3 con la presentaci\u00f3n del grupo de danzas folkl\u00f3ricas \u201cTusunay\u201d, la banda de cumbia \u201cLa se\u00f1al\u201d, Gustavo Corvi y un gran cierre con Lima Lim\u00f3n.<\/p>\n<p>&nbsp;<\/p>\n<p><strong>La Fiesta del Granito Rojo surgi\u00f3 por iniciativa de un grupo de personas que vio la necesidad de que la localidad contar\u00e1 con una fiesta popular, que fuera convocante y significativa para los vecinos.<\/strong> La idea de congregar en torno al granito se relaciona con la historia del pueblo. Sierra Chica nace gracias a la presencia de un yacimiento muy importante de granito rojo y en alguna cantera tambi\u00e9n se hallaba granito negro.<\/p>\n<p>&nbsp;<\/p>\n","protected":false},"excerpt":{"rendered":"<p>Se desarroll\u00f3 en el Parque \u201cLa Hormiga\u201d de Sierra Chica. Hubo un acto protocolar y una jornada art\u00edstica.\u00a0<\/p>\n","protected":false},"author":2,"featured_media":41910,"comment_status":"closed","ping_status":"closed","sticky":false,"template":"","format":"standard","meta":{"_jetpack_memberships_contains_paid_content":false,"footnotes":""},"categories":[9,1],"tags":[],"class_list":["post-41909","post","type-post","status-publish","format-standard","has-post-thumbnail","hentry","category-cultura","category-portada"],"jetpack_featured_media_url":"https:\/\/i0.wp.com\/cdnoticias.com\/wp-content\/uploads\/2021\/12\/Cultura-Fiesta-Granito-Rojo-1.jpeg?fit=1600%2C1201&ssl=1","jetpack_sharing_enabled":true,"_links":{"self":[{"href":"https:\/\/cdnoticias.com\/index.php\/wp-json\/wp\/v2\/posts\/41909","targetHints":{"allow":["GET"]}}],"collection":[{"href":"https:\/\/cdnoticias.com\/index.php\/wp-json\/wp\/v2\/posts"}],"about":[{"href":"https:\/\/cdnoticias.com\/index.php\/wp-json\/wp\/v2\/types\/post"}],"author":[{"embeddable":true,"href":"https:\/\/cdnoticias.com\/index.php\/wp-json\/wp\/v2\/users\/2"}],"replies":[{"embeddable":true,"href":"https:\/\/cdnoticias.com\/index.php\/wp-json\/wp\/v2\/comments?post=41909"}],"version-history":[{"count":0,"href":"https:\/\/cdnoticias.com\/index.php\/wp-json\/wp\/v2\/posts\/41909\/revisions"}],"wp:featuredmedia":[{"embeddable":true,"href":"https:\/\/cdnoticias.com\/index.php\/wp-json\/wp\/v2\/media\/41910"}],"wp:attachment":[{"href":"https:\/\/cdnoticias.com\/index.php\/wp-json\/wp\/v2\/media?parent=41909"}],"wp:term":[{"taxonomy":"category","embeddable":true,"href":"https:\/\/cdnoticias.com\/index.php\/wp-json\/wp\/v2\/categories?post=41909"},{"taxonomy":"post_tag","embeddable":true,"href":"https:\/\/cdnoticias.com\/index.php\/wp-json\/wp\/v2\/tags?post=41909"}],"curies":[{"name":"wp","href":"https:\/\/api.w.org\/{rel}","templated":true}]}}