{"id":41902,"date":"2021-12-20T09:35:52","date_gmt":"2021-12-20T12:35:52","guid":{"rendered":"http:\/\/www.centraldenoticias.com.ar\/?p=41902"},"modified":"2021-12-20T09:38:15","modified_gmt":"2021-12-20T12:38:15","slug":"nueva-directora-de-casa-de-tierra-y-regularizacion-dominial-maria-jose-gonzalez","status":"publish","type":"post","link":"https:\/\/cdnoticias.com\/index.php\/2021\/12\/20\/nueva-directora-de-casa-de-tierra-y-regularizacion-dominial-maria-jose-gonzalez\/","title":{"rendered":"Nueva directora de Casa de Tierra y Regularizaci\u00f3n Dominial: Mar\u00eda Jos\u00e9 Gonz\u00e1lez"},"content":{"rendered":"<p>Lo confirm\u00f3 el intendente Ezequiel Galli este lunes. &#8220;Tengo mucha confianza en Mar\u00eda Jos\u00e9\u201d destac\u00f3.<!--more--><\/p>\n<hr \/>\n<p>En la ma\u00f1ana de este lunes el intendente municipal Ezequiel Galli inform\u00f3 que <strong>Mar\u00eda Jos\u00e9 Gonz\u00e1lez quedar\u00e1 a cargo de la Direcci\u00f3n de Casa de Tierras y Regularizaci\u00f3n Dominial.<\/strong><\/p>\n<p>&nbsp;<\/p>\n<blockquote><p>Al respecto, Ezequiel Galli dijo: &#8220;estamos sumando a quien seguro ser\u00e1 una destacada funcionaria en un \u00e1rea relevante para la gesti\u00f3n&#8221;.<\/p><\/blockquote>\n<p>&nbsp;<\/p>\n<p>&#8220;Por su perfil, Mar\u00eda Jos\u00e9 le dar\u00e1 su propia impronta a la Direcci\u00f3n y <strong>va a continuar y mejorar el trabajo que inici\u00f3 Bruno Cenizo y continuaron Mart\u00edn Endere y Carolina Espinosa<\/strong>&#8220;, agreg\u00f3.<\/p>\n<p>&nbsp;<\/p>\n<p>Finalmente, el propio Galli expres\u00f3: &#8220;<strong>tengo mucha confianza en Mar\u00eda Jos\u00e9<\/strong> y en estos a\u00f1os ha demostrado una enorme lealtad con el espacio que representamos desde 2015&#8243;.<\/p>\n<p>&nbsp;<\/p>\n<p><strong>Gonz\u00e1lez fue reelecta concejal el pasado 14 de noviembre<\/strong>, <a href=\"https:\/\/cdnoticias.com\/index.php\/2021\/12\/13\/cecilia-krivochen-fue-elegida-como-presidenta-del-concejo-deliberante\/\" target=\"_blank\" rel=\"noopener\">asumi\u00f3 la banca la semana pasada<\/a> pero de forma inmediata pidi\u00f3 licencia para asumir en el Ejecutivo.<\/p>\n","protected":false},"excerpt":{"rendered":"<p>Lo confirm\u00f3 el intendente Ezequiel Galli este lunes. &#8220;Tengo mucha confianza en Mar\u00eda Jos\u00e9\u201d destac\u00f3.<\/p>\n","protected":false},"author":4,"featured_media":41903,"comment_status":"closed","ping_status":"closed","sticky":false,"template":"","format":"standard","meta":{"_jetpack_memberships_contains_paid_content":false,"footnotes":""},"categories":[4,1],"tags":[],"class_list":["post-41902","post","type-post","status-publish","format-standard","has-post-thumbnail","hentry","category-politica","category-portada"],"jetpack_featured_media_url":"https:\/\/i0.wp.com\/cdnoticias.com\/wp-content\/uploads\/2021\/12\/maria-jose-gonzalez.jpg?fit=800%2C445&ssl=1","jetpack_sharing_enabled":true,"_links":{"self":[{"href":"https:\/\/cdnoticias.com\/index.php\/wp-json\/wp\/v2\/posts\/41902","targetHints":{"allow":["GET"]}}],"collection":[{"href":"https:\/\/cdnoticias.com\/index.php\/wp-json\/wp\/v2\/posts"}],"about":[{"href":"https:\/\/cdnoticias.com\/index.php\/wp-json\/wp\/v2\/types\/post"}],"author":[{"embeddable":true,"href":"https:\/\/cdnoticias.com\/index.php\/wp-json\/wp\/v2\/users\/4"}],"replies":[{"embeddable":true,"href":"https:\/\/cdnoticias.com\/index.php\/wp-json\/wp\/v2\/comments?post=41902"}],"version-history":[{"count":0,"href":"https:\/\/cdnoticias.com\/index.php\/wp-json\/wp\/v2\/posts\/41902\/revisions"}],"wp:featuredmedia":[{"embeddable":true,"href":"https:\/\/cdnoticias.com\/index.php\/wp-json\/wp\/v2\/media\/41903"}],"wp:attachment":[{"href":"https:\/\/cdnoticias.com\/index.php\/wp-json\/wp\/v2\/media?parent=41902"}],"wp:term":[{"taxonomy":"category","embeddable":true,"href":"https:\/\/cdnoticias.com\/index.php\/wp-json\/wp\/v2\/categories?post=41902"},{"taxonomy":"post_tag","embeddable":true,"href":"https:\/\/cdnoticias.com\/index.php\/wp-json\/wp\/v2\/tags?post=41902"}],"curies":[{"name":"wp","href":"https:\/\/api.w.org\/{rel}","templated":true}]}}