{"id":41858,"date":"2021-12-19T14:48:14","date_gmt":"2021-12-19T17:48:14","guid":{"rendered":"http:\/\/www.centraldenoticias.com.ar\/?p=41858"},"modified":"2021-12-20T09:16:57","modified_gmt":"2021-12-20T12:16:57","slug":"de-formas-practicas-de-negociacion-y-conduccion-politica","status":"publish","type":"post","link":"https:\/\/cdnoticias.com\/index.php\/2021\/12\/19\/de-formas-practicas-de-negociacion-y-conduccion-politica\/","title":{"rendered":"De formas: pr\u00e1cticas de negociaci\u00f3n y conducci\u00f3n pol\u00edtica"},"content":{"rendered":"<p>&#8220;Que llamen y digan qu\u00e9 quieren&#8221;.\u00a0\u201cEl interior de la provincia de Buenos Aires va a ser central: vamos a ir distrito por distrito&#8221;. Se aprob\u00f3 el Presupuesto 2022 para Olavarr\u00eda. La sesi\u00f3n del HCD que ya se organiza para el 27 de diciembre.\u00a0<!--more--><\/p>\n<hr \/>\n<p>Extracto del newsletter Volver a las Fuentes,\u00a0<a href=\"https:\/\/mailchi.mp\/517b506e77e8\/presupuesto-aprobado-galli-un-privilegiado?e=e4ffb04d40\" target=\"_blank\" rel=\"noopener\">donde\u00a0se\u00a0puede acceder y suscribir ac\u00e1<\/a>.\u00a0<strong>Por Alexis Grierson y Josefina Bargas.<\/strong><\/p>\n<p>&nbsp;<\/p>\n<p><u><strong>Formas de negociar y acordar<\/strong><\/u><\/p>\n<p>&nbsp;<\/p>\n<p><strong>Aplica para la elecci\u00f3n de autoridades, aplica para el Presupuesto<\/strong>. Como todo lo que funciona con grieta, hay dos formas de negociar con el espacio de enfrente: <strong>o te llaman o los llamas<\/strong>.<\/p>\n<p>&nbsp;<\/p>\n<p>Estar\u00e1 bien o mal, <strong>el gallismo aplic\u00f3 un sistema en el cual buscan ser convocados a negociar por el solo hecho de ser ganadores de elecciones y gestionadores del Estado<\/strong>. <em>\u201cQue nos llamen y nos digan qu\u00e9 quieren\u201d<\/em> se escuch\u00f3, luego de la elecci\u00f3n de autoridades, desde el Ejecutivo.<\/p>\n<p>&nbsp;<\/p>\n<p><img data-recalc-dims=\"1\" loading=\"lazy\" decoding=\"async\" class=\"size-full wp-image-41318 aligncenter\" src=\"https:\/\/i0.wp.com\/cdnoticias.com\/wp-content\/uploads\/2021\/12\/HCD.jpg?resize=800%2C445&#038;ssl=1\" alt=\"\" width=\"800\" height=\"445\" srcset=\"https:\/\/i0.wp.com\/cdnoticias.com\/wp-content\/uploads\/2021\/12\/HCD.jpg?w=800&amp;ssl=1 800w, https:\/\/i0.wp.com\/cdnoticias.com\/wp-content\/uploads\/2021\/12\/HCD.jpg?resize=300%2C167&amp;ssl=1 300w, https:\/\/i0.wp.com\/cdnoticias.com\/wp-content\/uploads\/2021\/12\/HCD.jpg?resize=768%2C427&amp;ssl=1 768w\" sizes=\"auto, (max-width: 800px) 100vw, 800px\" \/><\/p>\n<p>&nbsp;<\/p>\n<p><strong>La oposici\u00f3n local no tiene el mismo mecanismo<\/strong>: busca, tambi\u00e9n, ser convocada para que el oficialismo, luego de ganar, le realice un ofrecimiento. El intr\u00edngulis genera desconexi\u00f3n, y como resultado principal <a href=\"https:\/\/cdnoticias.com\/index.php\/2021\/12\/13\/cecilia-krivochen-fue-elegida-como-presidenta-del-concejo-deliberante\/\" target=\"_blank\" rel=\"noopener\">lo que se vio el lunes, con Juntos qued\u00e1ndose con todo<\/a>.<\/p>\n<p>&nbsp;<\/p>\n<p>Las versiones se cruzan: que intentaron negociar unos d\u00edas antes, que la oposici\u00f3n llam\u00f3 faltando tres horas, que nunca pidieron nada. Lo concreto es que<strong> el oficialismo gana, tiene los votos y como se evidenci\u00f3, manda<\/strong>: si bien aflojaron \u201capenas\u201d en el armado de comisiones, se quedaron con la presidencia, la vicepresidencia primera y segunda, algo bastante inusual.<\/p>\n<p>&nbsp;<\/p>\n<p><img data-recalc-dims=\"1\" loading=\"lazy\" decoding=\"async\" class=\"size-full wp-image-41363 aligncenter\" src=\"https:\/\/i0.wp.com\/cdnoticias.com\/wp-content\/uploads\/2021\/12\/HCD08.jpg?resize=800%2C445&#038;ssl=1\" alt=\"\" width=\"800\" height=\"445\" srcset=\"https:\/\/i0.wp.com\/cdnoticias.com\/wp-content\/uploads\/2021\/12\/HCD08.jpg?w=800&amp;ssl=1 800w, https:\/\/i0.wp.com\/cdnoticias.com\/wp-content\/uploads\/2021\/12\/HCD08.jpg?resize=300%2C167&amp;ssl=1 300w, https:\/\/i0.wp.com\/cdnoticias.com\/wp-content\/uploads\/2021\/12\/HCD08.jpg?resize=768%2C427&amp;ssl=1 768w\" sizes=\"auto, (max-width: 800px) 100vw, 800px\" \/><\/p>\n<p>&nbsp;<\/p>\n<p><strong>Mercedes Land\u00edvar estren\u00f3 la presidencia del interbloque haci\u00e9ndose escuchar<\/strong>. Primero con palabras mediadoras y ya luego con dureza dej\u00f3 en claro que <em>\u201cse la pasan hablando de di\u00e1logo y ahora hacen esto\u201d<\/em>. <strong>Celeste Arouxet<\/strong> hizo lo mismo: incluso, tras adelantar puertas para adentro que iba a acompa\u00f1ar al oficialismo en su propuesta, la inclusi\u00f3n de Arregui hizo cambiar su parecer y <strong>propuso a Guillermo Lascano para la secretar\u00eda<\/strong>. El oficialismo ten\u00eda los votos.<\/p>\n<p>&nbsp;<\/p>\n<p><em>\u00bfEs v\u00e1lido que el oficialismo tenga una postura de \u201cvengan a tocar la puerta\u201d para negociar? \u00bfO por su condici\u00f3n de oficialismo es quien debe encabezar una propuesta para arrimar posturas?<\/em> Ejemplos ya hubo varios, siempre con el mismo concejal:<strong> Mart\u00edn Lastape (UCR) quien \u201ctoc\u00f3 la puerta del bloque\u201d con sugerencias para hacer en varios proyectos. Todas fueron aceptadas<\/strong> pero\u2026 \u00bfes la manera? No hay respuestas correctas o incorrectas. Hay realidades. Y esto es lo que ofrece la actual gesti\u00f3n.<\/p>\n<p>&nbsp;<\/p>\n<p><img data-recalc-dims=\"1\" loading=\"lazy\" decoding=\"async\" class=\"size-full wp-image-41348 aligncenter\" src=\"https:\/\/i0.wp.com\/cdnoticias.com\/wp-content\/uploads\/2021\/12\/HCD07.jpg?resize=800%2C445&#038;ssl=1\" alt=\"\" width=\"800\" height=\"445\" srcset=\"https:\/\/i0.wp.com\/cdnoticias.com\/wp-content\/uploads\/2021\/12\/HCD07.jpg?w=800&amp;ssl=1 800w, https:\/\/i0.wp.com\/cdnoticias.com\/wp-content\/uploads\/2021\/12\/HCD07.jpg?resize=300%2C167&amp;ssl=1 300w, https:\/\/i0.wp.com\/cdnoticias.com\/wp-content\/uploads\/2021\/12\/HCD07.jpg?resize=768%2C427&amp;ssl=1 768w\" sizes=\"auto, (max-width: 800px) 100vw, 800px\" \/><\/p>\n<p>&nbsp;<\/p>\n<p><strong>Y Galli tiene Presupuesto para 2022<\/strong><\/p>\n<p>&nbsp;<\/p>\n<p>\u00bfSer\u00e1 la envidia de otros ejecutivos? La cosa es que <strong>hubo 11 manos levantadas en la sesi\u00f3n extraordinaria del viernes<\/strong> para <a href=\"https:\/\/cdnoticias.com\/index.php\/2021\/12\/17\/por-mayoria-se-aprobo-el-presupuesto-2022-duras-criticas-oposicion-respuesta-oficialismo\/\" target=\"_blank\" rel=\"noopener\">aprobar el Presupuesto 2022 de Olavarr\u00eda<\/a>: las del bloque Juntos y las del bloque UCR-Juntos.<\/p>\n<p>&nbsp;<\/p>\n<p>La sesi\u00f3n se dio como las \u00faltimas dos de este tipo: el oficialismo presenta la iniciativa, el Frente de Todos hace una exhaustiva presentaci\u00f3n con an\u00e1lisis por \u00e1rea, en este caso Celeste Arouxet dej\u00f3 las cr\u00edticas m\u00e1s duras y luego llega la postura del sector que negocia. <em>Las cuentas dan a favor del oficialismo y el presupuesto sale aprobado<\/em>.<\/p>\n<p>&nbsp;<\/p>\n<p><img data-recalc-dims=\"1\" loading=\"lazy\" decoding=\"async\" class=\"size-full wp-image-41646 aligncenter\" src=\"https:\/\/i0.wp.com\/cdnoticias.com\/wp-content\/uploads\/2021\/12\/HCD-00-Concejal-Juan-Mujica.jpg?resize=800%2C445&#038;ssl=1\" alt=\"\" width=\"800\" height=\"445\" srcset=\"https:\/\/i0.wp.com\/cdnoticias.com\/wp-content\/uploads\/2021\/12\/HCD-00-Concejal-Juan-Mujica.jpg?w=800&amp;ssl=1 800w, https:\/\/i0.wp.com\/cdnoticias.com\/wp-content\/uploads\/2021\/12\/HCD-00-Concejal-Juan-Mujica.jpg?resize=300%2C167&amp;ssl=1 300w, https:\/\/i0.wp.com\/cdnoticias.com\/wp-content\/uploads\/2021\/12\/HCD-00-Concejal-Juan-Mujica.jpg?resize=768%2C427&amp;ssl=1 768w\" sizes=\"auto, (max-width: 800px) 100vw, 800px\" \/><\/p>\n<p>&nbsp;<\/p>\n<p><strong>Juan Mujica<\/strong>, ahora vicepresidente primero del HCD y presidente de la comisi\u00f3n de Hacienda, fue el miembro informante. Present\u00f3 el presupuesto de 8.364 millones de pesos, de los cuales 43% ser\u00e1n ingresos tributarios y que prev\u00e9 gastos por unos 7.000 millones con lo que la estimaci\u00f3n es un cierre con ahorro corriente de m\u00e1s de 1.000 millones de pesos. <strong>&#8220;Es un presupuesto pos pandemia&#8221; defini\u00f3<\/strong>. Adelant\u00f3 las recaudaciones previstas para varias tasas y se refiri\u00f3 con algunos datos m\u00e1s detallados a los gastos de Deportes, Cultura y Salud, y enumer\u00f3 las obras p\u00fablicas previstas con \u00e9nfasis en salud, educaci\u00f3n y localidades.<\/p>\n<p>&nbsp;<\/p>\n<p><strong>El Frente de Todos inici\u00f3 su ronda de exposiciones con an\u00e1lisis en la que hablaron casi todos los concejales<\/strong>. Abri\u00f3 Ubaldo Garc\u00eda, con una mirada detallada de los ingresos y los egresos. <strong>\u201cEs un presupuesto de ajuste\u201d se quej\u00f3<\/strong>. El \u00faltimo en exponer fue Wesner, quien centr\u00f3 su discurso en la cr\u00edtica al destino del Impuesto a la Piedra, para adelantar el voto en contra.<\/p>\n<p>&nbsp;<\/p>\n<p><img data-recalc-dims=\"1\" loading=\"lazy\" decoding=\"async\" class=\"size-large wp-image-41698 aligncenter\" src=\"https:\/\/i0.wp.com\/cdnoticias.com\/wp-content\/uploads\/2021\/12\/HCD-celeste-arouxet.jpeg?resize=800%2C534&#038;ssl=1\" alt=\"\" width=\"800\" height=\"534\" srcset=\"https:\/\/i0.wp.com\/cdnoticias.com\/wp-content\/uploads\/2021\/12\/HCD-celeste-arouxet.jpeg?resize=1024%2C684&amp;ssl=1 1024w, https:\/\/i0.wp.com\/cdnoticias.com\/wp-content\/uploads\/2021\/12\/HCD-celeste-arouxet.jpeg?resize=300%2C200&amp;ssl=1 300w, https:\/\/i0.wp.com\/cdnoticias.com\/wp-content\/uploads\/2021\/12\/HCD-celeste-arouxet.jpeg?resize=768%2C513&amp;ssl=1 768w, https:\/\/i0.wp.com\/cdnoticias.com\/wp-content\/uploads\/2021\/12\/HCD-celeste-arouxet.jpeg?resize=272%2C182&amp;ssl=1 272w, https:\/\/i0.wp.com\/cdnoticias.com\/wp-content\/uploads\/2021\/12\/HCD-celeste-arouxet.jpeg?w=1280&amp;ssl=1 1280w\" sizes=\"auto, (max-width: 800px) 100vw, 800px\" \/><\/p>\n<p>&nbsp;<\/p>\n<p><strong>\u201cInvotable\u201d describi\u00f3 Celeste Arouxet al presupuesto<\/strong>. Su postura qued\u00f3 definida de entrada. Se refiri\u00f3 a la reuni\u00f3n con la secretaria Bezzoni en la comisi\u00f3n de Hacienda, cuestion\u00f3 los fondos destinados al TUVI en 2022 y la forma de financiaci\u00f3n &#8211;<em>\u201dquieren hacer del Municipio una financiera\u201d lanz\u00f3<\/em>&#8211; y habl\u00f3 del Fondo de Obras de Infraestructura para cuestionar el \u201cacuerdo pol\u00edtico\u201d entre el Municipio y Coopelectric sobre el que dijo \u201cse ve en la composici\u00f3n del bloque\u201d.<\/p>\n<p>&nbsp;<\/p>\n<p><strong>Bel\u00e9n Vergel de la UCR<\/strong> fue la \u00faltima en exponer y <strong>r\u00e1pidamente adelant\u00f3 el apoyo<\/strong>, aunque despu\u00e9s hizo una cr\u00edtica a la falta de aplicaci\u00f3n de una parte de la ordenanza que cre\u00f3 el presupuesto propio para las localidades desde este a\u00f1o. Con esto estaba garantizada la aprobaci\u00f3n.<\/p>\n<p>&nbsp;<\/p>\n<p><img data-recalc-dims=\"1\" loading=\"lazy\" decoding=\"async\" class=\"size-large wp-image-41697 aligncenter\" src=\"https:\/\/i0.wp.com\/cdnoticias.com\/wp-content\/uploads\/2021\/12\/HCD-bel%C3%A9n-vergel-1024x681.jpeg?resize=800%2C532&#038;ssl=1\" alt=\"\" width=\"800\" height=\"532\" srcset=\"https:\/\/i0.wp.com\/cdnoticias.com\/wp-content\/uploads\/2021\/12\/HCD-bel%C3%A9n-vergel.jpeg?resize=1024%2C681&amp;ssl=1 1024w, https:\/\/i0.wp.com\/cdnoticias.com\/wp-content\/uploads\/2021\/12\/HCD-bel%C3%A9n-vergel.jpeg?resize=300%2C199&amp;ssl=1 300w, https:\/\/i0.wp.com\/cdnoticias.com\/wp-content\/uploads\/2021\/12\/HCD-bel%C3%A9n-vergel.jpeg?resize=768%2C511&amp;ssl=1 768w, https:\/\/i0.wp.com\/cdnoticias.com\/wp-content\/uploads\/2021\/12\/HCD-bel%C3%A9n-vergel.jpeg?resize=272%2C182&amp;ssl=1 272w, https:\/\/i0.wp.com\/cdnoticias.com\/wp-content\/uploads\/2021\/12\/HCD-bel%C3%A9n-vergel.jpeg?w=1280&amp;ssl=1 1280w\" sizes=\"auto, (max-width: 800px) 100vw, 800px\" \/><\/p>\n<p>&nbsp;<\/p>\n<p><strong>Ahi fue cuando Mart\u00edn Endere sali\u00f3 en respuesta<\/strong>. Mezcl\u00f3 las argumentaciones del Frente de Todos con las de Ahora Olavarr\u00eda y se refiri\u00f3 a varios aspectos con especial hincapi\u00e9 en defender el programa de viviendas. Y para su final jug\u00f3 la carta de <em>\u201cEzequiel Galli gan\u00f3 las elecciones\u201d<\/em>, lo que pareciera inhabilitar cualquier cuestionamiento.<\/p>\n<p>&nbsp;<\/p>\n<p>Hubo m\u00e1s respuestas en rechazo a las expresiones del presidente del bloque oficialista. <strong>Juan S\u00e1nchez se qued\u00f3 con el cierre<\/strong> y le devolvi\u00f3 una chicana con la que aludi\u00f3 a que Bruno Cenizo encabez\u00f3 la lista de Juntos en noviembre y ahora pas\u00f3 al Ejecutivo, \u201c\u00bfeso no es enga\u00f1ar al electorado?\u201d dijo.<\/p>\n<p>&nbsp;<\/p>\n<p><img data-recalc-dims=\"1\" loading=\"lazy\" decoding=\"async\" class=\"size-full wp-image-41645 aligncenter\" src=\"https:\/\/i0.wp.com\/cdnoticias.com\/wp-content\/uploads\/2021\/12\/HCD-00-sesion-General.jpg?resize=800%2C445&#038;ssl=1\" alt=\"\" width=\"800\" height=\"445\" srcset=\"https:\/\/i0.wp.com\/cdnoticias.com\/wp-content\/uploads\/2021\/12\/HCD-00-sesion-General.jpg?w=800&amp;ssl=1 800w, https:\/\/i0.wp.com\/cdnoticias.com\/wp-content\/uploads\/2021\/12\/HCD-00-sesion-General.jpg?resize=300%2C167&amp;ssl=1 300w, https:\/\/i0.wp.com\/cdnoticias.com\/wp-content\/uploads\/2021\/12\/HCD-00-sesion-General.jpg?resize=768%2C427&amp;ssl=1 768w\" sizes=\"auto, (max-width: 800px) 100vw, 800px\" \/><\/p>\n<p>&nbsp;<\/p>\n<p><strong>Ya iban m\u00e1s de cuatro horas de debate del Presupuesto<\/strong> y casi seis horas de sesi\u00f3n en total. Krivochen llam\u00f3 a votaci\u00f3n, Arouxet pidi\u00f3 que fuera nominal, pero el resultado ya estaba escrito. Once votos a favor y presupuesto aprobado.<\/p>\n<p>&nbsp;<\/p>\n<p><strong>\u00bfCerramos el a\u00f1o? Para nada<\/strong><\/p>\n<p>&nbsp;<\/p>\n<p>Ilusos los que cre\u00edmos que con el Presupuesto se bajaba la bandera del 2021. Todav\u00eda tiene una funci\u00f3n m\u00e1s para dar: <strong>el proyecto de venta de una calle a la empresa Cementos Avellaneda<\/strong>,<a href=\"https:\/\/cdnoticias.com\/index.php\/2021\/10\/25\/cambio-de-traza-para-beneficiar-la-mineria-y-el-turismo-en-sierras-bayas\/\" target=\"_blank\" rel=\"noopener\"> clave en la explotaci\u00f3n de recursos naturales de la empresa<\/a>\u2026 <em>\u00bfy con alguna (otra) sorpresa bajo la manga?<\/em><\/p>\n<p>&nbsp;<\/p>\n<p>Vayamos a lo que sabemos y es concreto: todos los indicios apuntan a que <strong>el 27 de diciembre ser\u00e1 la \u00faltima sesi\u00f3n del a\u00f1o<\/strong>, ya en extraordinarias.<\/p>\n<p>&nbsp;<\/p>\n<p>All\u00ed se tratar\u00e1 un pedido de la empresa Cementos Avellaneda -amparados por informes de la Facultad de Ingenier\u00eda- donde se solicita al Concejo Deliberante autorizar una venta por un mill\u00f3n y medio de d\u00f3lares al Municipio para comprar una calle. <strong>Son dos proyectos de ordenanzas<\/strong>: uno desafecta el tramo de unos 3.000 metros del uso p\u00fablico y el otro es la venta en s\u00ed. Suena simple pero es tal cual. Hay mil detalles t\u00e9cnicos pero es eso.<\/p>\n<p>&nbsp;<\/p>\n<p><img data-recalc-dims=\"1\" loading=\"lazy\" decoding=\"async\" class=\"size-large wp-image-40240 aligncenter\" src=\"https:\/\/i0.wp.com\/cdnoticias.com\/wp-content\/uploads\/2021\/12\/HCD-comision-calle-cementos-avellaneda-02.jpg?resize=800%2C445&#038;ssl=1\" alt=\"\" width=\"800\" height=\"445\" srcset=\"https:\/\/i0.wp.com\/cdnoticias.com\/wp-content\/uploads\/2021\/12\/HCD-comision-calle-cementos-avellaneda-02.jpg?resize=1024%2C569&amp;ssl=1 1024w, https:\/\/i0.wp.com\/cdnoticias.com\/wp-content\/uploads\/2021\/12\/HCD-comision-calle-cementos-avellaneda-02.jpg?resize=300%2C167&amp;ssl=1 300w, https:\/\/i0.wp.com\/cdnoticias.com\/wp-content\/uploads\/2021\/12\/HCD-comision-calle-cementos-avellaneda-02.jpg?resize=768%2C427&amp;ssl=1 768w, https:\/\/i0.wp.com\/cdnoticias.com\/wp-content\/uploads\/2021\/12\/HCD-comision-calle-cementos-avellaneda-02.jpg?resize=800%2C445&amp;ssl=1 800w, https:\/\/i0.wp.com\/cdnoticias.com\/wp-content\/uploads\/2021\/12\/HCD-comision-calle-cementos-avellaneda-02.jpg?w=1200&amp;ssl=1 1200w\" sizes=\"auto, (max-width: 800px) 100vw, 800px\" \/><\/p>\n<p>&nbsp;<\/p>\n<p>Para seguir este tema hay que mirar de cerca dos claves: la primera tiene que ver con <strong>qu\u00e9 puede aparecer detr\u00e1s de este pedido<\/strong>. <a href=\"https:\/\/cdnoticias.com\/index.php\/2021\/12\/05\/una-inauguracion-historica-y-el-corazon-de-cemento\/\" target=\"_blank\" rel=\"noopener\">Algo entrevimos en la edici\u00f3n anterior<\/a>: <em>\u00bfhabr\u00e1 otras empresas que en el af\u00e1n de explotar piedra buscar\u00e1n comprar calles?<\/em> El rumor est\u00e1&#8230; existe\u2026 e incluso se le ha escapado a alg\u00fan que otro t\u00e9cnico.<\/p>\n<p>&nbsp;<\/p>\n<p>Lo segundo que habr\u00e1 de seguir de cerca es <strong>si el precio por la calle es el adecuado<\/strong>. En la edici\u00f3n pasada se\u00f1alamos que<a href=\"https:\/\/cdnoticias.com\/index.php\/2021\/12\/01\/hcd-tres-comisiones-analizaron-la-cesion-de-una-calle-a-cementos-avellaneda\/\" target=\"_blank\" rel=\"noopener\"> la tasaci\u00f3n de la calle est\u00e1 un poco \u201cdesfasado\u201d del precio<\/a> que deber\u00eda solicitarse por estos tiempos (mucho contador en el Concejo).<\/p>\n<p>&nbsp;<\/p>\n<p>\u00bfSer\u00e1 un factor para torcer alguna decisi\u00f3n? No pareciera, dado que<strong> esta semana el Frente de Todos pidi\u00f3 crear <a href=\"https:\/\/cdnoticias.com\/index.php\/2021\/12\/14\/venta-de-un-camino-a-cementos-avellaneda-proponen-una-comision-para-analizar-los-fondos\/\" target=\"_blank\" rel=\"noopener\">una comisi\u00f3n especial para seguir de cerca los fondos<\/a> que llegar\u00e1n de la venta<\/strong>. Es decir\u2026 si se dan una serie de condiciones muy peque\u00f1as (incluso con seguir el RAFAM el control estar\u00e1 realizado) levantar\u00e1n la mano.<\/p>\n<p>&nbsp;<\/p>\n<p><strong>El PJ y el interior bonaerense<\/strong><\/p>\n<p>&nbsp;<\/p>\n<p>Ayer <strong>asumi\u00f3 M\u00e1ximo Kirchner al frente del PJ de la Provincia de Buenos Aires<\/strong>. Fue <a href=\"https:\/\/cdnoticias.com\/index.php\/2021\/12\/18\/guillermo-santellan-y-liliana-schwindt-asumiran-como-consejeros-del-pj-provincial\/\" target=\"_blank\" rel=\"noopener\">un acto en el Museo del Peronismo de San Vicente<\/a>, bien sencillo con un homenaje a Per\u00f3n, arenga de inicio, discursos y cierre con la marcha. Una hora en la que alcanz\u00f3 para dejar muchos mensajes.<\/p>\n<p>&nbsp;<\/p>\n<p>Hablaron, en el siguiente orden, <em>el presidente saliente del PJ, Gustavo Men\u00e9ndez, la vicegobernadora Ver\u00f3nica Magario, el nuevo presidente M\u00e1ximo Kirchner y el presidente de la Naci\u00f3n, Alberto Fern\u00e1ndez (presidente del PJ nacional).<\/em><\/p>\n<p>&nbsp;<\/p>\n<p><img data-recalc-dims=\"1\" loading=\"lazy\" decoding=\"async\" class=\"size-full wp-image-41861 aligncenter\" src=\"https:\/\/i0.wp.com\/cdnoticias.com\/wp-content\/uploads\/2021\/12\/PJ-alberto-maximo-629x420.jpeg?resize=629%2C420&#038;ssl=1\" alt=\"\" width=\"629\" height=\"420\" srcset=\"https:\/\/i0.wp.com\/cdnoticias.com\/wp-content\/uploads\/2021\/12\/PJ-alberto-maximo-629x420.jpeg?resize=629%2C420&amp;ssl=1 629w, https:\/\/i0.wp.com\/cdnoticias.com\/wp-content\/uploads\/2021\/12\/PJ-alberto-maximo-629x420.jpeg?resize=300%2C200&amp;ssl=1 300w, https:\/\/i0.wp.com\/cdnoticias.com\/wp-content\/uploads\/2021\/12\/PJ-alberto-maximo-629x420.jpeg?resize=272%2C182&amp;ssl=1 272w\" sizes=\"auto, (max-width: 629px) 100vw, 629px\" \/><\/p>\n<p>&nbsp;<\/p>\n<p><strong>M\u00e1ximo viene de ser protagonista de una semana muy caliente<\/strong>: la oposici\u00f3n lo acus\u00f3 de \u201cincendiar\u201d la votaci\u00f3n del Presupuesto 2022 de la Naci\u00f3n ya que despu\u00e9s de su discurso en Diputados anunciaron el rechazo que hizo caer la iniciativa. Los discursos de ayer fueron todos para apoyar al jefe de bloque oficialista y quejarse de la oposici\u00f3n.<\/p>\n<p>&nbsp;<\/p>\n<p>Pero vamos al punto m\u00e1s importante para nuestra zona. M\u00e1ximo Kirchner dej\u00f3 un adelanto de lo que quiere plantear en su gesti\u00f3n del Partido Justicialista provincial: <strong>\u201cel peronismo de la provincia de Buenos Aires es central para el Frente de Todos y hay que abrirlo\u201d<\/strong> subray\u00f3.<\/p>\n<p>&nbsp;<\/p>\n<p><strong>\u201cEl interior de la provincia de Buenos Aires va a ser central: vamos a ir distrito por distrito<\/strong>. No s\u00f3lo a hablar con los compa\u00f1eros y compa\u00f1eras del justicialismo, sino tambi\u00e9n con las c\u00e1maras del comercio y toda la gente que tiene sus inversiones y desarrollos en el coraz\u00f3n productivo de la patria\u201d dijo.<\/p>\n<p>&nbsp;<\/p>\n<p>Esta renovaci\u00f3n partidaria incluye no s\u00f3lo al presidente, sino a 72 integrantes del consejo del PJ. Para el martes a las 18 en la sede de CABA est\u00e1 convocada la primera reuni\u00f3n de este organismo en la que se decidir\u00e1 la ocupaci\u00f3n de cargos. <strong>Dos de los consejeros son de Olavarr\u00eda y estuvieron ayer en San Vicente: Liliana Schwindt por la rama femenina y Guillermo Santell\u00e1n por la S\u00e9ptima secci\u00f3n<\/strong>.<\/p>\n<p>&nbsp;<\/p>\n<p><img data-recalc-dims=\"1\" loading=\"lazy\" decoding=\"async\" class=\"size-large wp-image-21663 aligncenter\" src=\"https:\/\/i0.wp.com\/cdnoticias.com\/wp-content\/uploads\/2021\/05\/GAS-liliana-maximo-aguilera.jpg?resize=800%2C532&#038;ssl=1\" alt=\"\" width=\"800\" height=\"532\" srcset=\"https:\/\/i0.wp.com\/cdnoticias.com\/wp-content\/uploads\/2021\/05\/GAS-liliana-maximo-aguilera.jpg?resize=1024%2C681&amp;ssl=1 1024w, https:\/\/i0.wp.com\/cdnoticias.com\/wp-content\/uploads\/2021\/05\/GAS-liliana-maximo-aguilera.jpg?resize=300%2C200&amp;ssl=1 300w, https:\/\/i0.wp.com\/cdnoticias.com\/wp-content\/uploads\/2021\/05\/GAS-liliana-maximo-aguilera.jpg?resize=768%2C511&amp;ssl=1 768w, https:\/\/i0.wp.com\/cdnoticias.com\/wp-content\/uploads\/2021\/05\/GAS-liliana-maximo-aguilera.jpg?resize=272%2C182&amp;ssl=1 272w, https:\/\/i0.wp.com\/cdnoticias.com\/wp-content\/uploads\/2021\/05\/GAS-liliana-maximo-aguilera.jpg?w=2048&amp;ssl=1 2048w, https:\/\/i0.wp.com\/cdnoticias.com\/wp-content\/uploads\/2021\/05\/GAS-liliana-maximo-aguilera.jpg?w=1600&amp;ssl=1 1600w\" sizes=\"auto, (max-width: 800px) 100vw, 800px\" \/><\/p>\n<p>&nbsp;<\/p>\n<p>Liliana Schwindt destac\u00f3 la propuesta del nuevo presidente. <strong>\u201cEs hora de que los partidos se hagan m\u00e1s fuertes, que tengan una relaci\u00f3n no solo hacia adentro sino tambi\u00e9n hacia afuera\u201d<\/strong>. Se present\u00f3 ella misma como ejemplo del objetivo de apertura de la nueva conducci\u00f3n: \u201cno soy de La C\u00e1mpora y sin embargo me dieron un lugar preponderante en la conducci\u00f3n provincial\u201d.<\/p>\n<p>&nbsp;<\/p>\n<p>Guillermo Santell\u00e1n dej\u00f3 una visi\u00f3n del acto: \u201cmostr\u00f3 el apoyo y la importancia del peronismo de la provincia de Buenos Aires en el movimiento nacional y sobre todo en el Frente de Todos. <strong>El PJ de la provincia de Buenos Aires tiene m\u00e1s de un mill\u00f3n de afiliados, es el m\u00e1s grande de Argentina\u201d<\/strong>.<\/p>\n<p>&nbsp;<\/p>\n<p>Sobre el mensaje para el interior provincial dijo que \u201ces un tema que venimos trabajando durante mucho tiempo, <strong>la importancia que tiene justamente el interior de la Provincia para el peronismo, al ser el cuarto distrito electoral del pa\u00eds\u201d<\/strong>. Consider\u00f3 con ello que \u201ctenemos que hacer un trabajo espec\u00edfico y me pareci\u00f3 muy interesante que (M\u00e1ximo Kirchner) lo marcara como un punto estrat\u00e9gico. En ese sentido, estoy muy contento y muy esperanzado\u201d.<\/p>\n<p>&nbsp;<\/p>\n<blockquote class=\"twitter-tweet\">\n<p dir=\"ltr\" lang=\"es\">En la Quinta 17 de octubre de San Vicente junto a los compa\u00f1eros de AOMA, en la presentaci\u00f3n de las autoridades del PJ bonaerense y acompa\u00f1ando al nuevo presidente de la provincia M\u00e1ximo Kirchner. <a href=\"https:\/\/t.co\/Ryr1JO5cDK\">pic.twitter.com\/Ryr1JO5cDK<\/a><\/p>\n<p>\u2014 Federico Aguilera (@FedericoAguile5) <a href=\"https:\/\/twitter.com\/FedericoAguile5\/status\/1472250178186801156?ref_src=twsrc%5Etfw\">December 18, 2021<\/a><\/p><\/blockquote>\n<p><script async src=\"https:\/\/platform.twitter.com\/widgets.js\" charset=\"utf-8\"><\/script><\/p>\n<p>&nbsp;<\/p>\n<p>En las fotos del acto tambi\u00e9n se vio a<strong> Federico Aguilera, presidente del PJ de Olavarr\u00eda<\/strong>, <em>al diputado provincial C\u00e9sar Valicenti, y a los sindicalistas de AOMA, Alejandro Santill\u00e1n y Bruno D\u00b4Amico.<\/em><\/p>\n<p>&nbsp;<\/p>\n<p><strong>\u201cEstuvieron casi todos los presidentes del partidos de los distritos o ciudades bonaerenses\u201d<\/strong> dijo Aguilera para leer el apoyo a la nueva conducci\u00f3n partidaria. De alguna manera, el olavarriense es una especie de precursor de la trayectoria partidaria de Kirchner aunque en la escala local: primero fue referente de La C\u00e1mpora y de ahi salt\u00f3 a la conducci\u00f3n del PJ.<\/p>\n<p>&nbsp;<\/p>\n<p>\u201cEl mensaje fue claro. De unidad y respaldo a M\u00e1ximo como figura unificadora del espacio. Lo que queda por delante es el desaf\u00edo de <strong>poner al PJ como articulador de las demandas que tiene la sociedad, y articular las demandas de los sectores pol\u00edticos<\/strong> para seguir planteando un modelo de desarrollo productivo con inclusi\u00f3n que busca este Gobierno en las figuras de Alberto Fern\u00e1ndez y Cristina Fern\u00e1ndez y a nivel provincial con Axel Kicillof\u201d dijo Aguilera.<\/p>\n<p>&nbsp;<\/p>\n<p>&nbsp;<\/p>\n<p>La publicaci\u00f3n de <em>Volver a las Fuentes<\/em> es gratuita, sale todos los domingos a la ma\u00f1ana.\u00a0<a href=\"https:\/\/mailchi.mp\/517b506e77e8\/presupuesto-aprobado-galli-un-privilegiado?e=e4ffb04d40\" target=\"_blank\" rel=\"noopener\">La\u00a0edici\u00f3n completa ac\u00e1<\/a>\u00a0y la\u00a0<a href=\"https:\/\/gmail.us17.list-manage.com\/subscribe?u=cba2a41506a8e26d100c3f0f8&amp;id=63ce583cd9\" target=\"_blank\" rel=\"noopener\">suscripci\u00f3n est\u00e1 abierta aqu\u00ed mediante una direcci\u00f3n de correo electr\u00f3nico<\/a>.<\/p>\n","protected":false},"excerpt":{"rendered":"<p>&#8220;Que llamen y digan qu\u00e9 quieren&#8221;.\u00a0\u201cEl interior de la provincia de Buenos Aires va a ser central: vamos a ir<\/p>\n","protected":false},"author":4,"featured_media":41644,"comment_status":"closed","ping_status":"closed","sticky":false,"template":"","format":"standard","meta":{"_jetpack_memberships_contains_paid_content":false,"footnotes":""},"categories":[4,1],"tags":[],"class_list":["post-41858","post","type-post","status-publish","format-standard","has-post-thumbnail","hentry","category-politica","category-portada"],"jetpack_featured_media_url":"https:\/\/i0.wp.com\/cdnoticias.com\/wp-content\/uploads\/2021\/12\/HCD-00-krivochen-Estrado.jpg?fit=800%2C446&ssl=1","jetpack_sharing_enabled":true,"_links":{"self":[{"href":"https:\/\/cdnoticias.com\/index.php\/wp-json\/wp\/v2\/posts\/41858","targetHints":{"allow":["GET"]}}],"collection":[{"href":"https:\/\/cdnoticias.com\/index.php\/wp-json\/wp\/v2\/posts"}],"about":[{"href":"https:\/\/cdnoticias.com\/index.php\/wp-json\/wp\/v2\/types\/post"}],"author":[{"embeddable":true,"href":"https:\/\/cdnoticias.com\/index.php\/wp-json\/wp\/v2\/users\/4"}],"replies":[{"embeddable":true,"href":"https:\/\/cdnoticias.com\/index.php\/wp-json\/wp\/v2\/comments?post=41858"}],"version-history":[{"count":0,"href":"https:\/\/cdnoticias.com\/index.php\/wp-json\/wp\/v2\/posts\/41858\/revisions"}],"wp:featuredmedia":[{"embeddable":true,"href":"https:\/\/cdnoticias.com\/index.php\/wp-json\/wp\/v2\/media\/41644"}],"wp:attachment":[{"href":"https:\/\/cdnoticias.com\/index.php\/wp-json\/wp\/v2\/media?parent=41858"}],"wp:term":[{"taxonomy":"category","embeddable":true,"href":"https:\/\/cdnoticias.com\/index.php\/wp-json\/wp\/v2\/categories?post=41858"},{"taxonomy":"post_tag","embeddable":true,"href":"https:\/\/cdnoticias.com\/index.php\/wp-json\/wp\/v2\/tags?post=41858"}],"curies":[{"name":"wp","href":"https:\/\/api.w.org\/{rel}","templated":true}]}}