{"id":41850,"date":"2021-12-19T13:05:56","date_gmt":"2021-12-19T16:05:56","guid":{"rendered":"http:\/\/www.centraldenoticias.com.ar\/?p=41850"},"modified":"2021-12-19T13:05:56","modified_gmt":"2021-12-19T16:05:56","slug":"cepeac-egresaron-los-primeros-profesores-de-teatro-y-tecnicos-audiovisuales","status":"publish","type":"post","link":"https:\/\/cdnoticias.com\/index.php\/2021\/12\/19\/cepeac-egresaron-los-primeros-profesores-de-teatro-y-tecnicos-audiovisuales\/","title":{"rendered":"Cepeac: egresaron los primeros profesores de teatro y t\u00e9cnicos audiovisuales"},"content":{"rendered":"<p>El acto fue el viernes en la sede de Col\u00f3n y Jun\u00edn donde celebraron 18 nuevos profesionales.<!--more--><\/p>\n<hr \/>\n<p>Este viernes fue <strong>hist\u00f3rico para el Centro de Producci\u00f3n Art\u00edstica y Cultural (Cepeac) N\u00b01 Olavarr\u00eda: egresaron los primeros Profesores de Teatro y T\u00e9cnicos en Arte y Medios Audiovisuale<\/strong>s.<\/p>\n<p>&nbsp;<\/p>\n<p>El acto de colaci\u00f3n se llev\u00f3 a cabo por la tarde <strong>en la sede de Col\u00f3n y Jun\u00edn<\/strong> donde estuvieron autoridades de Jefatura Distrital, Inspecci\u00f3n, Equipo de Gesti\u00f3n, profesoras y profesores.<\/p>\n<p>&nbsp;<\/p>\n<p><img data-recalc-dims=\"1\" loading=\"lazy\" decoding=\"async\" class=\"size-full wp-image-41851 aligncenter\" src=\"https:\/\/i0.wp.com\/cdnoticias.com\/wp-content\/uploads\/2021\/12\/egresados-cepeac-2.jpg?resize=640%2C480&#038;ssl=1\" alt=\"\" width=\"640\" height=\"480\" srcset=\"https:\/\/i0.wp.com\/cdnoticias.com\/wp-content\/uploads\/2021\/12\/egresados-cepeac-2.jpg?w=640&amp;ssl=1 640w, https:\/\/i0.wp.com\/cdnoticias.com\/wp-content\/uploads\/2021\/12\/egresados-cepeac-2.jpg?resize=300%2C225&amp;ssl=1 300w\" sizes=\"auto, (max-width: 640px) 100vw, 640px\" \/><\/p>\n<p>&nbsp;<\/p>\n<blockquote><p>Recibieron el diploma Carolina Aquarone, Luc\u00eda Berrino, Solange Borda, Pierina Petrelli, Mat\u00edas Urzanqui, Juan Sebastian Abalo, Juan Arevalo, Roc\u00edo Castro, Tamara Cervino, Roc\u00edo Ferreyra, Jimena Laborde, Noelia Ligori, Ayel\u00e9n Macias, Josefina Paroli, Natalia Parserisas, Trinidad Vailati, Flavia Salto y Ra\u00fal Z\u00e1rate.<\/p><\/blockquote>\n<p>&nbsp;<\/p>\n<p>Fotos: <em>Gentileza de Trinidad Vailati<\/em><\/p>\n","protected":false},"excerpt":{"rendered":"<p>El acto fue el viernes en la sede de Col\u00f3n y Jun\u00edn donde celebraron 18 nuevos profesionales.<\/p>\n","protected":false},"author":4,"featured_media":41852,"comment_status":"closed","ping_status":"closed","sticky":false,"template":"","format":"standard","meta":{"_jetpack_memberships_contains_paid_content":false,"footnotes":""},"categories":[5,1],"tags":[],"class_list":["post-41850","post","type-post","status-publish","format-standard","has-post-thumbnail","hentry","category-informacion-general","category-portada"],"jetpack_featured_media_url":"https:\/\/i0.wp.com\/cdnoticias.com\/wp-content\/uploads\/2021\/12\/egresados-cepeac-3.jpg?fit=640%2C479&ssl=1","jetpack_sharing_enabled":true,"_links":{"self":[{"href":"https:\/\/cdnoticias.com\/index.php\/wp-json\/wp\/v2\/posts\/41850","targetHints":{"allow":["GET"]}}],"collection":[{"href":"https:\/\/cdnoticias.com\/index.php\/wp-json\/wp\/v2\/posts"}],"about":[{"href":"https:\/\/cdnoticias.com\/index.php\/wp-json\/wp\/v2\/types\/post"}],"author":[{"embeddable":true,"href":"https:\/\/cdnoticias.com\/index.php\/wp-json\/wp\/v2\/users\/4"}],"replies":[{"embeddable":true,"href":"https:\/\/cdnoticias.com\/index.php\/wp-json\/wp\/v2\/comments?post=41850"}],"version-history":[{"count":0,"href":"https:\/\/cdnoticias.com\/index.php\/wp-json\/wp\/v2\/posts\/41850\/revisions"}],"wp:featuredmedia":[{"embeddable":true,"href":"https:\/\/cdnoticias.com\/index.php\/wp-json\/wp\/v2\/media\/41852"}],"wp:attachment":[{"href":"https:\/\/cdnoticias.com\/index.php\/wp-json\/wp\/v2\/media?parent=41850"}],"wp:term":[{"taxonomy":"category","embeddable":true,"href":"https:\/\/cdnoticias.com\/index.php\/wp-json\/wp\/v2\/categories?post=41850"},{"taxonomy":"post_tag","embeddable":true,"href":"https:\/\/cdnoticias.com\/index.php\/wp-json\/wp\/v2\/tags?post=41850"}],"curies":[{"name":"wp","href":"https:\/\/api.w.org\/{rel}","templated":true}]}}