{"id":41847,"date":"2021-12-19T11:45:50","date_gmt":"2021-12-19T14:45:50","guid":{"rendered":"http:\/\/www.centraldenoticias.com.ar\/?p=41847"},"modified":"2021-12-19T11:45:50","modified_gmt":"2021-12-19T14:45:50","slug":"en-tandil-suben-los-casos-de-covid-y-fallecio-una-paciente","status":"publish","type":"post","link":"https:\/\/cdnoticias.com\/index.php\/2021\/12\/19\/en-tandil-suben-los-casos-de-covid-y-fallecio-una-paciente\/","title":{"rendered":"En Tandil, suben los casos de Covid y falleci\u00f3 una paciente"},"content":{"rendered":"<p>Se cuentan 85 casos activos y hay seis personas internadas. El Hospital Santamarina reabri\u00f3 una sala exclusiva para pacientes con coronavirus.<!--more--><\/p>\n<hr \/>\n<p><strong>La situaci\u00f3n sanitaria por la pandemia muestra escenarios de recrudecimiento<\/strong> de los contagios en toda la provincia y la regi\u00f3n centro no escapa al panorama. <strong>El parte epidemiol\u00f3gico emitido en la noche del s\u00e1bado en Tandil ratific\u00f3 el incremento de los diagn\u00f3sticos de Covid-19<\/strong>.<\/p>\n<p>&nbsp;<\/p>\n<p>Se evidenci\u00f3 un pronunciado <strong>ascenso de la curva de contagios en el transcurso de la \u00faltima semana<\/strong>. Con 16 resultados positivos, una paciente fallecida y un recuperado en las \u00faltimas 24 horas, <strong>los casos activos ya suman 85 y casi se triplicaron en siete d\u00edas<\/strong>.<\/p>\n<p>&nbsp;<\/p>\n<p>De acuerdo con los datos oficiales, en los \u00faltimos 14 dias<strong> los casos activos pasaron de 19 a 85<\/strong> en la vecina localidad. <a href=\"https:\/\/cdnoticias.com\/index.php\/2021\/12\/18\/olavarria-quedo-al-borde-de-los-100-casos-activos-de-covid19\/\" target=\"_blank\" rel=\"noopener\">La tendencia es similar en Olavarr\u00eda<\/a>.<\/p>\n<p>&nbsp;<\/p>\n<p>El Comit\u00e9 de Seguimiento del Covid-19 inform\u00f3 tambi\u00e9n <strong>la muerte de una mujer de 70 a\u00f1os, quien se hallaba internada<\/strong> en un centro de salud tandilense. As\u00ed se elev\u00f3 a <strong>417 el n\u00famero de las v\u00edctimas mortales<\/strong> de la pandemia en el distrito serrano.<\/p>\n<p>&nbsp;<\/p>\n<p>A su vez, <strong>los infectados que permanecen internados son 6<\/strong>, de los cuales 5 se encuentran en sala general y 1 est\u00e1 alojado en una unidad de terapia intensiva o intermedia.<\/p>\n<p>&nbsp;<\/p>\n<p>En paralelo, hay <strong>79 personas contagiadas en aislamiento obligatorio en sus domicilios<\/strong>, medida que busca contener la proliferaci\u00f3n de enfermos a partir de evitar la diseminaci\u00f3n del virus.<\/p>\n<p>&nbsp;<\/p>\n<p>Con la curva de casos en ascenso, <strong>el Hospital Municipal Ram\u00f3n Santamarina volvi\u00f3 a destinar una sala general exclusiva para pacientes con Covid-19<\/strong>. El espacio cuenta con capacidad para 9 enfermos y por el momento no est\u00e1 completo.<\/p>\n<p>&nbsp;<\/p>\n<p>En el momento m\u00e1s agudo de la pandemia, el Santamarina hab\u00eda dispuesto cuatro salas generales para alojar a pacientes con coronavirus, con un total de 45 camas de internaci\u00f3n. Adem\u00e1s, contaba con 16 camas de terapia intensiva, en el servicio regular y el \u00e1rea de cuidados respiratorios.<\/p>\n<p>&nbsp;<\/p>\n<p>Fuente: <em>El Eco<\/em><\/p>\n","protected":false},"excerpt":{"rendered":"<p>Se cuentan 85 casos activos y hay seis personas internadas. El Hospital Santamarina reabri\u00f3 una sala exclusiva para pacientes con<\/p>\n","protected":false},"author":4,"featured_media":41848,"comment_status":"closed","ping_status":"closed","sticky":false,"template":"","format":"standard","meta":{"_jetpack_memberships_contains_paid_content":false,"footnotes":""},"categories":[6,1],"tags":[],"class_list":["post-41847","post","type-post","status-publish","format-standard","has-post-thumbnail","hentry","category-nacionales","category-portada"],"jetpack_featured_media_url":"https:\/\/i0.wp.com\/cdnoticias.com\/wp-content\/uploads\/2021\/12\/EL-ECO-Tandil-hospital-santamarina.jpg?fit=2598%2C1772&ssl=1","jetpack_sharing_enabled":true,"_links":{"self":[{"href":"https:\/\/cdnoticias.com\/index.php\/wp-json\/wp\/v2\/posts\/41847","targetHints":{"allow":["GET"]}}],"collection":[{"href":"https:\/\/cdnoticias.com\/index.php\/wp-json\/wp\/v2\/posts"}],"about":[{"href":"https:\/\/cdnoticias.com\/index.php\/wp-json\/wp\/v2\/types\/post"}],"author":[{"embeddable":true,"href":"https:\/\/cdnoticias.com\/index.php\/wp-json\/wp\/v2\/users\/4"}],"replies":[{"embeddable":true,"href":"https:\/\/cdnoticias.com\/index.php\/wp-json\/wp\/v2\/comments?post=41847"}],"version-history":[{"count":0,"href":"https:\/\/cdnoticias.com\/index.php\/wp-json\/wp\/v2\/posts\/41847\/revisions"}],"wp:featuredmedia":[{"embeddable":true,"href":"https:\/\/cdnoticias.com\/index.php\/wp-json\/wp\/v2\/media\/41848"}],"wp:attachment":[{"href":"https:\/\/cdnoticias.com\/index.php\/wp-json\/wp\/v2\/media?parent=41847"}],"wp:term":[{"taxonomy":"category","embeddable":true,"href":"https:\/\/cdnoticias.com\/index.php\/wp-json\/wp\/v2\/categories?post=41847"},{"taxonomy":"post_tag","embeddable":true,"href":"https:\/\/cdnoticias.com\/index.php\/wp-json\/wp\/v2\/tags?post=41847"}],"curies":[{"name":"wp","href":"https:\/\/api.w.org\/{rel}","templated":true}]}}