{"id":41827,"date":"2021-12-18T20:15:26","date_gmt":"2021-12-18T23:15:26","guid":{"rendered":"http:\/\/www.centraldenoticias.com.ar\/?p=41827"},"modified":"2021-12-19T03:35:09","modified_gmt":"2021-12-19T06:35:09","slug":"ciclo-cumplido-daniel-borra-dejara-la-subsecretaria-de-seguridad-municipal","status":"publish","type":"post","link":"https:\/\/cdnoticias.com\/index.php\/2021\/12\/18\/ciclo-cumplido-daniel-borra-dejara-la-subsecretaria-de-seguridad-municipal\/","title":{"rendered":"&#8220;Ciclo cumplido&#8221;: Daniel Borra dejar\u00e1 la subsecretar\u00eda de Seguridad Municipal"},"content":{"rendered":"<p>Su gesti\u00f3n, que se inici\u00f3 con el arribo de Ezequiel Galli al Palacio San Mart\u00edn, culminar\u00e1 el pr\u00f3ximo 1 de enero.<!--more--><\/p>\n<hr \/>\n<p><strong>\u201cCiclo cumplido\u201d<\/strong>. De esa manera Daniel Borra, el subsecretario de Seguridad Municipal, confirm\u00f3 a <em><strong>Central de Noticias<\/strong><\/em> la versi\u00f3n acerca de su salida de la gesti\u00f3n municipal.<\/p>\n<p>&nbsp;<\/p>\n<p><strong style=\"font-size: 16px;\">\u201cSon 6 a\u00f1os de trabajo, he cumplido un ciclo\u201d<\/strong><span style=\"font-size: 16px;\">, agreg\u00f3 a medida que daba cuenta que su gesti\u00f3n se inici\u00f3 a la par de la de Ezequiel Galli como intendente municipal. Expres\u00f3 que se trat\u00f3 de algo ya hablado y acordado, y que <\/span><strong style=\"font-size: 16px;\">ocupar\u00e1 su cargo hasta el 1\u00b0 de enero del a\u00f1o pr\u00f3ximo<\/strong><span style=\"font-size: 16px;\">.<\/span><\/p>\n<p>&nbsp;<\/p>\n<figure id=\"attachment_1435\" aria-describedby=\"caption-attachment-1435\" style=\"width: 800px\" class=\"wp-caption alignnone\"><img data-recalc-dims=\"1\" loading=\"lazy\" decoding=\"async\" class=\"wp-image-1435 size-large\" src=\"https:\/\/i0.wp.com\/cdnoticias.com\/wp-content\/uploads\/2020\/09\/WhatsApp-Image-2020-09-12-at-17.58.49.jpeg?resize=800%2C533&#038;ssl=1\" alt=\"\" width=\"800\" height=\"533\" srcset=\"https:\/\/i0.wp.com\/cdnoticias.com\/wp-content\/uploads\/2020\/09\/WhatsApp-Image-2020-09-12-at-17.58.49.jpeg?resize=1024%2C682&amp;ssl=1 1024w, https:\/\/i0.wp.com\/cdnoticias.com\/wp-content\/uploads\/2020\/09\/WhatsApp-Image-2020-09-12-at-17.58.49.jpeg?resize=300%2C200&amp;ssl=1 300w, https:\/\/i0.wp.com\/cdnoticias.com\/wp-content\/uploads\/2020\/09\/WhatsApp-Image-2020-09-12-at-17.58.49.jpeg?resize=768%2C512&amp;ssl=1 768w, https:\/\/i0.wp.com\/cdnoticias.com\/wp-content\/uploads\/2020\/09\/WhatsApp-Image-2020-09-12-at-17.58.49.jpeg?resize=272%2C182&amp;ssl=1 272w, https:\/\/i0.wp.com\/cdnoticias.com\/wp-content\/uploads\/2020\/09\/WhatsApp-Image-2020-09-12-at-17.58.49.jpeg?w=1280&amp;ssl=1 1280w\" sizes=\"auto, (max-width: 800px) 100vw, 800px\" \/><figcaption id=\"caption-attachment-1435\" class=\"wp-caption-text\">Daniel Borra junto a Roberto Landoni, actual jefe de la Estaci\u00f3n de Polic\u00eda Departamental Olavarr\u00eda.<\/figcaption><\/figure>\n<p>&nbsp;<\/p>\n<p>Vale recordar que antes de llegar a la Subsecretar\u00eda de Seguridad, Daniel Borra fue integrante de la polic\u00eda Bonaerense durante varias d\u00e9cadas, las cuales en su mayor\u00eda se desempe\u00f1\u00f3 <strong>en nuestra ciudad, donde supo ocupar, entre otros cargos, el de Jefe Distrital<\/strong>. <strong>&#8220;Uno tiene que saber cuando termina y se cumple un ciclo, dar un paso al costado a alguien con m\u00e1s ganas y m\u00e1s fuerzas\u201d<\/strong>, a\u00f1adi\u00f3.<\/p>\n<p>&nbsp;<\/p>\n<p><strong>\u201cSon etapas que empiezan y culminan. Estoy agradecido al Intendente, agradecido a m\u00ed equipo de trabajo, agradecido a la Justicia, a la Polic\u00eda, a la Sociedad de Olavarr\u00eda, C\u00e1mara Empresaria, Sociedad Rural, Sociedades de Fomento y Juntas Vecinales, periodistas. A todos quienes estuvieron apoy\u00e1ndome y acompa\u00f1\u00e1ndome en la gesti\u00f3n. Di todo lo que pude, estoy muy conforme<\/strong>\u201d, concluy\u00f3.<\/p>\n","protected":false},"excerpt":{"rendered":"<p>Su gesti\u00f3n, que se inici\u00f3 con el arribo de Ezequiel Galli al Palacio San Mart\u00edn, culminar\u00e1 el pr\u00f3ximo 1 de<\/p>\n","protected":false},"author":3,"featured_media":1437,"comment_status":"closed","ping_status":"closed","sticky":false,"template":"","format":"standard","meta":{"_jetpack_memberships_contains_paid_content":false,"footnotes":""},"categories":[4,1],"tags":[],"class_list":["post-41827","post","type-post","status-publish","format-standard","has-post-thumbnail","hentry","category-politica","category-portada"],"jetpack_featured_media_url":"https:\/\/i0.wp.com\/cdnoticias.com\/wp-content\/uploads\/2020\/09\/Seguridad-Entrega-M%C3%B3viles-2.jpg?fit=3936%2C2624&ssl=1","jetpack_sharing_enabled":true,"_links":{"self":[{"href":"https:\/\/cdnoticias.com\/index.php\/wp-json\/wp\/v2\/posts\/41827","targetHints":{"allow":["GET"]}}],"collection":[{"href":"https:\/\/cdnoticias.com\/index.php\/wp-json\/wp\/v2\/posts"}],"about":[{"href":"https:\/\/cdnoticias.com\/index.php\/wp-json\/wp\/v2\/types\/post"}],"author":[{"embeddable":true,"href":"https:\/\/cdnoticias.com\/index.php\/wp-json\/wp\/v2\/users\/3"}],"replies":[{"embeddable":true,"href":"https:\/\/cdnoticias.com\/index.php\/wp-json\/wp\/v2\/comments?post=41827"}],"version-history":[{"count":0,"href":"https:\/\/cdnoticias.com\/index.php\/wp-json\/wp\/v2\/posts\/41827\/revisions"}],"wp:featuredmedia":[{"embeddable":true,"href":"https:\/\/cdnoticias.com\/index.php\/wp-json\/wp\/v2\/media\/1437"}],"wp:attachment":[{"href":"https:\/\/cdnoticias.com\/index.php\/wp-json\/wp\/v2\/media?parent=41827"}],"wp:term":[{"taxonomy":"category","embeddable":true,"href":"https:\/\/cdnoticias.com\/index.php\/wp-json\/wp\/v2\/categories?post=41827"},{"taxonomy":"post_tag","embeddable":true,"href":"https:\/\/cdnoticias.com\/index.php\/wp-json\/wp\/v2\/tags?post=41827"}],"curies":[{"name":"wp","href":"https:\/\/api.w.org\/{rel}","templated":true}]}}