{"id":41824,"date":"2021-12-18T19:39:24","date_gmt":"2021-12-18T22:39:24","guid":{"rendered":"http:\/\/www.centraldenoticias.com.ar\/?p=41824"},"modified":"2021-12-18T20:39:36","modified_gmt":"2021-12-18T23:39:36","slug":"bali-bucca-se-reunio-con-dirigentes-de-olavarria","status":"publish","type":"post","link":"https:\/\/cdnoticias.com\/index.php\/2021\/12\/18\/bali-bucca-se-reunio-con-dirigentes-de-olavarria\/","title":{"rendered":"Bali Bucca se reuni\u00f3 con dirigentes de Olavarr\u00eda"},"content":{"rendered":"<p>Fue el mi\u00e9rcoles en nuestra ciudad. Estuvieron integrantes de Hacer Olavarr\u00eda y de otras agrupaciones que componen el Frente de Todos.<!--more--><\/p>\n<hr \/>\n<p>El ya senador provincial Eduardo \u201cBali\u201d Bucca estuvo el mi\u00e9rcoles en Olavarr\u00eda donde, por la noche, particip\u00f3 de<strong> un encuentro con unos 30 participantes de distintas agrupaciones.<\/strong><\/p>\n<p>&nbsp;<\/p>\n<blockquote class=\"twitter-tweet\" data-width=\"550\" data-dnt=\"true\">\n<p lang=\"es\" dir=\"ltr\">Quienes integramos Hacer Olavarr\u00eda y compa\u00f1eras\/os de distintas agrupaciones nos volvimos a reunir con <a href=\"https:\/\/twitter.com\/BuccaBali?ref_src=twsrc%5Etfw\">@BuccaBali<\/a>, con la convicci\u00f3n de consolidar la ampliaci\u00f3n del Frente de Todos.<br \/>Estamos convencidos que este es el camino, construyendo entre TOD\u2600\ufe0fS. <a href=\"https:\/\/t.co\/DPTDwBMfwT\">https:\/\/t.co\/DPTDwBMfwT<\/a> <a href=\"https:\/\/t.co\/fj66uS2P7V\">pic.twitter.com\/fj66uS2P7V<\/a><\/p>\n<p>&mdash; Einar Iguerategui (@e_iguerategui) <a href=\"https:\/\/twitter.com\/e_iguerategui\/status\/1471287417990615040?ref_src=twsrc%5Etfw\">December 16, 2021<\/a><\/p><\/blockquote>\n<p><script async src=\"https:\/\/platform.twitter.com\/widgets.js\" charset=\"utf-8\"><\/script><\/p>\n<p>&nbsp;<\/p>\n<p>Entre ellas estuvieron los integrantes de<strong> Hacer Olavarr\u00eda, Einar Iguerategui, Mar\u00eda Irene Blanco y Gerardo Ripoll. Asimismo, estuvo el ex concejal Germ\u00e1n Aramburu.<\/strong><\/p>\n<p>&nbsp;<\/p>\n<p>Iguerategui destac\u00f3 que la reuni\u00f3n se desarroll\u00f3 <strong>\u201ccon la convicci\u00f3n de consolidar la ampliaci\u00f3n del Frente de Todos\u201d<\/strong>.<\/p>\n","protected":false},"excerpt":{"rendered":"<p>Fue el mi\u00e9rcoles en nuestra ciudad. Estuvieron integrantes de Hacer Olavarr\u00eda y de otras agrupaciones que componen el Frente de<\/p>\n","protected":false},"author":3,"featured_media":41825,"comment_status":"closed","ping_status":"closed","sticky":false,"template":"","format":"standard","meta":{"_jetpack_memberships_contains_paid_content":false,"footnotes":""},"categories":[4,1],"tags":[],"class_list":["post-41824","post","type-post","status-publish","format-standard","has-post-thumbnail","hentry","category-politica","category-portada"],"jetpack_featured_media_url":"https:\/\/i0.wp.com\/cdnoticias.com\/wp-content\/uploads\/2021\/12\/FGsQFzKWQAIhgiT.jpg?fit=1211%2C518&ssl=1","jetpack_sharing_enabled":true,"_links":{"self":[{"href":"https:\/\/cdnoticias.com\/index.php\/wp-json\/wp\/v2\/posts\/41824","targetHints":{"allow":["GET"]}}],"collection":[{"href":"https:\/\/cdnoticias.com\/index.php\/wp-json\/wp\/v2\/posts"}],"about":[{"href":"https:\/\/cdnoticias.com\/index.php\/wp-json\/wp\/v2\/types\/post"}],"author":[{"embeddable":true,"href":"https:\/\/cdnoticias.com\/index.php\/wp-json\/wp\/v2\/users\/3"}],"replies":[{"embeddable":true,"href":"https:\/\/cdnoticias.com\/index.php\/wp-json\/wp\/v2\/comments?post=41824"}],"version-history":[{"count":0,"href":"https:\/\/cdnoticias.com\/index.php\/wp-json\/wp\/v2\/posts\/41824\/revisions"}],"wp:featuredmedia":[{"embeddable":true,"href":"https:\/\/cdnoticias.com\/index.php\/wp-json\/wp\/v2\/media\/41825"}],"wp:attachment":[{"href":"https:\/\/cdnoticias.com\/index.php\/wp-json\/wp\/v2\/media?parent=41824"}],"wp:term":[{"taxonomy":"category","embeddable":true,"href":"https:\/\/cdnoticias.com\/index.php\/wp-json\/wp\/v2\/categories?post=41824"},{"taxonomy":"post_tag","embeddable":true,"href":"https:\/\/cdnoticias.com\/index.php\/wp-json\/wp\/v2\/tags?post=41824"}],"curies":[{"name":"wp","href":"https:\/\/api.w.org\/{rel}","templated":true}]}}