{"id":41821,"date":"2021-12-18T21:15:53","date_gmt":"2021-12-19T00:15:53","guid":{"rendered":"http:\/\/www.centraldenoticias.com.ar\/?p=41821"},"modified":"2021-12-18T21:15:53","modified_gmt":"2021-12-19T00:15:53","slug":"este-domingo-se-llevara-a-cabo-una-nueva-edicion-de-la-fiesta-del-granito-rojo","status":"publish","type":"post","link":"https:\/\/cdnoticias.com\/index.php\/2021\/12\/18\/este-domingo-se-llevara-a-cabo-una-nueva-edicion-de-la-fiesta-del-granito-rojo\/","title":{"rendered":"Este domingo se llevar\u00e1 a cabo una nueva edici\u00f3n de la Fiesta del Granito Rojo"},"content":{"rendered":"<p>El tradicional evento tendr\u00e1 se realizar\u00e1 en el Parque La Hormiga y tendr\u00e1 un m\u00faltiples propuestas art\u00edsticas y culturales.<!--more--><\/p>\n<hr \/>\n<p>Este domingo vuelve una nueva edici\u00f3n de la <strong>tradicional Fiesta del Granito Rojo, en el Parque \u201cLa Hormiga\u201d de Sierra Chica<\/strong>, con un variado programa que incluye distintas presentaciones art\u00edsticas. Se trata de la decimotercera, que contar\u00e1 con la participaci\u00f3n de artistas locales y de la zona, que se subir\u00e1n al escenario de la fiesta popular m\u00e1s convocante de la localidad.<\/p>\n<p>&nbsp;<\/p>\n<p><strong>La fiesta se iniciar\u00e1 a las 19<\/strong> y el cronograma prev\u00e9 que a las 19:30 horas se realice el acto protocolar. En tanto que a partir de las 20 horas comenzar\u00e1n las presentaciones, con zumba, a cargo de Marilina Ramos con alumnos de Callejeada Hinojo y Museo de Sierra Chica.<\/p>\n<p>&nbsp;<\/p>\n<blockquote><p>En cada edici\u00f3n, la Fiesta del Granito Rojo se convierte en un espacio de encuentro familiar, intergeneracional, social y cultural, que contribuye a difundir y perpetuar la identidad de un pueblo, constituida por distintas generaciones de familias de picapedreros, que son parte de la historia de Sierra Chica, que se forj\u00f3 en torno al oficio y dan cimento a este tradicional festejo.<\/p><\/blockquote>\n<p>&nbsp;<\/p>\n<p>Media hora m\u00e1s tarde, ser\u00e1 el turno del grupo de rock \u201cEl corte ruso\u201d. A las 21 horas se presentar\u00e1 Nancy Luz de Luna y Mart\u00edn Dol\u00f3n, para ponerle todo el ritmo a la fiesta. Luego, a las 21:30 horas se subir\u00e1 a escena el grupo de danzas folkl\u00f3ricas Tusunayay y seguidamente el grupo de cumbia \u201cLa Se\u00f1al\u201d. A las 22:20, el artista sierrachiquense Gustavo Corvi, interpretar\u00e1 distintos folkl\u00f3ricos y mel\u00f3dicos, caracter\u00edsticos de su estilo. <strong>El cierre est\u00e1 previsto para las 23 horas con el gran show de Lima Lim\u00f3n<\/strong>.<\/p>\n<p>&nbsp;<\/p>\n<p>En el marco de la fiesta, en el Parque \u201cLa Hormiga\u201d, <strong>habr\u00e1 paseo de artesanos y servicio de cantina, a cargo de las instituciones de la localidad<\/strong> como Jard\u00edn de Infantes N\u00ba 906, Escuela Primaria N\u00b0 2, Escuela Primaria N\u00b013, CEC N\u00b0803, Escuela Secundaria N\u00b017, CEF N\u00b0 100, Club Atl\u00e9tico Sierra Chica, Centro de Jubilados, Junta Vecinal Sierra Chica, Club Atlanta y Escuela de Danzas Folkl\u00f3ricas \u201cHerencia Serrana\u201d.<\/p>\n","protected":false},"excerpt":{"rendered":"<p>El tradicional evento tendr\u00e1 se realizar\u00e1 en el Parque La Hormiga y tendr\u00e1 un m\u00faltiples propuestas art\u00edsticas y culturales.<\/p>\n","protected":false},"author":3,"featured_media":41822,"comment_status":"closed","ping_status":"closed","sticky":false,"template":"","format":"standard","meta":{"_jetpack_memberships_contains_paid_content":false,"footnotes":""},"categories":[9,1],"tags":[],"class_list":["post-41821","post","type-post","status-publish","format-standard","has-post-thumbnail","hentry","category-cultura","category-portada"],"jetpack_featured_media_url":"https:\/\/i0.wp.com\/cdnoticias.com\/wp-content\/uploads\/2021\/12\/Cultura-Granito-Rojo-5-1024x682.jpg?fit=1024%2C682&ssl=1","jetpack_sharing_enabled":true,"_links":{"self":[{"href":"https:\/\/cdnoticias.com\/index.php\/wp-json\/wp\/v2\/posts\/41821","targetHints":{"allow":["GET"]}}],"collection":[{"href":"https:\/\/cdnoticias.com\/index.php\/wp-json\/wp\/v2\/posts"}],"about":[{"href":"https:\/\/cdnoticias.com\/index.php\/wp-json\/wp\/v2\/types\/post"}],"author":[{"embeddable":true,"href":"https:\/\/cdnoticias.com\/index.php\/wp-json\/wp\/v2\/users\/3"}],"replies":[{"embeddable":true,"href":"https:\/\/cdnoticias.com\/index.php\/wp-json\/wp\/v2\/comments?post=41821"}],"version-history":[{"count":0,"href":"https:\/\/cdnoticias.com\/index.php\/wp-json\/wp\/v2\/posts\/41821\/revisions"}],"wp:featuredmedia":[{"embeddable":true,"href":"https:\/\/cdnoticias.com\/index.php\/wp-json\/wp\/v2\/media\/41822"}],"wp:attachment":[{"href":"https:\/\/cdnoticias.com\/index.php\/wp-json\/wp\/v2\/media?parent=41821"}],"wp:term":[{"taxonomy":"category","embeddable":true,"href":"https:\/\/cdnoticias.com\/index.php\/wp-json\/wp\/v2\/categories?post=41821"},{"taxonomy":"post_tag","embeddable":true,"href":"https:\/\/cdnoticias.com\/index.php\/wp-json\/wp\/v2\/tags?post=41821"}],"curies":[{"name":"wp","href":"https:\/\/api.w.org\/{rel}","templated":true}]}}