{"id":41806,"date":"2021-12-18T15:36:54","date_gmt":"2021-12-18T18:36:54","guid":{"rendered":"http:\/\/www.centraldenoticias.com.ar\/?p=41806"},"modified":"2021-12-18T15:36:54","modified_gmt":"2021-12-18T18:36:54","slug":"bali-bucca-todavia-debemos-avanzar-con-la-ley-elegi-luces","status":"publish","type":"post","link":"https:\/\/cdnoticias.com\/index.php\/2021\/12\/18\/bali-bucca-todavia-debemos-avanzar-con-la-ley-elegi-luces\/","title":{"rendered":"Bali Bucca: \u201cTodav\u00eda debemos avanzar con la ley Eleg\u00ed Luces\u201d"},"content":{"rendered":"<p>El senador provincial se expres\u00f3 en favor de la decisi\u00f3n de no fabricar m\u00e1s pirotecnia sonora en el pa\u00eds. Destac\u00f3 la importancia de contemplar \u201ca miles de familias de ni\u00f1os y ni\u00f1as dentro de la condici\u00f3n del espectro autista que se ven afectadas\u201d.<!--more--><\/p>\n<hr \/>\n<p><strong>El actual senador provincial Eduardo \u00b4Bali\u00b4 Bucca (Frente de Todos) celebr\u00f3 la decisi\u00f3n<\/strong> que tomaron tanto el sindicato de la Industria de la Pirotecnia (Sueipa) como la C\u00e1mara Argentina de Empresas de Fuegos Artificiales (Caefa), <strong>por la no fabricaci\u00f3n de pirotecnia sonora<\/strong>.<\/p>\n<p>&nbsp;<\/p>\n<blockquote><p>No obstante, agreg\u00f3 que \u201ctodav\u00eda es imprescindible que se trate la ley \u00b4Eleg\u00ed Luces\u00b4 que presentamos todos estos a\u00f1os en el Congreso para que en Argentina finalmente se pueda regular la fabricaci\u00f3n y el uso de pirotecnia, necesaria para proteger y cuidar a miles de familias de ni\u00f1os y ni\u00f1as dentro de la condici\u00f3n del espectro autista que se ven afectadas. Como tambi\u00e9n las otras miles de personas que lamentablemente tienen que sedar a sus mascotas\u201d.<\/p><\/blockquote>\n<p>&nbsp;<\/p>\n<p>A prop\u00f3sito, <strong>el proyecto \u201cEleg\u00ed Luces &#8211; Regulaci\u00f3n del uso de artefactos de pirotecnia para uso recreativo\u201d<\/strong>, presentado por el m\u00e9dico Bucca, expresa en su art\u00edculo 1 que \u201cdebe prohibirse en el \u00e1mbito de la Rep\u00fablica Argentina, la comercializaci\u00f3n, exhibici\u00f3n, tenencia, manipulaci\u00f3n, uso particular, fabricaci\u00f3n, dep\u00f3sito, transporte, distribuci\u00f3n y venta al p\u00fablico mayorista o minorista y venta ambulante en la v\u00eda p\u00fablica, de artificios pirot\u00e9cnicos de uso recreativo, cuyos efectos audibles, lum\u00ednicos, fum\u00edgenos, qu\u00edmicos y\/o f\u00edsicos resulten perjudiciales para la salud y bienestar de la poblaci\u00f3n y el ambiente\u201d.<\/p>\n<p>&nbsp;<\/p>\n<p>Este proyecto fue construido y trabajado durante a\u00f1os por el legislador junto a <strong>diversas asociaciones de padres de personas con autismo, protectoras de animales y del ambiente de todo el pa\u00eds<\/strong>: <em>Apadea, TGD padres TEA, PANAACEA, Fundaci\u00f3n Brincar, Liga Asperger 7, Asociaci\u00f3n Asperger Argentina, Tendiendo Redes, Desv\u00edo Animal, Proyecto 4 Patas, Dejando Huellas, TGD padres TEA red federal, Sapaab.<\/em><\/p>\n<p>&nbsp;<\/p>\n<p>En este sentido Bucca aclar\u00f3 que \u201cno se trata tanto de prohibir, porque de hecho, siempre planteamos el reemplazo por fuegos artificiales lum\u00ednicos, como los que se fabrican en otros pa\u00edses\u201d, y agreg\u00f3 que <strong>\u201cel gran objetivo del proyecto fue siempre despertar la empat\u00eda de las y los argentinos, que conozcan el da\u00f1o que la pirotecnia sonora les genera a las personas con hipersensibilidad auditiva\u201d<\/strong>.<\/p>\n<p>&nbsp;<\/p>\n<p><strong>Se estima que en Argentina hay m\u00e1s de 700 mil personas dentro de la Condici\u00f3n del Espectro Autista (CEA)<\/strong>. La estad\u00edstica mundial dice que 1 de cada 58 ni\u00f1os es diagnosticado con CEA y, seg\u00fan lo expresado por sus familias, son los ni\u00f1os los que m\u00e1s sufren: se tapan los o\u00eddos, tienen crisis de llanto e incluso llegan a autolesionarse. <em>\u201cEl ruido elevado da\u00f1a y lo que para algunos pocos es diversi\u00f3n, para muchas familias argentinas significa pasarla mal.<\/em> Estoy seguro que esta ley va a marcar un punto de inflexi\u00f3n en la sociedad. Tenemos la obligaci\u00f3n que se respete y garantice el derecho de todos de disfrutar las fiestas\u201d a\u00f1adi\u00f3 el legislador nacido en Bol\u00edvar.<\/p>\n","protected":false},"excerpt":{"rendered":"<p>El senador provincial se expres\u00f3 en favor de la decisi\u00f3n de no fabricar m\u00e1s pirotecnia sonora en el pa\u00eds. Destac\u00f3<\/p>\n","protected":false},"author":4,"featured_media":41808,"comment_status":"closed","ping_status":"closed","sticky":false,"template":"","format":"standard","meta":{"_jetpack_memberships_contains_paid_content":false,"footnotes":""},"categories":[4,1],"tags":[],"class_list":["post-41806","post","type-post","status-publish","format-standard","has-post-thumbnail","hentry","category-politica","category-portada"],"jetpack_featured_media_url":"https:\/\/i0.wp.com\/cdnoticias.com\/wp-content\/uploads\/2021\/12\/Bali-Bucca-pirotecnia-elegi-luces.jpeg?fit=941%2C676&ssl=1","jetpack_sharing_enabled":true,"_links":{"self":[{"href":"https:\/\/cdnoticias.com\/index.php\/wp-json\/wp\/v2\/posts\/41806","targetHints":{"allow":["GET"]}}],"collection":[{"href":"https:\/\/cdnoticias.com\/index.php\/wp-json\/wp\/v2\/posts"}],"about":[{"href":"https:\/\/cdnoticias.com\/index.php\/wp-json\/wp\/v2\/types\/post"}],"author":[{"embeddable":true,"href":"https:\/\/cdnoticias.com\/index.php\/wp-json\/wp\/v2\/users\/4"}],"replies":[{"embeddable":true,"href":"https:\/\/cdnoticias.com\/index.php\/wp-json\/wp\/v2\/comments?post=41806"}],"version-history":[{"count":0,"href":"https:\/\/cdnoticias.com\/index.php\/wp-json\/wp\/v2\/posts\/41806\/revisions"}],"wp:featuredmedia":[{"embeddable":true,"href":"https:\/\/cdnoticias.com\/index.php\/wp-json\/wp\/v2\/media\/41808"}],"wp:attachment":[{"href":"https:\/\/cdnoticias.com\/index.php\/wp-json\/wp\/v2\/media?parent=41806"}],"wp:term":[{"taxonomy":"category","embeddable":true,"href":"https:\/\/cdnoticias.com\/index.php\/wp-json\/wp\/v2\/categories?post=41806"},{"taxonomy":"post_tag","embeddable":true,"href":"https:\/\/cdnoticias.com\/index.php\/wp-json\/wp\/v2\/tags?post=41806"}],"curies":[{"name":"wp","href":"https:\/\/api.w.org\/{rel}","templated":true}]}}