{"id":41800,"date":"2021-12-19T09:54:31","date_gmt":"2021-12-19T12:54:31","guid":{"rendered":"http:\/\/www.centraldenoticias.com.ar\/?p=41800"},"modified":"2021-12-19T10:21:39","modified_gmt":"2021-12-19T13:21:39","slug":"infraestructura-en-los-parques-industriales-impactaria-en-la-produccion","status":"publish","type":"post","link":"https:\/\/cdnoticias.com\/index.php\/2021\/12\/19\/infraestructura-en-los-parques-industriales-impactaria-en-la-produccion\/","title":{"rendered":"Infraestructura en los Parques Industriales: \u201cimpactar\u00eda en la producci\u00f3n inmediata\u201d"},"content":{"rendered":"<p>La Zalo con necesidades b\u00e1sicas: agua, gas, pavimento y seguridad. Una obra clave para avanzar en la escrituraci\u00f3n. El Parque de Granos y Los Fresnos. El desarrollo privado de espacios industriales.<!--more--><\/p>\n<hr \/>\n<p>En el marco de la <a href=\"https:\/\/cdnoticias.com\/index.php\/2021\/12\/19\/departamento-de-parques-industriales-de-la-uio-sabemos-los-problemas-para-resolver-y-cual-es-la-prioridad\/\" target=\"_blank\" rel=\"noopener\">entrevista con integrantes del Departamento de Parques Industriales de la Uni\u00f3n Industrial<\/a> se plante\u00f3 <strong>\u00bfqu\u00e9 tipo de infraestructura se necesita en los parques industriales?<\/strong> Ante esta consulta, <strong>Jorge Sobarzo indic\u00f3 que \u201cen realidad se necesita mucho\u201d.<\/strong><\/p>\n<p>&nbsp;<\/p>\n<p>\u201cNosotros estamos radicados en el <strong>PIO V<\/strong> donde reci\u00e9n ahora se est\u00e1n haciendo conexiones de fibra \u00f3ptica. <strong>Reci\u00e9n en este momento tenemos l\u00edneas de tel\u00e9fono e internet<\/strong>\u201d. Plante\u00f3 con ello el <em>\u201ccontraste de c\u00f3mo funciona la industria: la necesidad de estar conectada y de tener m\u00e1quinas conectadas\u201d<\/em> remarc\u00f3.<\/p>\n<p>&nbsp;<\/p>\n<blockquote><p>Pero en la Zalo, el problema es m\u00e1s b\u00e1sico: \u201cno tiene agua, ni gas, ni tel\u00e9fono, ni internet. Tampoco seguridad. Entonces es muy dif\u00edcil comprar un terreno\u201d enumer\u00f3. Tuvo en cuenta que esta Zona se gener\u00f3 en 2014 y en todo este tiempo no se han resuelto esos problemas. A\u00fan as\u00ed \u201chay empresarios que invierten con esas condiciones. Han sufrido inseguridad y no han podido obtener habilitaciones, en algunos casos por no haber pavimento por ejemplo empresas que producen alimentos\u201d.<\/p><\/blockquote>\n<p>&nbsp;<\/p>\n<p><img data-recalc-dims=\"1\" loading=\"lazy\" decoding=\"async\" class=\"alignnone size-full wp-image-41786\" src=\"https:\/\/i0.wp.com\/cdnoticias.com\/wp-content\/uploads\/2021\/12\/sobarzo-spinella-union-industrial-01.jpg?resize=800%2C445&#038;ssl=1\" alt=\"\" width=\"800\" height=\"445\" srcset=\"https:\/\/i0.wp.com\/cdnoticias.com\/wp-content\/uploads\/2021\/12\/sobarzo-spinella-union-industrial-01.jpg?w=800&amp;ssl=1 800w, https:\/\/i0.wp.com\/cdnoticias.com\/wp-content\/uploads\/2021\/12\/sobarzo-spinella-union-industrial-01.jpg?resize=300%2C167&amp;ssl=1 300w, https:\/\/i0.wp.com\/cdnoticias.com\/wp-content\/uploads\/2021\/12\/sobarzo-spinella-union-industrial-01.jpg?resize=768%2C427&amp;ssl=1 768w\" sizes=\"auto, (max-width: 800px) 100vw, 800px\" \/><\/p>\n<p>&nbsp;<\/p>\n<p>Sobarzo plante\u00f3 que en ese escenario <strong>faltan \u201clas condiciones b\u00e1sicas para producir\u201d<\/strong>. Y se quej\u00f3 de que \u201cel Municipio tiene la postura, por una cuesti\u00f3n contractual, de que cuando el empresario no avanza en las inversiones que tiene comprometidas se hace una retroventa, le sacan el terreno y se lo venden a otro. <strong>Hay una doble vara: por un lado quiere que se invierta, pero no se dan servicios\u201d.<\/strong><\/p>\n<p>&nbsp;<\/p>\n<p>Desde hace un par de a\u00f1os, el Municipio promociona el <strong>sector empresarial Los Fresnos<\/strong> y ya se han dado a conocer numerosas ventas de lotes. \u201cEst\u00e1 mucho m\u00e1s relegado porque reci\u00e9n tiene asfalto en la entrada e iluminaci\u00f3n, pero ya se est\u00e1n vendiendo lotes\u201d se\u00f1al\u00f3 Sobarzo quien contrast\u00f3 <strong>\u201cse hizo el pavimento en Los Fresnos -donde no hay ni una sola empresa radicada-<\/strong> mientras tenemos a la Zalo que no tiene agua, ni gas, cosas b\u00e1sicas para producir\u201d. En este sentido afirm\u00f3 que <strong>hacer estas obras \u201cimpactar\u00eda en la producci\u00f3n inmediata\u201d<\/strong>.<\/p>\n<p>&nbsp;<\/p>\n<p><img data-recalc-dims=\"1\" loading=\"lazy\" decoding=\"async\" class=\"size-full wp-image-13253 aligncenter\" src=\"https:\/\/i0.wp.com\/cdnoticias.com\/wp-content\/uploads\/2021\/02\/los-fresnos.jpg?resize=800%2C445&#038;ssl=1\" alt=\"\" width=\"800\" height=\"445\" srcset=\"https:\/\/i0.wp.com\/cdnoticias.com\/wp-content\/uploads\/2021\/02\/los-fresnos.jpg?w=800&amp;ssl=1 800w, https:\/\/i0.wp.com\/cdnoticias.com\/wp-content\/uploads\/2021\/02\/los-fresnos.jpg?resize=300%2C167&amp;ssl=1 300w, https:\/\/i0.wp.com\/cdnoticias.com\/wp-content\/uploads\/2021\/02\/los-fresnos.jpg?resize=768%2C427&amp;ssl=1 768w\" sizes=\"auto, (max-width: 800px) 100vw, 800px\" \/><\/p>\n<p>&nbsp;<\/p>\n<blockquote><p>En la Zalo tampoco tienen escrituraci\u00f3n. \u201cPara que se apruebe el tr\u00e1mite se tiene que hacer una obra hidr\u00e1ulica. En Los Fresnos est\u00e1 aprobada y en Zalo no. Estuvo aprobada pero en pandemia el Municipio mand\u00f3 una carta documento a la Autoridad del Agua para que desistan de la ejecuci\u00f3n ya que iban a destinar recursos a otra \u00e1rea y no se volvi\u00f3 a reflotar\u201d indic\u00f3.<\/p><\/blockquote>\n<p>&nbsp;<\/p>\n<p>Mientras estos aspectos siguen en tr\u00e1mite, se ven en Olavarr\u00eda <strong>desarrollo privado de espacios industriales<\/strong>. <strong>\u00bfEs el resultado de la falta de inversi\u00f3n del Estado?<\/strong> Nacho Spinella consider\u00f3 que <strong>efectivamente \u201cse dio frente a la falta de inversi\u00f3n y de todo lo que pueden requerir los sectores\u201d<\/strong>.<\/p>\n","protected":false},"excerpt":{"rendered":"<p>La Zalo con necesidades b\u00e1sicas: agua, gas, pavimento y seguridad. Una obra clave para avanzar en la escrituraci\u00f3n. El Parque<\/p>\n","protected":false},"author":4,"featured_media":41783,"comment_status":"closed","ping_status":"closed","sticky":false,"template":"","format":"standard","meta":{"_jetpack_memberships_contains_paid_content":false,"footnotes":""},"categories":[5,1],"tags":[],"class_list":["post-41800","post","type-post","status-publish","format-standard","has-post-thumbnail","hentry","category-informacion-general","category-portada"],"jetpack_featured_media_url":"https:\/\/i0.wp.com\/cdnoticias.com\/wp-content\/uploads\/2021\/12\/jorge-sobarzo-union-industrial-00.jpg?fit=800%2C445&ssl=1","jetpack_sharing_enabled":true,"_links":{"self":[{"href":"https:\/\/cdnoticias.com\/index.php\/wp-json\/wp\/v2\/posts\/41800","targetHints":{"allow":["GET"]}}],"collection":[{"href":"https:\/\/cdnoticias.com\/index.php\/wp-json\/wp\/v2\/posts"}],"about":[{"href":"https:\/\/cdnoticias.com\/index.php\/wp-json\/wp\/v2\/types\/post"}],"author":[{"embeddable":true,"href":"https:\/\/cdnoticias.com\/index.php\/wp-json\/wp\/v2\/users\/4"}],"replies":[{"embeddable":true,"href":"https:\/\/cdnoticias.com\/index.php\/wp-json\/wp\/v2\/comments?post=41800"}],"version-history":[{"count":0,"href":"https:\/\/cdnoticias.com\/index.php\/wp-json\/wp\/v2\/posts\/41800\/revisions"}],"wp:featuredmedia":[{"embeddable":true,"href":"https:\/\/cdnoticias.com\/index.php\/wp-json\/wp\/v2\/media\/41783"}],"wp:attachment":[{"href":"https:\/\/cdnoticias.com\/index.php\/wp-json\/wp\/v2\/media?parent=41800"}],"wp:term":[{"taxonomy":"category","embeddable":true,"href":"https:\/\/cdnoticias.com\/index.php\/wp-json\/wp\/v2\/categories?post=41800"},{"taxonomy":"post_tag","embeddable":true,"href":"https:\/\/cdnoticias.com\/index.php\/wp-json\/wp\/v2\/tags?post=41800"}],"curies":[{"name":"wp","href":"https:\/\/api.w.org\/{rel}","templated":true}]}}