{"id":41795,"date":"2021-12-19T09:52:26","date_gmt":"2021-12-19T12:52:26","guid":{"rendered":"http:\/\/www.centraldenoticias.com.ar\/?p=41795"},"modified":"2021-12-19T14:49:25","modified_gmt":"2021-12-19T17:49:25","slug":"departamento-de-parques-industriales-de-la-uio-sabemos-los-problemas-para-resolver-y-cual-es-la-prioridad","status":"publish","type":"post","link":"https:\/\/cdnoticias.com\/index.php\/2021\/12\/19\/departamento-de-parques-industriales-de-la-uio-sabemos-los-problemas-para-resolver-y-cual-es-la-prioridad\/","title":{"rendered":"Departamento de Parques Industriales de la UIO: \u201csabemos los problemas para resolver y cu\u00e1l es la prioridad\u201d"},"content":{"rendered":"<p>Jorge Sobarzo y Nacho Spinella hablaron del rol del departamento que encabezan. Un balance de su primer a\u00f1o de trabajo y algunos proyectos de lo que viene para 2022.<\/p>\n<p><!--more--><\/p>\n<hr \/>\n<p><strong>Los integrantes del Departamento de Parques Industriales de la Uni\u00f3n Industrial de Olavarr\u00eda, Jorge Sobarzo y Nacho Spinella, hablaron con Central de Noticias<\/strong> para hacer un balance del a\u00f1o que termina y plantear algunos proyectos de lo que viene.<\/p>\n<p>&nbsp;<\/p>\n<p><strong>La posibilidad de escriturar los terrenos del PIO V, el logro principal<\/strong>. Y las <strong>gestiones iniciadas para avanzar en la ZALO y el Parque de Grano<\/strong>s, donde adem\u00e1s <a href=\"https:\/\/cdnoticias.com\/index.php\/2021\/12\/19\/infraestructura-en-los-parques-industriales-impactaria-en-la-produccion\/\" target=\"_blank\" rel=\"noopener\">hacen falta muchas mejoras de infraestructura<\/a>. Tambi\u00e9n la inscripci\u00f3n de todos los parques locales en el <strong>Registro Nacional de Parques Industriales (RENPI)<\/strong>.<\/p>\n<p>&nbsp;<\/p>\n<p><img data-recalc-dims=\"1\" loading=\"lazy\" decoding=\"async\" class=\"size-full wp-image-41783 aligncenter\" src=\"https:\/\/i0.wp.com\/cdnoticias.com\/wp-content\/uploads\/2021\/12\/jorge-sobarzo-union-industrial-00.jpg?resize=800%2C445&#038;ssl=1\" alt=\"\" width=\"800\" height=\"445\" srcset=\"https:\/\/i0.wp.com\/cdnoticias.com\/wp-content\/uploads\/2021\/12\/jorge-sobarzo-union-industrial-00.jpg?w=800&amp;ssl=1 800w, https:\/\/i0.wp.com\/cdnoticias.com\/wp-content\/uploads\/2021\/12\/jorge-sobarzo-union-industrial-00.jpg?resize=300%2C167&amp;ssl=1 300w, https:\/\/i0.wp.com\/cdnoticias.com\/wp-content\/uploads\/2021\/12\/jorge-sobarzo-union-industrial-00.jpg?resize=768%2C427&amp;ssl=1 768w\" sizes=\"auto, (max-width: 800px) 100vw, 800px\" \/><\/p>\n<p>&nbsp;<\/p>\n<p>\u201cEl objetivo es <strong>captar, tratar y resolver situaciones de las distintas empresas radicadas en los Parques Industriales de la ciudad<\/strong>. En esa sinton\u00eda somos una herramienta para los asociados por donde ellos pueden canalizar sus problemas. Y tambi\u00e9n somos una herramienta para el Estado o las oficinas del Estado destinadas a la industria porque obviamente le facilitamos el contacto con los industriales, les ayudamos a captar la problem\u00e1tica que tenemos. De hecho nosotros <strong>somos industriales y estamos radicados en un parque industrial, entonces qu\u00e9 mejor que quienes sufren los problemas para ponerlos en una mesa<\/strong>\u201d explic\u00f3 Sobarzo. Este departamento se form\u00f3 hace aproximadamente un a\u00f1o.<\/p>\n<p>&nbsp;<\/p>\n<blockquote><p>La intenci\u00f3n es \u201carticular mucho con organismos del Estado para que cuando se destine un recurso dentro de lo posible resuelva situaciones reales y sea ejecutado de forma eficiente\u201d dijo para enfatizar \u201csabemos los problemas para resolver y cu\u00e1l es la prioridad\u201d.<\/p><\/blockquote>\n<p>&nbsp;<\/p>\n<p><img data-recalc-dims=\"1\" loading=\"lazy\" decoding=\"async\" class=\"size-full wp-image-41781 aligncenter\" src=\"https:\/\/i0.wp.com\/cdnoticias.com\/wp-content\/uploads\/2021\/12\/parque-industrial-03.jpg?resize=800%2C445&#038;ssl=1\" alt=\"\" width=\"800\" height=\"445\" srcset=\"https:\/\/i0.wp.com\/cdnoticias.com\/wp-content\/uploads\/2021\/12\/parque-industrial-03.jpg?w=800&amp;ssl=1 800w, https:\/\/i0.wp.com\/cdnoticias.com\/wp-content\/uploads\/2021\/12\/parque-industrial-03.jpg?resize=300%2C167&amp;ssl=1 300w, https:\/\/i0.wp.com\/cdnoticias.com\/wp-content\/uploads\/2021\/12\/parque-industrial-03.jpg?resize=768%2C427&amp;ssl=1 768w\" sizes=\"auto, (max-width: 800px) 100vw, 800px\" \/><\/p>\n<p>&nbsp;<\/p>\n<p>&nbsp;<\/p>\n<p>A modo de balance de este a\u00f1o de trabajo, Jorge Sobarzo destac\u00f3 que \u201cha sido muy bueno porque <strong>se han logrado varias cosas en los parques industriales<\/strong> y no tenemos dudas de que mucho de eso ha sido por la gesti\u00f3n de esta comisi\u00f3n y de la Uni\u00f3n Industrial\u201d.<\/p>\n<p>&nbsp;<\/p>\n<p>Sobre ese punto, Nacho Spinella se refiri\u00f3 a que <strong>\u201clo m\u00e1s importante que tomamos como bandera a principio de este a\u00f1o fue la escrituraci\u00f3n de los lotes del sector 5\u201d<\/strong>. Las gestiones se hab\u00edan iniciado en 2011 y <a href=\"https:\/\/cdnoticias.com\/index.php\/2021\/11\/05\/anuncian-la-finalizacion-del-tramite-de-escritura-para-el-pio-v\/\" target=\"_blank\" rel=\"noopener\">reci\u00e9n a principios de noviembre de este a\u00f1o llegaron a su fin<\/a>.<\/p>\n<p>&nbsp;<\/p>\n<p>Se\u00f1al\u00f3 que fue uno de los primeros temas planteados: \u201csomos propietarios en el sector involucrado, tomamos como prioridad el sector 5 para llegar a las escrituras. Tuvimos muchas reuniones y mucho trabajo se le dedic\u00f3. <strong>Hubo una predisposici\u00f3n desde la Provincia que nos dio una mano o por lo menos nos puso en la agenda real.<\/strong> Ya no s\u00e9 si es que despu\u00e9s no nos quer\u00edan escuchar m\u00e1s, pero en tiempo y forma lo que nos dijeron sucedi\u00f3\u201d.<\/p>\n<p>&nbsp;<\/p>\n<p><img data-recalc-dims=\"1\" loading=\"lazy\" decoding=\"async\" class=\"alignnone size-full wp-image-41784\" src=\"https:\/\/i0.wp.com\/cdnoticias.com\/wp-content\/uploads\/2021\/12\/nacho-spinella-union-industrial-00.jpg?resize=800%2C445&#038;ssl=1\" alt=\"\" width=\"800\" height=\"445\" srcset=\"https:\/\/i0.wp.com\/cdnoticias.com\/wp-content\/uploads\/2021\/12\/nacho-spinella-union-industrial-00.jpg?w=800&amp;ssl=1 800w, https:\/\/i0.wp.com\/cdnoticias.com\/wp-content\/uploads\/2021\/12\/nacho-spinella-union-industrial-00.jpg?resize=300%2C167&amp;ssl=1 300w, https:\/\/i0.wp.com\/cdnoticias.com\/wp-content\/uploads\/2021\/12\/nacho-spinella-union-industrial-00.jpg?resize=768%2C427&amp;ssl=1 768w\" sizes=\"auto, (max-width: 800px) 100vw, 800px\" \/><\/p>\n<p>&nbsp;<\/p>\n<p>Tuvo en cuenta adem\u00e1s que \u201c<strong>se involucraron por suerte, en la final de la etapa, desde el Municipio<\/strong>. O mejor dicho, Edith (Schoos) qui\u00e9n est\u00e1 encargada de parques industriales en Desarrollo Econ\u00f3mico. Tambi\u00e9n colabor\u00f3 much\u00edsimo para que esto suceda\u201d. En este momento, cada propietario de lote en el PIO V puede iniciar la escrituraci\u00f3n de sus terrenos, tr\u00e1mite que comienza en el Municipio.<\/p>\n<p>&nbsp;<\/p>\n<blockquote><p>Con este tr\u00e1mite encaminado, avanzaron sobre otros parques industriales locales. \u201cEmpezamos a tener reuniones con otros sectores m\u00e1s relegados como Zalo (Zona de Actividades Log\u00edsticas) y granos. Nos reunimos con la gran mayor\u00eda de los propietarios de Zalo, en la cual ellos est\u00e1n en peores condiciones porque no solamente tienen falta de papeles si no tambi\u00e9n falta de infraestructura\u201d cont\u00f3 Nacho Spinella.<\/p><\/blockquote>\n<p>&nbsp;<\/p>\n<p>Sobre este \u00faltimo aspecto, ambos tuvieron en cuenta que si bien discursivamente se busca resaltar al sector industrial en Olavarr\u00eda, ello no se traduce en el destino de fondos. \u201cConocemos los recursos destinados hoy a la industria, por lo menos en el \u00faltimo presupuesto, y no s\u00e9 en el pr\u00f3ximo porque a\u00fan no lo hemos analizado.<strong> En el presupuesto anterior no hubo fondos para infraestructura de los parques\u201d<\/strong> agreg\u00f3 en referencia al Municipio.<\/p>\n<p>&nbsp;<\/p>\n<p><img data-recalc-dims=\"1\" loading=\"lazy\" decoding=\"async\" class=\"size-large wp-image-37244 aligncenter\" src=\"https:\/\/i0.wp.com\/cdnoticias.com\/wp-content\/uploads\/2021\/11\/parque-industrial-PIO-01.jpg?resize=800%2C445&#038;ssl=1\" alt=\"\" width=\"800\" height=\"445\" srcset=\"https:\/\/i0.wp.com\/cdnoticias.com\/wp-content\/uploads\/2021\/11\/parque-industrial-PIO-01.jpg?resize=1024%2C569&amp;ssl=1 1024w, https:\/\/i0.wp.com\/cdnoticias.com\/wp-content\/uploads\/2021\/11\/parque-industrial-PIO-01.jpg?resize=300%2C167&amp;ssl=1 300w, https:\/\/i0.wp.com\/cdnoticias.com\/wp-content\/uploads\/2021\/11\/parque-industrial-PIO-01.jpg?resize=768%2C427&amp;ssl=1 768w, https:\/\/i0.wp.com\/cdnoticias.com\/wp-content\/uploads\/2021\/11\/parque-industrial-PIO-01.jpg?resize=800%2C445&amp;ssl=1 800w, https:\/\/i0.wp.com\/cdnoticias.com\/wp-content\/uploads\/2021\/11\/parque-industrial-PIO-01.jpg?w=1599&amp;ssl=1 1599w\" sizes=\"auto, (max-width: 800px) 100vw, 800px\" \/><\/p>\n<p>&nbsp;<\/p>\n<p><strong>M\u00e1s gestiones<\/strong><\/p>\n<p>&nbsp;<\/p>\n<p>Otra de las gestiones que llevan adelante es<strong> incluir a todos los parques en el RENPI<\/strong>. Actualmente s\u00f3lo est\u00e1 registrado el Sector 1. El objetivo es que esto se logre \u201cpara principios del a\u00f1o que viene\u201d dijo Spinella quien explic\u00f3 que <em>\u201cnos permitir\u00eda tratar de traccionar y gestionar cosas que hoy no se pueden al no estar inscriptos\u201d<\/em>.<\/p>\n<p>&nbsp;<\/p>\n<p>Mencion\u00f3 que actualmente desde otras jurisdicciones <strong>se destinan fondos para infraestructura y mejoras en los parques industriales, pero se requiere la inscripci\u00f3n en el RENPI<\/strong> para acceder. \u201cA ese envi\u00f3n lo tenemos que aprovechar\u201d consider\u00f3.<\/p>\n<p>&nbsp;<\/p>\n<p><img data-recalc-dims=\"1\" loading=\"lazy\" decoding=\"async\" class=\"size-full wp-image-41778 aligncenter\" src=\"https:\/\/i0.wp.com\/cdnoticias.com\/wp-content\/uploads\/2021\/12\/parque-industrial-00.jpg?resize=800%2C445&#038;ssl=1\" alt=\"\" width=\"800\" height=\"445\" srcset=\"https:\/\/i0.wp.com\/cdnoticias.com\/wp-content\/uploads\/2021\/12\/parque-industrial-00.jpg?w=800&amp;ssl=1 800w, https:\/\/i0.wp.com\/cdnoticias.com\/wp-content\/uploads\/2021\/12\/parque-industrial-00.jpg?resize=300%2C167&amp;ssl=1 300w, https:\/\/i0.wp.com\/cdnoticias.com\/wp-content\/uploads\/2021\/12\/parque-industrial-00.jpg?resize=768%2C427&amp;ssl=1 768w\" sizes=\"auto, (max-width: 800px) 100vw, 800px\" \/><\/p>\n<p>&nbsp;<\/p>\n<p>Otro tema en el que se trabaja es en <strong>\u201chacer la normalizaci\u00f3n del sector del parque industrial original, de la Asociaci\u00f3n de Parques Industriales\u201d<\/strong>. Explicaron que se constituy\u00f3 una \u201ccomisi\u00f3n normalizadora\u201d a cargo de Tomas Barbieri, con quien ya se han contactado. La intenci\u00f3n es \u201ctrabajar en conjunto y ponerle nombre a distintos sectores\u201d.<\/p>\n<p>&nbsp;<\/p>\n<p>De esta manera, se busca que cada sector industrial tenga integrantes trabajando en colaboraci\u00f3n con esa comisi\u00f3n. <strong>\u201cQue el Sector 1 tenga su gente que colabore, el Sector 2 y el Sector 5<\/strong> para que si bien la comisi\u00f3n normalizadora est\u00e1 solamente para normalizar la documentaci\u00f3n porque est\u00e1 ca\u00edda la personer\u00eda jur\u00eddica de la Asociaci\u00f3n, pero es tambi\u00e9n una forma de <strong>empezar a trabajar en conjunto y cortar tantos a\u00f1os -a mi entender- de mal trabajo en la Asociaci\u00f3n del Parque\u201d defini\u00f3 Nacho Spinella<\/strong>.<\/p>\n","protected":false},"excerpt":{"rendered":"<p>Jorge Sobarzo y Nacho Spinella hablaron del rol del departamento que encabezan. Un balance de su primer a\u00f1o de trabajo<\/p>\n","protected":false},"author":4,"featured_media":41785,"comment_status":"closed","ping_status":"closed","sticky":false,"template":"","format":"standard","meta":{"_jetpack_memberships_contains_paid_content":false,"footnotes":""},"categories":[5,1],"tags":[],"class_list":["post-41795","post","type-post","status-publish","format-standard","has-post-thumbnail","hentry","category-informacion-general","category-portada"],"jetpack_featured_media_url":"https:\/\/i0.wp.com\/cdnoticias.com\/wp-content\/uploads\/2021\/12\/sobarzo-spinella-union-industrial-00.jpg?fit=800%2C445&ssl=1","jetpack_sharing_enabled":true,"_links":{"self":[{"href":"https:\/\/cdnoticias.com\/index.php\/wp-json\/wp\/v2\/posts\/41795","targetHints":{"allow":["GET"]}}],"collection":[{"href":"https:\/\/cdnoticias.com\/index.php\/wp-json\/wp\/v2\/posts"}],"about":[{"href":"https:\/\/cdnoticias.com\/index.php\/wp-json\/wp\/v2\/types\/post"}],"author":[{"embeddable":true,"href":"https:\/\/cdnoticias.com\/index.php\/wp-json\/wp\/v2\/users\/4"}],"replies":[{"embeddable":true,"href":"https:\/\/cdnoticias.com\/index.php\/wp-json\/wp\/v2\/comments?post=41795"}],"version-history":[{"count":0,"href":"https:\/\/cdnoticias.com\/index.php\/wp-json\/wp\/v2\/posts\/41795\/revisions"}],"wp:featuredmedia":[{"embeddable":true,"href":"https:\/\/cdnoticias.com\/index.php\/wp-json\/wp\/v2\/media\/41785"}],"wp:attachment":[{"href":"https:\/\/cdnoticias.com\/index.php\/wp-json\/wp\/v2\/media?parent=41795"}],"wp:term":[{"taxonomy":"category","embeddable":true,"href":"https:\/\/cdnoticias.com\/index.php\/wp-json\/wp\/v2\/categories?post=41795"},{"taxonomy":"post_tag","embeddable":true,"href":"https:\/\/cdnoticias.com\/index.php\/wp-json\/wp\/v2\/tags?post=41795"}],"curies":[{"name":"wp","href":"https:\/\/api.w.org\/{rel}","templated":true}]}}