{"id":41770,"date":"2021-12-18T10:11:16","date_gmt":"2021-12-18T13:11:16","guid":{"rendered":"http:\/\/www.centraldenoticias.com.ar\/?p=41770"},"modified":"2021-12-18T10:11:16","modified_gmt":"2021-12-18T13:11:16","slug":"el-personal-de-coopelectric-se-capacito-en-iluminacion-led","status":"publish","type":"post","link":"https:\/\/cdnoticias.com\/index.php\/2021\/12\/18\/el-personal-de-coopelectric-se-capacito-en-iluminacion-led\/","title":{"rendered":"El personal de Coopelectric se capacit\u00f3 en iluminaci\u00f3n LED"},"content":{"rendered":"<p>Asistieron quienes se desempe\u00f1an en Alumbrado P\u00fablico y Proyecto y Obras. Fue dictado por Julio C\u00e9sar P\u00e9rez de la Universidad Tecnol\u00f3gica Nacional.<!--more--><\/p>\n<hr \/>\n<p><strong>El personal de Coopelectric que se desempe\u00f1a en los sectores de Alumbrado P\u00fablico y Proyecto y Obras, particip\u00f3 de un Curso de iluminaci\u00f3n LED<\/strong>. Fue dictado por Julio C\u00e9sar P\u00e9rez de la <strong>Universidad Tecnol\u00f3gica Nacional<\/strong> y se desarroll\u00f3 en la Oficina T\u00e9cnica de Coopelectric mediante dos jornadas de seis horas de duraci\u00f3n.<\/p>\n<p>&nbsp;<\/p>\n<p>La capacitaci\u00f3n se dividi\u00f3 en<strong> dos etapas: la primera fue te\u00f3rica<\/strong> y permiti\u00f3 el abordaje de la luminotecnia, los diferentes tipos de iluminaci\u00f3n LED que existen en el mercado, sus caracter\u00edsticas y los circuitos electr\u00f3nicos que sirven para hacer funcionar el LED con la luminosidad requerida. <strong>La segunda jornada fue de car\u00e1cter pr\u00e1ctico<\/strong>, por lo que se analiz\u00f3 la constituci\u00f3n de las luminarias y los elementos que se pueden reparar, se evaluaron cuestiones t\u00e9cnicas, la vida \u00fatil de las l\u00e1mparas y se realizaron mediciones con instrumental de laboratorio para que cada participante interactuara con la tecnolog\u00eda<\/p>\n<p>&nbsp;<\/p>\n<blockquote><p>En tal sentido, el gerente de Distribuci\u00f3n de Energ\u00eda El\u00e9ctrica Claudio N\u00e1poli expres\u00f3 \u201cen funci\u00f3n del recambio que por decisi\u00f3n del Municipio se viene haciendo en la ciudad con tecnolog\u00eda LED aplicada al Alumbrado P\u00fablico, nos pareci\u00f3 muy importante poder capacitar al personal t\u00e9cnico y operativo sobre esta tem\u00e1tica\u201d.<\/p><\/blockquote>\n<p>&nbsp;<\/p>\n<p><img data-recalc-dims=\"1\" loading=\"lazy\" decoding=\"async\" class=\"size-full wp-image-41772 aligncenter\" src=\"https:\/\/i0.wp.com\/cdnoticias.com\/wp-content\/uploads\/2021\/12\/coopelectric-Curso-Iluminacion-LED-02.jpg?resize=800%2C540&#038;ssl=1\" alt=\"\" width=\"800\" height=\"540\" srcset=\"https:\/\/i0.wp.com\/cdnoticias.com\/wp-content\/uploads\/2021\/12\/coopelectric-Curso-Iluminacion-LED-02.jpg?w=1022&amp;ssl=1 1022w, https:\/\/i0.wp.com\/cdnoticias.com\/wp-content\/uploads\/2021\/12\/coopelectric-Curso-Iluminacion-LED-02.jpg?resize=300%2C203&amp;ssl=1 300w, https:\/\/i0.wp.com\/cdnoticias.com\/wp-content\/uploads\/2021\/12\/coopelectric-Curso-Iluminacion-LED-02.jpg?resize=768%2C519&amp;ssl=1 768w\" sizes=\"auto, (max-width: 800px) 100vw, 800px\" \/><\/p>\n<p>&nbsp;<\/p>\n<p>Al mismo tiempo, <strong>resalt\u00f3 la posibilidad de trabajar en la reparaci\u00f3n de este tipo de luminarias<\/strong>, \u201ccomo es una tecnolog\u00eda nueva consideramos fundamental la formaci\u00f3n en ese sentido. Sin dudas esta experiencia le sirve a nuestro personal para diagnosticar fallas y hacer reparaciones cuando sea necesario\u201d.<\/p>\n<p>&nbsp;<\/p>\n<p>La tecnolog\u00eda LED representa un <strong>avance tecnol\u00f3gico<\/strong> en cuanto a iluminaci\u00f3n y con ello se persigue disminuir el consumo de energ\u00eda de las luminarias. Adem\u00e1s, presenta otras ventajas como la iluminaci\u00f3n directa y el factor de utilizaci\u00f3n.<\/p>\n<p>&nbsp;<\/p>\n<p>En tanto, <strong>el presidente del Consejo de Administraci\u00f3n Cruz Arouxet<\/strong> destac\u00f3 la realizaci\u00f3n de esta actividad de formaci\u00f3n que fue planificada desde el \u00e1rea de Recursos Humanos de la Cooperativa. \u201cLa capacitaci\u00f3n es fundamental para <em>reforzar los conocimientos t\u00e9cnicos y adquirir nuevas habilidades en funci\u00f3n de las nuevas tecnolog\u00edas<\/em> que se van desarrollando\u201d y finalmente a\u00f1adi\u00f3 \u201cla formaci\u00f3n constante del personal de Coopelectric contribuye a mejorar la calidad del Servicio y beneficia a los asociados de la Cooperativa\u201d.<\/p>\n","protected":false},"excerpt":{"rendered":"<p>Asistieron quienes se desempe\u00f1an en Alumbrado P\u00fablico y Proyecto y Obras. Fue dictado por Julio C\u00e9sar P\u00e9rez de la Universidad<\/p>\n","protected":false},"author":4,"featured_media":41771,"comment_status":"closed","ping_status":"closed","sticky":false,"template":"","format":"standard","meta":{"_jetpack_memberships_contains_paid_content":false,"footnotes":""},"categories":[5,1],"tags":[],"class_list":["post-41770","post","type-post","status-publish","format-standard","has-post-thumbnail","hentry","category-informacion-general","category-portada"],"jetpack_featured_media_url":"https:\/\/i0.wp.com\/cdnoticias.com\/wp-content\/uploads\/2021\/12\/coopelectric-Curso-Iluminacion-LED-01.jpg?fit=1023%2C768&ssl=1","jetpack_sharing_enabled":true,"_links":{"self":[{"href":"https:\/\/cdnoticias.com\/index.php\/wp-json\/wp\/v2\/posts\/41770","targetHints":{"allow":["GET"]}}],"collection":[{"href":"https:\/\/cdnoticias.com\/index.php\/wp-json\/wp\/v2\/posts"}],"about":[{"href":"https:\/\/cdnoticias.com\/index.php\/wp-json\/wp\/v2\/types\/post"}],"author":[{"embeddable":true,"href":"https:\/\/cdnoticias.com\/index.php\/wp-json\/wp\/v2\/users\/4"}],"replies":[{"embeddable":true,"href":"https:\/\/cdnoticias.com\/index.php\/wp-json\/wp\/v2\/comments?post=41770"}],"version-history":[{"count":0,"href":"https:\/\/cdnoticias.com\/index.php\/wp-json\/wp\/v2\/posts\/41770\/revisions"}],"wp:featuredmedia":[{"embeddable":true,"href":"https:\/\/cdnoticias.com\/index.php\/wp-json\/wp\/v2\/media\/41771"}],"wp:attachment":[{"href":"https:\/\/cdnoticias.com\/index.php\/wp-json\/wp\/v2\/media?parent=41770"}],"wp:term":[{"taxonomy":"category","embeddable":true,"href":"https:\/\/cdnoticias.com\/index.php\/wp-json\/wp\/v2\/categories?post=41770"},{"taxonomy":"post_tag","embeddable":true,"href":"https:\/\/cdnoticias.com\/index.php\/wp-json\/wp\/v2\/tags?post=41770"}],"curies":[{"name":"wp","href":"https:\/\/api.w.org\/{rel}","templated":true}]}}