{"id":41739,"date":"2021-12-18T09:21:46","date_gmt":"2021-12-18T12:21:46","guid":{"rendered":"http:\/\/www.centraldenoticias.com.ar\/?p=41739"},"modified":"2021-12-18T12:45:52","modified_gmt":"2021-12-18T15:45:52","slug":"hemos-consolidado-nuestra-gestion-el-balance-desde-el-colegio-de-abogados-departamental","status":"publish","type":"post","link":"https:\/\/cdnoticias.com\/index.php\/2021\/12\/18\/hemos-consolidado-nuestra-gestion-el-balance-desde-el-colegio-de-abogados-departamental\/","title":{"rendered":"\u201cHemos consolidado nuestra gesti\u00f3n\u201d, el balance desde el Colegio de Abogados Departamental"},"content":{"rendered":"<p>El doctor Gast\u00f3n Argeri analiz\u00f3 lo sucedido en el 2021 en la instituci\u00f3n que preside pero tambi\u00e9n habl\u00f3 de lo proyectado para el 2022.<!--more--><\/p>\n<hr \/>\n<p>A pocos d\u00edas de culminar el a\u00f1o, Gast\u00f3n Argeri, presidente del Colegio de Abogados del Departamento Judicial de Azul, <strong>traz\u00f3 una l\u00ednea de an\u00e1lisis que comprende lo m\u00e1s destacado de la agenda institucional 2021: lo logrado, lo aprendido y lo proyectado.<\/strong><\/p>\n<p>&nbsp;<\/p>\n<p>\u201cQuienes integramos la conducci\u00f3n actual del Colegio de Abogados Departamental <strong>estamos muy contentos con el trabajo realizado<\/strong>. En primer lugar, porque hemos conseguido muchos de los objetivos propuestos y, sobre todo, aquellos que le incumben directamente a los matriculados y matriculadas.\u00a0El Colegio de Abogados Departamental cuenta con una agenda inmensa, extensa como su territorio comprendido por 11 localidades, cada una de ellas con sus propias demandas y singularidades pero tambi\u00e9n inmersas en una din\u00e1mica institucional que tiene una geograf\u00eda com\u00fan de intereses&#8221;, expres\u00f3 en una entrevista divulgada en los \u00faltimos d\u00edas.<\/p>\n<p>&nbsp;<\/p>\n<p>A la par, agreg\u00f3 que &#8220;<strong>hemos podido tender un puente hacia las necesidades y problem\u00e1ticas locales,<\/strong> a trav\u00e9s de la continuidad del ciclo \u201cEl Colegio te Escucha\u201d, un espacio de di\u00e1logo y encuentro entre autoridades del Colegio y los abogados y \u00a0abogadas de las distintas ciudades. <strong>Seguimos afianzando ese Colegio cercano que nos propusimos desde el comienzo de nuestra gesti\u00f3n<\/strong>: cualquiera sea la distancia, nuestros matriculados y matriculadas saben que hay una respuesta institucional para cada requerimiento.<\/p>\n<p>&nbsp;<\/p>\n<p><img data-recalc-dims=\"1\" loading=\"lazy\" decoding=\"async\" class=\"alignnone size-large wp-image-41740\" src=\"https:\/\/i0.wp.com\/cdnoticias.com\/wp-content\/uploads\/2021\/12\/argeri-balance.jpg?resize=800%2C534&#038;ssl=1\" alt=\"\" width=\"800\" height=\"534\" srcset=\"https:\/\/i0.wp.com\/cdnoticias.com\/wp-content\/uploads\/2021\/12\/argeri-balance.jpg?resize=1024%2C683&amp;ssl=1 1024w, https:\/\/i0.wp.com\/cdnoticias.com\/wp-content\/uploads\/2021\/12\/argeri-balance.jpg?resize=300%2C200&amp;ssl=1 300w, https:\/\/i0.wp.com\/cdnoticias.com\/wp-content\/uploads\/2021\/12\/argeri-balance.jpg?resize=768%2C512&amp;ssl=1 768w, https:\/\/i0.wp.com\/cdnoticias.com\/wp-content\/uploads\/2021\/12\/argeri-balance.jpg?resize=272%2C182&amp;ssl=1 272w, https:\/\/i0.wp.com\/cdnoticias.com\/wp-content\/uploads\/2021\/12\/argeri-balance.jpg?w=1200&amp;ssl=1 1200w\" sizes=\"auto, (max-width: 800px) 100vw, 800px\" \/><\/p>\n<p>&nbsp;<\/p>\n<blockquote><p>Tambi\u00e9n hemos continuado con una diversa agenda a trav\u00e9s de los 14 institutos que funcionan de manera permanente, adem\u00e1s de las capacitaciones, jornadas y debates que atienden a la necesidad continua de actualizaci\u00f3n de la pr\u00e1ctica profesional.<\/p><\/blockquote>\n<p>&nbsp;<\/p>\n<p>Me gusta pensar que aquellas respuestas que debimos dar para buscar soluciones a los emergentes dif\u00edciles que impone el d\u00eda a d\u00eda \u2013y la pandemia nos ense\u00f1\u00f3 mucho al respecto- nos va dotando de una mejor calidad institucional. <strong>Nuestro Colegio, al igual que todas las instituciones, tuvo que reinventarse para sobrevivir a lo inesperado, cuidando a nuestra gente sin retroceder en todo lo que hab\u00edamos logrado: m\u00e1s bien, todo lo contrario<\/strong>. Hemos consolidado un sistema de conectividad, cercan\u00eda y virtualidad que abarca\u00a0la totalidad de nuestra agenda institucional y servicios.<\/p>\n<p>&nbsp;<\/p>\n<p><em><strong>\u00bfCu\u00e1les fueron los puntos claves de la agenda 2021?<\/strong><\/em><\/p>\n<p>&nbsp;<\/p>\n<p>Afortunadamente, muchos y en todos los \u00f3rdenes de la vida institucional. Por un lado, decenas de disertantes se sumaron en cada una de nuestras convocatorias virtuales para el armado de capacitaciones gratuitas destinadas a todos los abogados y abogadas matriculados en nuestro Colegio de Abogados, con el prop\u00f3sito de fomentar debates de vanguardia en las diversas ramas del Derecho. Por s\u00f3lo mencionar algunos, los nuevos abordajes en el proceso penal bonaerense; la violencia de g\u00e9nero analizada desde las pr\u00e1cticas profesionales; el Derecho de Familia como herramienta social de transformaci\u00f3n de la realidad de muchos sectores que a\u00fan siguen estando postergados en el discurso jur\u00eddico tradicional. A principios de a\u00f1o, participamos de un encuentro provincial muy importante de esa tem\u00e1tica, con delegados de los 20 Colegios que integran el COLPROBA (Colegio de Abogados de la Provincia) habilitando y generando nuevos canales de di\u00e1logo entre todos los actores que integran el fuero.<\/p>\n<p>&nbsp;<\/p>\n<p><img data-recalc-dims=\"1\" loading=\"lazy\" decoding=\"async\" class=\"alignnone size-large wp-image-34306\" src=\"https:\/\/i0.wp.com\/cdnoticias.com\/wp-content\/uploads\/2021\/09\/jura-septiembre.jpg?resize=800%2C449&#038;ssl=1\" alt=\"\" width=\"800\" height=\"449\" srcset=\"https:\/\/i0.wp.com\/cdnoticias.com\/wp-content\/uploads\/2021\/09\/jura-septiembre.jpg?resize=1024%2C575&amp;ssl=1 1024w, https:\/\/i0.wp.com\/cdnoticias.com\/wp-content\/uploads\/2021\/09\/jura-septiembre.jpg?resize=300%2C169&amp;ssl=1 300w, https:\/\/i0.wp.com\/cdnoticias.com\/wp-content\/uploads\/2021\/09\/jura-septiembre.jpg?resize=768%2C431&amp;ssl=1 768w, https:\/\/i0.wp.com\/cdnoticias.com\/wp-content\/uploads\/2021\/09\/jura-septiembre.jpg?w=1280&amp;ssl=1 1280w\" sizes=\"auto, (max-width: 800px) 100vw, 800px\" \/><\/p>\n<p>&nbsp;<\/p>\n<p>Por otro lado, llevamos adelante un curso sobre el rol y tareas de curadores\/apoyos, poniendo sobre relieve a la Salud Mental en el devenir de los procesos judiciales; a ra\u00edz de la exitosa convocatoria de la experiencia pionera, continuamos con los cursos de iniciaci\u00f3n profesional a cargo de la comisi\u00f3n de Abogac\u00eda Joven, para brindar herramientas te\u00f3rico-pr\u00e1cticas que faciliten el primer tramo de la pr\u00e1ctica.\u00a0Indagamos en la extensa normativa referida a la protecci\u00f3n del consumidor, a ra\u00edz del incremento de los ciberdelitos y las estafas bancarias durante la pandemia.<\/p>\n<p>&nbsp;<\/p>\n<p>Tambi\u00e9n nos detuvimos a analizar dos ramas del Derecho cada vez m\u00e1s gravitantes en las sociedades actuales: el Derecho ambiental y el Derecho inform\u00e1tico, alentando un debate en torno a una ciudadan\u00eda digital responsable que va construyendo un corpus jur\u00eddico en simult\u00e1neo con las necesidades de un siglo XXI que nos convoca a tomar conciencia sobre el mundo que viene. En muchas de estas propuestas, contamos con la participaci\u00f3n de reconocidos juristas nacionales e internacionales. A las claras, hemos desarrollado un mapa de injerencia profesional que trasciende nuestro territorio de actuaci\u00f3n.<\/p>\n<p>&nbsp;<\/p>\n<p><em><strong>\u00bfYa trabajan en la agenda 2022?<\/strong><\/em><\/p>\n<p>&nbsp;<\/p>\n<p>Por supuesto. Este a\u00f1o nos deja la vara alta en cuanto a la necesidad de sostener y mejorar los servicios y beneficios que ofrecemos a nuestros matriculados y matriculadas. Con los primeros d\u00edas de 2021, implementamos el tr\u00e1mite gratuito de la firma digital, una herramienta de suscripci\u00f3n clave para nuestro ejercicio profesional, un beneficio que se sum\u00f3 a los muchos ya en marcha, como el bols\u00edn en todos los puntos del territorio departamental, la virtualizaci\u00f3n de la biblioteca del Colegio, un whatsapp permanente con las sedes del Colegio de Abogados, el permanente servicio de t\u00e9cnicos inform\u00e1ticos, la puesta en funcionamiento del registro de instrumentos privados, la posibilidad de adquirir tecnolog\u00eda al costo y en cuotas fijas para seguir provey\u00e9ndose de dispositivos y mejorar el ejercicio profesional bajo el programa de acceso a tecnolog\u00eda, entre otros.<\/p>\n<p>&nbsp;<\/p>\n<p><img data-recalc-dims=\"1\" loading=\"lazy\" decoding=\"async\" class=\"alignnone size-large wp-image-775\" src=\"https:\/\/i0.wp.com\/cdnoticias.com\/wp-content\/uploads\/2020\/09\/Dr.-Gast%C3%B3n-Argeri-Pte.-CAA-1024x682.jpeg?resize=800%2C533&#038;ssl=1\" alt=\"\" width=\"800\" height=\"533\" srcset=\"https:\/\/i0.wp.com\/cdnoticias.com\/wp-content\/uploads\/2020\/09\/Dr.-Gast%C3%B3n-Argeri-Pte.-CAA.jpeg?resize=1024%2C682&amp;ssl=1 1024w, https:\/\/i0.wp.com\/cdnoticias.com\/wp-content\/uploads\/2020\/09\/Dr.-Gast%C3%B3n-Argeri-Pte.-CAA.jpeg?resize=300%2C200&amp;ssl=1 300w, https:\/\/i0.wp.com\/cdnoticias.com\/wp-content\/uploads\/2020\/09\/Dr.-Gast%C3%B3n-Argeri-Pte.-CAA.jpeg?resize=768%2C512&amp;ssl=1 768w, https:\/\/i0.wp.com\/cdnoticias.com\/wp-content\/uploads\/2020\/09\/Dr.-Gast%C3%B3n-Argeri-Pte.-CAA.jpeg?resize=272%2C182&amp;ssl=1 272w, https:\/\/i0.wp.com\/cdnoticias.com\/wp-content\/uploads\/2020\/09\/Dr.-Gast%C3%B3n-Argeri-Pte.-CAA.jpeg?w=1280&amp;ssl=1 1280w\" sizes=\"auto, (max-width: 800px) 100vw, 800px\" \/><\/p>\n<p>&nbsp;<\/p>\n<p>Insisto en que ninguna instituci\u00f3n avanza si no pisa sobre tierra firme y estamos convencidos de haber consolidado una gesti\u00f3n de trabajo a la luz de un desarrollo colectivo. Hacia adentro, generando la agenda que acabamos de recorrer. Hacia afuera, en di\u00e1logo con otros actores: con el Poder Judicial, con las autoridades provinciales y nacionales, toda vez que reclamamos por un mejor servicio de justicia en defensa de nuestra incumbencia profesional y de los derechos impostergables y vulnerados de la gente que acude a nosotros.<\/p>\n<p>&nbsp;<\/p>\n<p>El 2022 nos encuentra en este punto de llegada pero tambi\u00e9n nos desaf\u00eda con nuevas metas a alcanzar. El balance es sumamente positivo. Esta s\u00edntesis \u2013que solo es una peque\u00f1a parte de todo el trabajo desplegado a lo largo del a\u00f1o- tambi\u00e9n es el resultado de una decisi\u00f3n institucional de profundizar este camino y de un Colegio de profesionales que acompa\u00f1a todas estas iniciativas.<\/p>\n","protected":false},"excerpt":{"rendered":"<p>El doctor Gast\u00f3n Argeri analiz\u00f3 lo sucedido en el 2021 en la instituci\u00f3n que preside pero tambi\u00e9n habl\u00f3 de lo<\/p>\n","protected":false},"author":3,"featured_media":777,"comment_status":"closed","ping_status":"closed","sticky":false,"template":"","format":"standard","meta":{"_jetpack_memberships_contains_paid_content":false,"footnotes":""},"categories":[5,1],"tags":[],"class_list":["post-41739","post","type-post","status-publish","format-standard","has-post-thumbnail","hentry","category-informacion-general","category-portada"],"jetpack_featured_media_url":"https:\/\/i0.wp.com\/cdnoticias.com\/wp-content\/uploads\/2020\/09\/caa.jpg?fit=1280%2C854&ssl=1","jetpack_sharing_enabled":true,"_links":{"self":[{"href":"https:\/\/cdnoticias.com\/index.php\/wp-json\/wp\/v2\/posts\/41739","targetHints":{"allow":["GET"]}}],"collection":[{"href":"https:\/\/cdnoticias.com\/index.php\/wp-json\/wp\/v2\/posts"}],"about":[{"href":"https:\/\/cdnoticias.com\/index.php\/wp-json\/wp\/v2\/types\/post"}],"author":[{"embeddable":true,"href":"https:\/\/cdnoticias.com\/index.php\/wp-json\/wp\/v2\/users\/3"}],"replies":[{"embeddable":true,"href":"https:\/\/cdnoticias.com\/index.php\/wp-json\/wp\/v2\/comments?post=41739"}],"version-history":[{"count":0,"href":"https:\/\/cdnoticias.com\/index.php\/wp-json\/wp\/v2\/posts\/41739\/revisions"}],"wp:featuredmedia":[{"embeddable":true,"href":"https:\/\/cdnoticias.com\/index.php\/wp-json\/wp\/v2\/media\/777"}],"wp:attachment":[{"href":"https:\/\/cdnoticias.com\/index.php\/wp-json\/wp\/v2\/media?parent=41739"}],"wp:term":[{"taxonomy":"category","embeddable":true,"href":"https:\/\/cdnoticias.com\/index.php\/wp-json\/wp\/v2\/categories?post=41739"},{"taxonomy":"post_tag","embeddable":true,"href":"https:\/\/cdnoticias.com\/index.php\/wp-json\/wp\/v2\/tags?post=41739"}],"curies":[{"name":"wp","href":"https:\/\/api.w.org\/{rel}","templated":true}]}}