{"id":41737,"date":"2023-09-13T15:25:51","date_gmt":"2023-09-13T18:25:51","guid":{"rendered":"https:\/\/centraldeportes.com.ar\/?p=41737"},"modified":"2025-02-11T23:59:17","modified_gmt":"2025-02-12T02:59:17","slug":"ciclismo-olavarriense-libre-trabajo-en-la-pista-y-organizo-otro-festival","status":"publish","type":"post","link":"https:\/\/cdnoticias.com\/index.php\/2023\/09\/13\/ciclismo-olavarriense-libre-trabajo-en-la-pista-y-organizo-otro-festival\/","title":{"rendered":"Ciclismo Olavarriense Libre trabaj\u00f3 en la pista y organiz\u00f3 otro festival"},"content":{"rendered":"\n<div class=\"wp-block-group is-layout-constrained wp-block-group-is-layout-constrained\">\n<p>En el transcurso de la semana, la nueva agrupaci\u00f3n Ciclismo Olavarriense Libre trabaj\u00f3 en el reacondicionamiento de la pista \u201cHumberto \u00c1ngel Corradi\u201d que alberg\u00f3 un nuevo festival el pasado s\u00e1bado. Braian Vales fue el ganador de la categor\u00eda principal.<!--more--><\/p>\n<hr \/>\n<p>Gracias a la donaci\u00f3n de un amante de la actividad, la nueva agrupaci\u00f3n logr\u00f3 reacondicionar la pista para que un buen n\u00famero de deportistas de la Ciudad y la Regi\u00f3n participen de un nuevo certamen.<\/p>\n<p>\u00a0<\/p>\n<p>Braian Vales fue el ganador de la categor\u00eda principal y fue escoltado por Guido Santa Cruz y Diego Mart\u00edn.<\/p>\n<p>\u00a0<\/p>\n<ul>\n<li>\n<h6><strong>Los resultados:<\/strong><\/h6>\n<\/li>\n<\/ul>\n<p>\u00a0<\/p>\n<p><em><strong>M\u00e1ster B1 y Libre<\/strong><\/em><\/p>\n<p>1\u00b0 Braian Vales (Olavarr\u00eda)<\/p>\n<p>2\u00b0 Guido santa cruz (Olavarr\u00eda)<\/p>\n<p>3\u00b0 Diego Mart\u00edn (Olavarr\u00eda)<\/p>\n<p>4\u00b0 Nicol\u00e1s Olalde (Olavarr\u00eda)<\/p>\n<p>5\u00b0 Cristian Ortiz (Olavarr\u00eda)<\/p>\n<p>\u00a0<\/p>\n<p><em><strong>M\u00e1ster B1<\/strong><\/em><\/p>\n<p>1\u00b0 Diego Mart\u00edn (Olavarr\u00eda)<\/p>\n<p>2\u00b0 Marcos Sosa (Olavarr\u00eda)<\/p>\n<p>3\u00b0 Rub\u00e9n Valerga (Tres Arroyos)<\/p>\n<p>\u00a0<\/p>\n<p><em><strong>Promocionales<\/strong><\/em><\/p>\n<p>1\u00b0 Joel Randazzo (Olavarr\u00eda)<\/p>\n<p>2\u00b0 Ezequiel Azimonti (Azul)<\/p>\n<p>3\u00b0 Mart\u00edn Trumpio (Olavarr\u00eda)<\/p>\n<p>4\u00b0 Leandro Erripa (Olavarr\u00eda)<\/p>\n<p>5\u00b0 Hugo Trumpio (Olavarr\u00eda)<\/p>\n<p>\u00a0<\/p>\n<p><em><strong>M\u00e1ster C y B2<\/strong><\/em><\/p>\n<p>1\u00b0 Rafael Erripa (Olavarr\u00eda)<\/p>\n<p>2\u00b0 Julio C\u00e9sar Astrada (Juan J. Paso)<\/p>\n<p>3\u00b0 Oscar Valettuto (Olavarr\u00eda)<\/p>\n<p>4\u00b0 Marcos Ram\u00edrez (Olavarr\u00eda)<\/p>\n<p>5\u00b0 Marcelo Borneo (Azul)<\/p>\n<p>\u00a0<\/p>\n<p><em><strong>Damas<\/strong><\/em><\/p>\n<p>1\u00b0 Xoana Acosta (Olavarr\u00eda)<\/p>\n<\/div>\n","protected":false},"excerpt":{"rendered":"<p>En el transcurso de la semana, la nueva agrupaci\u00f3n Ciclismo Olavarriense Libre trabaj\u00f3 en el reacondicionamiento de la pista \u201cHumberto<\/p>\n","protected":false},"author":96739694,"featured_media":157383,"comment_status":"closed","ping_status":"closed","sticky":false,"template":"","format":"standard","meta":{"_jetpack_memberships_contains_paid_content":false,"footnotes":""},"categories":[30,1],"tags":[],"class_list":["post-41737","post","type-post","status-publish","format-standard","has-post-thumbnail","hentry","category-polideportivo","category-portada"],"jetpack_featured_media_url":"https:\/\/i0.wp.com\/cdnoticias.com\/wp-content\/uploads\/2023\/09\/376004676_122126661590008926_4075963686214221515_n.jpg?fit=1280%2C720&ssl=1","jetpack_sharing_enabled":true,"_links":{"self":[{"href":"https:\/\/cdnoticias.com\/index.php\/wp-json\/wp\/v2\/posts\/41737","targetHints":{"allow":["GET"]}}],"collection":[{"href":"https:\/\/cdnoticias.com\/index.php\/wp-json\/wp\/v2\/posts"}],"about":[{"href":"https:\/\/cdnoticias.com\/index.php\/wp-json\/wp\/v2\/types\/post"}],"author":[{"embeddable":true,"href":"https:\/\/cdnoticias.com\/index.php\/wp-json\/wp\/v2\/users\/96739694"}],"replies":[{"embeddable":true,"href":"https:\/\/cdnoticias.com\/index.php\/wp-json\/wp\/v2\/comments?post=41737"}],"version-history":[{"count":0,"href":"https:\/\/cdnoticias.com\/index.php\/wp-json\/wp\/v2\/posts\/41737\/revisions"}],"wp:featuredmedia":[{"embeddable":true,"href":"https:\/\/cdnoticias.com\/index.php\/wp-json\/wp\/v2\/media\/157383"}],"wp:attachment":[{"href":"https:\/\/cdnoticias.com\/index.php\/wp-json\/wp\/v2\/media?parent=41737"}],"wp:term":[{"taxonomy":"category","embeddable":true,"href":"https:\/\/cdnoticias.com\/index.php\/wp-json\/wp\/v2\/categories?post=41737"},{"taxonomy":"post_tag","embeddable":true,"href":"https:\/\/cdnoticias.com\/index.php\/wp-json\/wp\/v2\/tags?post=41737"}],"curies":[{"name":"wp","href":"https:\/\/api.w.org\/{rel}","templated":true}]}}