{"id":41657,"date":"2021-12-17T13:59:38","date_gmt":"2021-12-17T16:59:38","guid":{"rendered":"http:\/\/www.centraldenoticias.com.ar\/?p=41657"},"modified":"2021-12-17T13:59:38","modified_gmt":"2021-12-17T16:59:38","slug":"carlos-alberto-rodriguez-cornejo-q-e-p-d","status":"publish","type":"post","link":"https:\/\/cdnoticias.com\/index.php\/2021\/12\/17\/carlos-alberto-rodriguez-cornejo-q-e-p-d\/","title":{"rendered":"Carlos Alberto Rodriguez &#8220;Cornejo&#8221; (Q.E.P.D.)"},"content":{"rendered":"<p>&nbsp;<\/p>\n<p>Falleci\u00f3 en Olavarr\u00eda el d\u00eda 17 de diciembre de 2021 a los 84 a\u00f1os de edad.<\/p>\n<p>&nbsp;<\/p>\n<p>Su esposa Leticia Rodr\u00edguez. Sus hijos Gustavo y Ver\u00f3nica Rodr\u00edguez. Su hija pol\u00edtica Rosa Paterno. Sus nietos Gisela, Emilia y Pedro. Sus bisnietos. Sus hermanos. Sus hermanos pol\u00edticos. Sus sobrinos y dem\u00e1s deudos participan su fallecimiento.<\/p>\n<p>&nbsp;<\/p>\n<p>Velatorio: Espa\u00f1a 2942 departamento &#8220;D&#8221;. El velatorio se realizar\u00e1 hoy viernes de 18 a 22 horas. Sin responso. Inhumaci\u00f3n: Cementerio Loma de Paz, s\u00e1bado 18 de diciembre a las 10:30 horas. Servicio adherido a Coopelectric.<\/p>\n<p>&nbsp;<\/p>\n<p>Vecino de Barrio La Esperanza.<\/p>\n<p>&nbsp;<\/p>\n<p>Nacido en Olavarr\u00eda.<\/p>\n<p>&nbsp;<\/p>\n<p>Jubilado de Casa Bouciguez.<\/p>\n","protected":false},"excerpt":{"rendered":"<p>&nbsp; Falleci\u00f3 en Olavarr\u00eda el d\u00eda 17 de diciembre de 2021 a los 84 a\u00f1os de edad. &nbsp; Su esposa<\/p>\n","protected":false},"author":4,"featured_media":0,"comment_status":"closed","ping_status":"closed","sticky":false,"template":"","format":"standard","meta":{"_jetpack_memberships_contains_paid_content":false,"footnotes":""},"categories":[10],"tags":[],"class_list":["post-41657","post","type-post","status-publish","format-standard","hentry","category-necrologicas"],"jetpack_featured_media_url":"","jetpack_sharing_enabled":true,"_links":{"self":[{"href":"https:\/\/cdnoticias.com\/index.php\/wp-json\/wp\/v2\/posts\/41657","targetHints":{"allow":["GET"]}}],"collection":[{"href":"https:\/\/cdnoticias.com\/index.php\/wp-json\/wp\/v2\/posts"}],"about":[{"href":"https:\/\/cdnoticias.com\/index.php\/wp-json\/wp\/v2\/types\/post"}],"author":[{"embeddable":true,"href":"https:\/\/cdnoticias.com\/index.php\/wp-json\/wp\/v2\/users\/4"}],"replies":[{"embeddable":true,"href":"https:\/\/cdnoticias.com\/index.php\/wp-json\/wp\/v2\/comments?post=41657"}],"version-history":[{"count":0,"href":"https:\/\/cdnoticias.com\/index.php\/wp-json\/wp\/v2\/posts\/41657\/revisions"}],"wp:attachment":[{"href":"https:\/\/cdnoticias.com\/index.php\/wp-json\/wp\/v2\/media?parent=41657"}],"wp:term":[{"taxonomy":"category","embeddable":true,"href":"https:\/\/cdnoticias.com\/index.php\/wp-json\/wp\/v2\/categories?post=41657"},{"taxonomy":"post_tag","embeddable":true,"href":"https:\/\/cdnoticias.com\/index.php\/wp-json\/wp\/v2\/tags?post=41657"}],"curies":[{"name":"wp","href":"https:\/\/api.w.org\/{rel}","templated":true}]}}