{"id":41624,"date":"2021-12-17T09:08:22","date_gmt":"2021-12-17T12:08:22","guid":{"rendered":"http:\/\/www.centraldenoticias.com.ar\/?p=41624"},"modified":"2021-12-17T09:32:43","modified_gmt":"2021-12-17T12:32:43","slug":"detuvieron-a-un-hombre-en-microcentro-por-estafas-reiteradas","status":"publish","type":"post","link":"https:\/\/cdnoticias.com\/index.php\/2021\/12\/17\/detuvieron-a-un-hombre-en-microcentro-por-estafas-reiteradas\/","title":{"rendered":"Detuvieron a un hombre en microcentro por \u201cestafas reiteradas\u201d"},"content":{"rendered":"<p>Fue en la jornada del jueves, en plena calle. Ten\u00eda una orden de detenci\u00f3n emitida por el Juzgado de Garant\u00edas.\u00a0<!--more--><\/p>\n<hr \/>\n<p>En la jornada del jueves,<strong> personal de Comando de Patrullas junto con el personal del Gabinete de Investigaci\u00f3n de la Comisar\u00eda Primera detuvo a un hombre de 35 a\u00f1os que ten\u00eda un pedido de captura por \u201cestafas reiteradas\u201d.<\/strong><\/p>\n<p>&nbsp;<\/p>\n<p>Seg\u00fan se inform\u00f3, fue<strong> en horas de la noche en plena v\u00eda p\u00fablica, en el cruce de las calles \u00c1lvaro Barros y 9 de Julio.<\/strong> All\u00ed, interceptaron e identificaron a un hombre que, tras cruzar datos, constataron que ten\u00eda un pedido de captura por el Juzgado de Garant\u00edas N\u00b0 1 de Olavarr\u00eda y tramitado por la UFI N\u00b07 de la ciudad, a cargo del doctor Christian Url\u00e9zaga.<\/p>\n<p>&nbsp;<\/p>\n<blockquote><p>El hombre, tras ser atrapado, fue trasladado y alojado en la sede de la Comisar\u00eda Primera a disposici\u00f3n del magistrado interviniente en la causa.<\/p><\/blockquote>\n<p>&nbsp;<\/p>\n<p><strong>Se reiter\u00f3 que la causa por la que fue detenido est\u00e1 caratulada como \u201cEstafas reiteradas\u201d.<\/strong><\/p>\n","protected":false},"excerpt":{"rendered":"<p>Fue en la jornada del jueves, en plena calle. Ten\u00eda una orden de detenci\u00f3n emitida por el Juzgado de Garant\u00edas.\u00a0<\/p>\n","protected":false},"author":2,"featured_media":41625,"comment_status":"closed","ping_status":"closed","sticky":false,"template":"","format":"standard","meta":{"_jetpack_memberships_contains_paid_content":false,"footnotes":""},"categories":[14,1],"tags":[],"class_list":["post-41624","post","type-post","status-publish","format-standard","has-post-thumbnail","hentry","category-policiales","category-portada"],"jetpack_featured_media_url":"https:\/\/i0.wp.com\/cdnoticias.com\/wp-content\/uploads\/2021\/12\/pedidocaptura.jpg?fit=1261%2C701&ssl=1","jetpack_sharing_enabled":true,"_links":{"self":[{"href":"https:\/\/cdnoticias.com\/index.php\/wp-json\/wp\/v2\/posts\/41624","targetHints":{"allow":["GET"]}}],"collection":[{"href":"https:\/\/cdnoticias.com\/index.php\/wp-json\/wp\/v2\/posts"}],"about":[{"href":"https:\/\/cdnoticias.com\/index.php\/wp-json\/wp\/v2\/types\/post"}],"author":[{"embeddable":true,"href":"https:\/\/cdnoticias.com\/index.php\/wp-json\/wp\/v2\/users\/2"}],"replies":[{"embeddable":true,"href":"https:\/\/cdnoticias.com\/index.php\/wp-json\/wp\/v2\/comments?post=41624"}],"version-history":[{"count":0,"href":"https:\/\/cdnoticias.com\/index.php\/wp-json\/wp\/v2\/posts\/41624\/revisions"}],"wp:featuredmedia":[{"embeddable":true,"href":"https:\/\/cdnoticias.com\/index.php\/wp-json\/wp\/v2\/media\/41625"}],"wp:attachment":[{"href":"https:\/\/cdnoticias.com\/index.php\/wp-json\/wp\/v2\/media?parent=41624"}],"wp:term":[{"taxonomy":"category","embeddable":true,"href":"https:\/\/cdnoticias.com\/index.php\/wp-json\/wp\/v2\/categories?post=41624"},{"taxonomy":"post_tag","embeddable":true,"href":"https:\/\/cdnoticias.com\/index.php\/wp-json\/wp\/v2\/tags?post=41624"}],"curies":[{"name":"wp","href":"https:\/\/api.w.org\/{rel}","templated":true}]}}